

{"id":39356,"date":"2021-03-20T13:05:10","date_gmt":"2021-03-20T16:05:10","guid":{"rendered":"http:\/\/portalfloresnoar.com\/floresnoar\/?p=39356"},"modified":"2022-02-22T12:48:50","modified_gmt":"2022-02-22T15:48:50","slug":"canto-de-lu-mabon-tempo-de-agradecer-e-soltar","status":"publish","type":"post","link":"https:\/\/portalfloresnoar.com\/floresnoar\/canto-de-lu-mabon-tempo-de-agradecer-e-soltar\/","title":{"rendered":"[CANTO DE LU] Outono: tempo de agradecer e soltar!"},"content":{"rendered":"<p><img decoding=\"async\" loading=\"lazy\" class=\"wp-image-39360 aligncenter\" src=\"http:\/\/portalfloresnoar.com\/floresnoar\/wp-content\/uploads\/2021\/03\/Outono_Mabon-700x525.jpeg\" alt=\"\" width=\"664\" height=\"498\" srcset=\"https:\/\/portalfloresnoar.com\/floresnoar\/wp-content\/uploads\/2021\/03\/Outono_Mabon-700x525.jpeg 700w, https:\/\/portalfloresnoar.com\/floresnoar\/wp-content\/uploads\/2021\/03\/Outono_Mabon-300x225.jpeg 300w, https:\/\/portalfloresnoar.com\/floresnoar\/wp-content\/uploads\/2021\/03\/Outono_Mabon-768x576.jpeg 768w, https:\/\/portalfloresnoar.com\/floresnoar\/wp-content\/uploads\/2021\/03\/Outono_Mabon-160x120.jpeg 160w, https:\/\/portalfloresnoar.com\/floresnoar\/wp-content\/uploads\/2021\/03\/Outono_Mabon.jpeg 1280w\" sizes=\"(max-width: 664px) 100vw, 664px\" \/><\/p>\n<p>| <em>Por Lu Rabelo*<\/em> |<\/p>\n<p>Na Roda do Ano Celta, aqui no Hemisf\u00e9rio Sul (pra quem segue a Roda Sul), \u00e9 celebrado o Sabbat de Mabon, quando acontece o Equin\u00f3cio de Outono, que corresponde tamb\u00e9m \u00e0 Lua Minguante das esta\u00e7\u00f5es. Nesta data se inicia o Ano Novo Astrol\u00f3gico, quando o Sol entra em \u00c1ries, primeiro signo do zod\u00edaco.<\/p>\n<p>\u00c9 tempo de agradecer e come\u00e7ar a soltar, desapegando do que n\u00e3o serve mais, do que \u00e9 peso. Tempo de iniciar o preparo pro Inverno, abrindo espa\u00e7o pro que precisa chegar.<\/p>\n<p>Neste momento de Equin\u00f3cio, quando dia e noite t\u00eam a mesma dura\u00e7\u00e3o, os hemisf\u00e9rios Norte e Sul recebem a mesma quantidade de luz, promovendo um equil\u00edbrio entre luz e sombra.<\/p>\n<p>A Natureza, com sua Sabedoria, nos ensina que, assim como as folhas caem para se iniciar um novo ciclo, o mesmo acontece em n\u00f3s, que devemos compreender e acolher o final dos ciclos, nos preparando para o novo.<\/p>\n<p>Temos agido de forma coerente no pensar, falar e agir? Estamos atuando com respeito a n\u00f3s mesmos e a todos os seres? Estamos vivendo de forma aut\u00eantica e fazendo escolhas alinhadas com quem somos?<\/p>\n<p>Que possamos aproveitar este momento para refletir sobre o que plantamos e colhemos, e agradecer pelas vit\u00f3rias conquistadas, assim como pelos aprendizados trazidos atrav\u00e9s dos desafios que vivenciamos no \u00faltimo ano.<\/p>\n<p>Este v\u00edrus que assola o planeta, nos mostra claramente que estamos todos conectados, e que as a\u00e7\u00f5es individuais se refletem no coletivo. Vamos aproveitar este momento t\u00e3o desafiador para compreendermos que somos todos correspons\u00e1veis por tudo que nos acontece, e que \u00e9 preciso desprendimento, confian\u00e7a e coragem para amar.<\/p>\n<p><em>* Lu Rabelo\u00a0\u00e9\u00a0<a href=\"https:\/\/www.facebook.com\/cantadeiralu\" target=\"_blank\" rel=\"noopener\">cantadeira<\/a>, <a href=\"https:\/\/www.instagram.com\/jardimarteterapeutico\/\" target=\"_blank\" rel=\"noopener\">arteterapeuta<\/a>, jornalista e editora do <a href=\"http:\/\/portalfloresnoar.com\/\" target=\"_blank\" rel=\"noopener\">Portal Flores no Ar.<\/a><\/em><\/p>\n","protected":false},"excerpt":{"rendered":"<p>| Por Lu Rabelo* | Na Roda do Ano Celta, aqui no Hemisf\u00e9rio Sul (pra quem segue a Roda Sul), \u00e9 celebrado o Sabbat de Mabon, quando acontece o Equin\u00f3cio de Outono, que corresponde tamb\u00e9m \u00e0 Lua Minguante das esta\u00e7\u00f5es. Nesta data se inicia o Ano Novo Astrol\u00f3gico, quando o Sol entra em \u00c1ries, primeiro [&hellip;]<\/p>\n","protected":false},"author":1,"featured_media":39360,"comment_status":"open","ping_status":"open","sticky":false,"template":"","format":"standard","meta":{"om_disable_all_campaigns":false,"_monsterinsights_skip_tracking":false,"_monsterinsights_sitenote_active":false,"_monsterinsights_sitenote_note":"","_monsterinsights_sitenote_category":0,"footnotes":""},"categories":[227,220],"tags":[388,1009,871,931],"acf":[],"publishpress_future_action":{"enabled":false,"date":"1969-12-31 21:00:00","action":"","terms":[],"taxonomy":"","browser_timezone_offset":0},"_links":{"self":[{"href":"https:\/\/portalfloresnoar.com\/floresnoar\/wp-json\/wp\/v2\/posts\/39356"}],"collection":[{"href":"https:\/\/portalfloresnoar.com\/floresnoar\/wp-json\/wp\/v2\/posts"}],"about":[{"href":"https:\/\/portalfloresnoar.com\/floresnoar\/wp-json\/wp\/v2\/types\/post"}],"author":[{"embeddable":true,"href":"https:\/\/portalfloresnoar.com\/floresnoar\/wp-json\/wp\/v2\/users\/1"}],"replies":[{"embeddable":true,"href":"https:\/\/portalfloresnoar.com\/floresnoar\/wp-json\/wp\/v2\/comments?post=39356"}],"version-history":[{"count":0,"href":"https:\/\/portalfloresnoar.com\/floresnoar\/wp-json\/wp\/v2\/posts\/39356\/revisions"}],"wp:featuredmedia":[{"embeddable":true,"href":"https:\/\/portalfloresnoar.com\/floresnoar\/wp-json\/wp\/v2\/media\/39360"}],"wp:attachment":[{"href":"https:\/\/portalfloresnoar.com\/floresnoar\/wp-json\/wp\/v2\/media?parent=39356"}],"wp:term":[{"taxonomy":"category","embeddable":true,"href":"https:\/\/portalfloresnoar.com\/floresnoar\/wp-json\/wp\/v2\/categories?post=39356"},{"taxonomy":"post_tag","embeddable":true,"href":"https:\/\/portalfloresnoar.com\/floresnoar\/wp-json\/wp\/v2\/tags?post=39356"}],"curies":[{"name":"wp","href":"https:\/\/api.w.org\/{rel}","templated":true}]}}