

{"id":39354,"date":"2021-03-17T13:55:33","date_gmt":"2021-03-17T16:55:33","guid":{"rendered":"http:\/\/portalfloresnoar.com\/floresnoar\/?p=39354"},"modified":"2022-02-22T12:58:50","modified_gmt":"2022-02-22T15:58:50","slug":"canto-de-lu-memorias-digitais","status":"publish","type":"post","link":"https:\/\/portalfloresnoar.com\/floresnoar\/canto-de-lu-memorias-digitais\/","title":{"rendered":"[CANTO DE LU] Mem\u00f3rias digitais"},"content":{"rendered":"<figure id=\"attachment_39362\" aria-describedby=\"caption-attachment-39362\" style=\"width: 657px\" class=\"wp-caption aligncenter\"><img decoding=\"async\" loading=\"lazy\" class=\" wp-image-39362\" src=\"http:\/\/portalfloresnoar.com\/floresnoar\/wp-content\/uploads\/2021\/03\/memorias-digitais-700x525.jpeg\" alt=\"\" width=\"657\" height=\"493\" srcset=\"https:\/\/portalfloresnoar.com\/floresnoar\/wp-content\/uploads\/2021\/03\/memorias-digitais-700x525.jpeg 700w, https:\/\/portalfloresnoar.com\/floresnoar\/wp-content\/uploads\/2021\/03\/memorias-digitais-300x225.jpeg 300w, https:\/\/portalfloresnoar.com\/floresnoar\/wp-content\/uploads\/2021\/03\/memorias-digitais-768x576.jpeg 768w, https:\/\/portalfloresnoar.com\/floresnoar\/wp-content\/uploads\/2021\/03\/memorias-digitais-160x120.jpeg 160w, https:\/\/portalfloresnoar.com\/floresnoar\/wp-content\/uploads\/2021\/03\/memorias-digitais.jpeg 1032w\" sizes=\"(max-width: 657px) 100vw, 657px\" \/><figcaption id=\"caption-attachment-39362\" class=\"wp-caption-text\">Foto: Banco de Imagens\/ Flores no Ar<\/figcaption><\/figure>\n<p>| <em>Por Lu Rabelo*<\/em> |<\/p>\n<p>O HD do meu notebook n\u00e3o abre mais. V\u00e1rios HDs dentro deste HD.<br \/>\nMem\u00f3rias digitais de muitos anos passados foram perdidas.<br \/>\nFotos, v\u00eddeos, textos, sonhos, cantos, pessoas, bichos, casas&#8230;<br \/>\nNem quero ficar lembrando do tanto que tinha l\u00e1 e que n\u00e3o t\u00e1 na nuvem.<br \/>\nMas lembrei agora do \u00e1udio inusitado de painho mantrando <em>Om Mani Padme Hum<\/em>.<br \/>\nE nem sei se tenho mais alguma foto de Vaquinha, minha cachorrinha meteora.<br \/>\nP\u00f3s este \u2018delete\u2019 involunt\u00e1rio, sinto um &#8216;reset&#8217; em mim.<br \/>\nEstranhamente me sinto mais leve.<br \/>\nE t\u00e1 tudo em mim.<\/p>\n<p><em>(Sol, Netuno, V\u00eanus e Merc\u00fario em Peixes, na minha Casa 3 | Lua Nova em Peixes)<\/em><\/p>\n<p><em>* Lu Rabelo\u00a0\u00e9\u00a0<a href=\"https:\/\/www.facebook.com\/cantadeiralu\" target=\"_blank\" rel=\"noopener\">cantadeira<\/a>, <a href=\"https:\/\/www.instagram.com\/jardimarteterapeutico\/\" target=\"_blank\" rel=\"noopener\">arteterapeuta<\/a>, jornalista e editora do <a href=\"http:\/\/portalfloresnoar.com\/\" target=\"_blank\" rel=\"noopener\">Portal Flores no Ar.<\/a><\/em><\/p>\n","protected":false},"excerpt":{"rendered":"<p>| Por Lu Rabelo* | O HD do meu notebook n\u00e3o abre mais. V\u00e1rios HDs dentro deste HD. Mem\u00f3rias digitais de muitos anos passados foram perdidas. Fotos, v\u00eddeos, textos, sonhos, cantos, pessoas, bichos, casas&#8230; Nem quero ficar lembrando do tanto que tinha l\u00e1 e que n\u00e3o t\u00e1 na nuvem. Mas lembrei agora do \u00e1udio inusitado [&hellip;]<\/p>\n","protected":false},"author":1,"featured_media":39362,"comment_status":"open","ping_status":"open","sticky":false,"template":"","format":"standard","meta":{"om_disable_all_campaigns":false,"_monsterinsights_skip_tracking":false,"_monsterinsights_sitenote_active":false,"_monsterinsights_sitenote_note":"","_monsterinsights_sitenote_category":0,"footnotes":""},"categories":[227,220],"tags":[136,19,660],"acf":[],"publishpress_future_action":{"enabled":false,"date":"1969-12-31 21:00:00","action":"","terms":[],"taxonomy":"","browser_timezone_offset":0},"_links":{"self":[{"href":"https:\/\/portalfloresnoar.com\/floresnoar\/wp-json\/wp\/v2\/posts\/39354"}],"collection":[{"href":"https:\/\/portalfloresnoar.com\/floresnoar\/wp-json\/wp\/v2\/posts"}],"about":[{"href":"https:\/\/portalfloresnoar.com\/floresnoar\/wp-json\/wp\/v2\/types\/post"}],"author":[{"embeddable":true,"href":"https:\/\/portalfloresnoar.com\/floresnoar\/wp-json\/wp\/v2\/users\/1"}],"replies":[{"embeddable":true,"href":"https:\/\/portalfloresnoar.com\/floresnoar\/wp-json\/wp\/v2\/comments?post=39354"}],"version-history":[{"count":0,"href":"https:\/\/portalfloresnoar.com\/floresnoar\/wp-json\/wp\/v2\/posts\/39354\/revisions"}],"wp:featuredmedia":[{"embeddable":true,"href":"https:\/\/portalfloresnoar.com\/floresnoar\/wp-json\/wp\/v2\/media\/39362"}],"wp:attachment":[{"href":"https:\/\/portalfloresnoar.com\/floresnoar\/wp-json\/wp\/v2\/media?parent=39354"}],"wp:term":[{"taxonomy":"category","embeddable":true,"href":"https:\/\/portalfloresnoar.com\/floresnoar\/wp-json\/wp\/v2\/categories?post=39354"},{"taxonomy":"post_tag","embeddable":true,"href":"https:\/\/portalfloresnoar.com\/floresnoar\/wp-json\/wp\/v2\/tags?post=39354"}],"curies":[{"name":"wp","href":"https:\/\/api.w.org\/{rel}","templated":true}]}}