

{"id":39345,"date":"2021-03-19T13:15:35","date_gmt":"2021-03-19T16:15:35","guid":{"rendered":"http:\/\/portalfloresnoar.com\/floresnoar\/?p=39345"},"modified":"2022-03-04T11:13:40","modified_gmt":"2022-03-04T14:13:40","slug":"estudos-astrologicos-o-sol-ingressa-em-aries-marcando-inicio-do-ano-novo-astrologico","status":"publish","type":"post","link":"https:\/\/portalfloresnoar.com\/floresnoar\/estudos-astrologicos-o-sol-ingressa-em-aries-marcando-inicio-do-ano-novo-astrologico\/","title":{"rendered":"[ARTIGO] O Sol ingressa em \u00c1ries, marcando in\u00edcio do Ano Novo Astrol\u00f3gico"},"content":{"rendered":"<figure id=\"attachment_39348\" aria-describedby=\"caption-attachment-39348\" style=\"width: 646px\" class=\"wp-caption aligncenter\"><img decoding=\"async\" loading=\"lazy\" class=\"wp-image-39348\" src=\"http:\/\/portalfloresnoar.com\/floresnoar\/wp-content\/uploads\/2021\/03\/sol-em-aries-novo-ano-astrologico_foto-pixabay-free.jpg\" alt=\"\" width=\"646\" height=\"361\" srcset=\"https:\/\/portalfloresnoar.com\/floresnoar\/wp-content\/uploads\/2021\/03\/sol-em-aries-novo-ano-astrologico_foto-pixabay-free.jpg 720w, https:\/\/portalfloresnoar.com\/floresnoar\/wp-content\/uploads\/2021\/03\/sol-em-aries-novo-ano-astrologico_foto-pixabay-free-300x168.jpg 300w, https:\/\/portalfloresnoar.com\/floresnoar\/wp-content\/uploads\/2021\/03\/sol-em-aries-novo-ano-astrologico_foto-pixabay-free-700x391.jpg 700w\" sizes=\"(max-width: 646px) 100vw, 646px\" \/><figcaption id=\"caption-attachment-39348\" class=\"wp-caption-text\">Imagem de <a href=\"https:\/\/pixabay.com\/pt\/users\/geralt-9301\/?utm_source=link-attribution&amp;utm_medium=referral&amp;utm_campaign=image&amp;utm_content=111315\">Gerd Altmann<\/a> por <a href=\"https:\/\/pixabay.com\/pt\/?utm_source=link-attribution&amp;utm_medium=referral&amp;utm_campaign=image&amp;utm_content=111315\">Pixabay<\/a><\/figcaption><\/figure>\n<p>|<em> Da Reda\u00e7\u00e3o Flores no Ar<\/em> |<\/p>\n<p>Neste dia 20 de mar\u00e7o de 2021, o Sol ingressa no en\u00e9rgico e impulsivo Signo de \u00c1ries. A configura\u00e7\u00e3o celeste marca o in\u00edcio do Ano Novo Astrol\u00f3gico, e tamb\u00e9m o Equin\u00f3cio de Outono, c\u00e1 no Hemisf\u00e9rio Sul.<\/p>\n<p>Primeiro signo da roda zodiacal, do elemento Fogo e energia cardinal (iniciadora), \u00c1ries \u00e9 regido pelo ativo planeta Marte, o guerreiro do zod\u00edaco, e traz caracter\u00edsticas de determina\u00e7\u00e3o, coragem, entusiasmo, vitalidade, pioneirismo, conquista.<\/p>\n<p>&#8220;O signo de \u00c1ries, simboliza o fogo inicial da Cria\u00e7\u00e3o, o impulso da Aventura.\u00a0A entrada do Sol em \u00c1ries inaugura, portanto, um ciclo em que o Cosmos nos convoca \u00e0 aventura, ao arriscar-se, ao lan\u00e7ar-se. Temos a mais prop\u00edcia \u00e9poca para iniciar novos projetos, lan\u00e7ar novas sementes ou mesmo reativar velhos projetos que andavam meio adormecidos&#8221;, declara o astr\u00f3logo <a href=\"http:\/\/haroldobarros.com\/\" target=\"_blank\" rel=\"noopener\">Haroldo Barros<\/a>.<\/p>\n<p>A astr\u00f3loga <a href=\"http:\/\/www.aastrologa.com.br\/\" target=\"_blank\" rel=\"noopener\">Aline Maccari<\/a> explica que este novo ciclo se inicia sob marcas astrol\u00f3gicas importantes. &#8220;No c\u00e9u, J\u00fapiter e Saturno em Aqu\u00e1rio insistem em afirmar que estamos atravessando quest\u00f5es de import\u00e2ncia coletiva e pol\u00edtica. Durante o ano inteiro estaremos \u00e0s voltas com toda a problem\u00e1tica da Covid e seus desdobramentos no mundo. Saturno estar\u00e1 em aspecto tenso com Urano nos falando de trabalho, economia, sobre a desestrutura\u00e7\u00e3o das institui\u00e7\u00f5es e a necessidade de surgirem novos padr\u00f5es que estruturem a vida social. Por isso veremos um combate exaustivo em 2021, do velho contra o novo&#8221;.<\/p>\n<p>Neste per\u00edodo de tanta incerteza, ainda mais no Brasil, onde, al\u00e9m da pandemia, temos \u00e0 frente da Presid\u00eancia da Na\u00e7\u00e3o um ser completamente desequilibrado, que age com as qualidades sombrias de \u00c1ries, como o ego\u00edsmo, a impaci\u00eancia, a insensibilidade, o descontrole e a agressividade, precisamos acionar em n\u00f3s as qualidades positivas deste signo para agirmos com coragem e determina\u00e7\u00e3o, em dire\u00e7\u00e3o ao bem coletivo.<\/p>\n<figure id=\"attachment_39352\" aria-describedby=\"caption-attachment-39352\" style=\"width: 210px\" class=\"wp-caption alignleft\"><img decoding=\"async\" loading=\"lazy\" class=\"wp-image-39352\" src=\"http:\/\/portalfloresnoar.com\/floresnoar\/wp-content\/uploads\/2021\/03\/estrela-de-sete-pontas.gif\" alt=\"\" width=\"210\" height=\"210\" \/><figcaption id=\"caption-attachment-39352\" class=\"wp-caption-text\">Estrela de sete pontas sum\u00e9ria<\/figcaption><\/figure>\n<p><strong>REG\u00caNCIA DO NOVO ANO ASTROL\u00d3GICO<\/strong><br \/>\nAlguns astr\u00f3logos consideram que cada novo ano \u00e9 regido por um dos sete astros da Astrologia Antiga. Seguindo a estrela de sete pontas sum\u00e9ria, o ano passado foi regido pelo Sol e este novo ano ser\u00e1 regido pelo planeta V\u00eanus.<\/p>\n<p>&#8220;Se o Sol, no ano astrol\u00f3gico anterior, revelou o que estava oculto, V\u00eanus vem nos desafiar a buscar o equil\u00edbrio por meio da suavidade e do belo, evocando a necessidade de equil\u00edbrio, harmonia, bem-estar, deleite, relacionamento e conforto. O ano astrol\u00f3gico regido por V\u00eanus favorece aquele que busca amar e ser amado; a imprimir beleza em tudo o que faz; a encontrar satisfa\u00e7\u00e3o em cada passo de sua vida&#8221;, informa o alquimista <a href=\"https:\/\/alquimiaoperativa.com\/\" target=\"_blank\" rel=\"noopener\">Dani\u00e9l Fid\u00e9lis<\/a>, acrescentando que V\u00eanus tamb\u00e9m\u00a0encerra aspectos menos agrad\u00e1veis, manifestando-se na vida de todo aquele que negligencia a busca da amorosidade, do belo e do equil\u00edbrio: desilus\u00f5es ou decep\u00e7\u00f5es nas mais variadas \u00e1reas. &#8220;O Planeta V\u00eanus n\u00e3o \u00e9 favor\u00e1vel para aqueles que gostam de competir em tudo e sempre se comparam aos demais.\u00a0V\u00eanus desfavorece, impiedosamente, a quem nutre sentimentos de inveja&#8221;.<\/p>\n<p>A astr\u00f3loga <a href=\"https:\/\/www.youtube.com\/channel\/UCpr-5UMRg5LdZzsUsTKwbSw\" target=\"_blank\" rel=\"noopener\">D\u00e9bora Mechica<\/a> lembra, entretanto, que, al\u00e9m da reg\u00eancia anual, estamos tamb\u00e9m sob a reg\u00eancia de um ciclo maior de 36 anos, que desde 2017 vem tendo Saturno como regente. &#8220;Desde ent\u00e3o, estamos sentindo uma maior limita\u00e7\u00e3o, uma for\u00e7a mais saturnina em cima de n\u00f3s, nos impondo uma energia mais restritiva (&#8230;) Saturno tem o papel de ceifar, limitar, pra que a gente sinta falta, pra que a gente valorize&#8221;.<\/p>\n<p>D\u00e9bora ressalta que este \u00e9 um ano para prestar aten\u00e7\u00e3o em todas as coisas de valor que a gente tem que, quando perdidas, nos fazem falta e a\u00ed percebemos o valor que aquilo tinha. &#8220;\u00c9 importante tamb\u00e9m cumprir o seu pr\u00f3prio papel no mundo, valorizando o que voc\u00ea constr\u00f3i, sua capacidade, sua criatividade&#8221;.<\/p>\n<p>Segundo a astr\u00f3loga, este ciclo convida-nos, ainda, para avaliar o que estamos acumulando, tanto a n\u00edvel material quanto emocional, e fazer uma limpeza para seguirmos mais leves. &#8220;Quanto mais a gente limpa, desapega, se liberta de algumas cargas, mais abertos estaremos para novas experi\u00eancias&#8221;, declara D\u00e9bora.<\/p>\n<p>&nbsp;<\/p>\n","protected":false},"excerpt":{"rendered":"<p>| Da Reda\u00e7\u00e3o Flores no Ar | Neste dia 20 de mar\u00e7o de 2021, o Sol ingressa no en\u00e9rgico e impulsivo Signo de \u00c1ries. A configura\u00e7\u00e3o celeste marca o in\u00edcio do Ano Novo Astrol\u00f3gico, e tamb\u00e9m o Equin\u00f3cio de Outono, c\u00e1 no Hemisf\u00e9rio Sul. Primeiro signo da roda zodiacal, do elemento Fogo e energia cardinal [&hellip;]<\/p>\n","protected":false},"author":1,"featured_media":39348,"comment_status":"open","ping_status":"open","sticky":false,"template":"","format":"standard","meta":{"om_disable_all_campaigns":false,"_monsterinsights_skip_tracking":false,"_monsterinsights_sitenote_active":false,"_monsterinsights_sitenote_note":"","_monsterinsights_sitenote_category":0,"footnotes":""},"categories":[10],"tags":[388,1122,499,18,786,787],"acf":[],"publishpress_future_action":{"enabled":false,"date":"1969-12-31 21:00:00","action":"","terms":[],"taxonomy":"","browser_timezone_offset":0},"_links":{"self":[{"href":"https:\/\/portalfloresnoar.com\/floresnoar\/wp-json\/wp\/v2\/posts\/39345"}],"collection":[{"href":"https:\/\/portalfloresnoar.com\/floresnoar\/wp-json\/wp\/v2\/posts"}],"about":[{"href":"https:\/\/portalfloresnoar.com\/floresnoar\/wp-json\/wp\/v2\/types\/post"}],"author":[{"embeddable":true,"href":"https:\/\/portalfloresnoar.com\/floresnoar\/wp-json\/wp\/v2\/users\/1"}],"replies":[{"embeddable":true,"href":"https:\/\/portalfloresnoar.com\/floresnoar\/wp-json\/wp\/v2\/comments?post=39345"}],"version-history":[{"count":0,"href":"https:\/\/portalfloresnoar.com\/floresnoar\/wp-json\/wp\/v2\/posts\/39345\/revisions"}],"wp:featuredmedia":[{"embeddable":true,"href":"https:\/\/portalfloresnoar.com\/floresnoar\/wp-json\/wp\/v2\/media\/39348"}],"wp:attachment":[{"href":"https:\/\/portalfloresnoar.com\/floresnoar\/wp-json\/wp\/v2\/media?parent=39345"}],"wp:term":[{"taxonomy":"category","embeddable":true,"href":"https:\/\/portalfloresnoar.com\/floresnoar\/wp-json\/wp\/v2\/categories?post=39345"},{"taxonomy":"post_tag","embeddable":true,"href":"https:\/\/portalfloresnoar.com\/floresnoar\/wp-json\/wp\/v2\/tags?post=39345"}],"curies":[{"name":"wp","href":"https:\/\/api.w.org\/{rel}","templated":true}]}}