

{"id":39337,"date":"2021-01-17T15:26:44","date_gmt":"2021-01-17T18:26:44","guid":{"rendered":"http:\/\/portalfloresnoar.com\/floresnoar\/?p=39337"},"modified":"2021-04-17T11:47:06","modified_gmt":"2021-04-17T14:47:06","slug":"agenda-workshop-on-line-o-quadrante-hermetico-e-o-tarot-dia-84-com-moises-barreto","status":"publish","type":"post","link":"https:\/\/portalfloresnoar.com\/floresnoar\/agenda-workshop-on-line-o-quadrante-hermetico-e-o-tarot-dia-84-com-moises-barreto\/","title":{"rendered":"[AGENDA] Workshop on-line &#8216;O Quadrante Herm\u00e9tico e o Tarot&#8217;, dia 8\/4, com Mois\u00e9s Barreto"},"content":{"rendered":"<p><img decoding=\"async\" loading=\"lazy\" class=\"wp-image-39338 aligncenter\" src=\"http:\/\/portalfloresnoar.com\/floresnoar\/wp-content\/uploads\/2021\/03\/tarot-e-hermetismo-700x700.jpeg\" alt=\"\" width=\"524\" height=\"524\" srcset=\"https:\/\/portalfloresnoar.com\/floresnoar\/wp-content\/uploads\/2021\/03\/tarot-e-hermetismo-700x700.jpeg 700w, https:\/\/portalfloresnoar.com\/floresnoar\/wp-content\/uploads\/2021\/03\/tarot-e-hermetismo-150x150.jpeg 150w, https:\/\/portalfloresnoar.com\/floresnoar\/wp-content\/uploads\/2021\/03\/tarot-e-hermetismo-300x300.jpeg 300w, https:\/\/portalfloresnoar.com\/floresnoar\/wp-content\/uploads\/2021\/03\/tarot-e-hermetismo-768x768.jpeg 768w, https:\/\/portalfloresnoar.com\/floresnoar\/wp-content\/uploads\/2021\/03\/tarot-e-hermetismo-100x100.jpeg 100w, https:\/\/portalfloresnoar.com\/floresnoar\/wp-content\/uploads\/2021\/03\/tarot-e-hermetismo.jpeg 1080w\" sizes=\"(max-width: 524px) 100vw, 524px\" \/><\/p>\n<p>A Carcar\u00e1 Escola de Tarot promove, no dia 8 de abril de 2021, o workshop &#8216;O Quadrante Herm\u00e9tico e o Tarot&#8217;, com o estudioso de Hermetismo Mois\u00e9s Barreto.\u00a0 O encontro ser\u00e1 on-line, das 19h30 \u00e0s 21h30.<\/p>\n<p>&#8220;O workshop abordar\u00e1 as rela\u00e7\u00f5es entre os Princ\u00edpios Herm\u00e9ticos e o Tarot, onde estudaremos sobre quatro princ\u00edpios universais e como eles interagem no universo do Tarot, como rota de autoconhecimento e ferramenta m\u00e1gico-operativa. Iremos tamb\u00e9m realizar tr\u00eas exerc\u00edcios meditativos, usando os arcanos d&#8217;O Mago, d&#8217;O Mundo e d&#8217;A Estrela. Ser\u00e1 uma viv\u00eancia imersiva, inici\u00e1tica e espiritual. Ao final, abriremos uma roda de di\u00e1logo para partilhar percep\u00e7\u00f5es e inspira\u00e7\u00f5es&#8221;, explica Mois\u00e9s, acrescentando que autores como Papus, G.O. MEBES e Jos\u00e9 La\u00e9rcio do Egito ser\u00e3o as fontes de inspira\u00e7\u00e3o na viv\u00eancia.<\/p>\n<p><strong>PROGRAMA\u00c7\u00c3O<\/strong><\/p>\n<ul>\n<li>Leis Herm\u00e9ticas no plano da a\u00e7\u00e3o. (O Mago)<\/li>\n<li>Acuidade Perceptiva, Concentra\u00e7\u00e3o Mental e Harmoniza\u00e7\u00e3o interior (O Mundo).<\/li>\n<li>A Luz de \u00cdsis brilhando no c\u00e9u do ser (A estrela).<\/li>\n<\/ul>\n<p>FACILITADOR<br \/>\n<strong>Mois\u00e9s Barreto<\/strong> \u00e9 pedagogo, educador, poeta, radiestesista, reikiano Usui N\u00edvel I,II e III, reikiano Karuna N\u00edvel I, terapeuta de Frequ\u00eancias de Luz, construtor de metodologias de criatividade pedag\u00f3gica e forma\u00e7\u00e3o humana, instrutor de medita\u00e7\u00e3o, percussionista, estudante de hermetismo V.\u00b4.O.\u00b4.H Autor do m\u00e9todo do Escrita Plena Cria\u00e7\u00e3o Textual e Forma\u00e7\u00e3o Humana, terapeuta da Palavra, estudante Rosacruz AMORC e Og\u00e3.<\/p>\n<p>SERVI\u00c7O<br \/>\n<strong>Workshop On-line &#8216;O Quadrante Herm\u00e9tico e o Tarot&#8217;<\/strong><br \/>\n<strong>Data:<\/strong> 08\/04\/2021 (quinta-feira)<br \/>\n<strong>Hora:<\/strong> 19h30 \u00e0s 21h30<br \/>\n<strong>Investimento:\u00a0<\/strong> R$ 150,00 (p\u00fablico geral |\u00a0R$ 100,00 (alunos da Carcar\u00e1)<\/p>\n<p><strong>INSCRI\u00c7\u00d5ES E MAIS INFORMA\u00c7\u00d5ES:<\/strong><br \/>\n<strong>Fone\/ Zap:<\/strong> (81) 99634.5003<br \/>\n<strong>E-mail:<\/strong> carcaratarot@gmail.com<br \/>\n<strong>Instagram:<\/strong> <a href=\"https:\/\/www.instagram.com\/carcaratarot\/\" target=\"_blank\" rel=\"noopener\">@carcaratarot<\/a><\/p>\n","protected":false},"excerpt":{"rendered":"<p>A Carcar\u00e1 Escola de Tarot promove, no dia 8 de abril de 2021, o workshop &#8216;O Quadrante Herm\u00e9tico e o Tarot&#8217;, com o estudioso de Hermetismo Mois\u00e9s Barreto.\u00a0 O encontro ser\u00e1 on-line, das 19h30 \u00e0s 21h30. &#8220;O workshop abordar\u00e1 as rela\u00e7\u00f5es entre os Princ\u00edpios Herm\u00e9ticos e o Tarot, onde estudaremos sobre quatro princ\u00edpios universais e [&hellip;]<\/p>\n","protected":false},"author":1,"featured_media":39342,"comment_status":"open","ping_status":"open","sticky":false,"template":"","format":"standard","meta":{"om_disable_all_campaigns":false,"_monsterinsights_skip_tracking":false,"_monsterinsights_sitenote_active":false,"_monsterinsights_sitenote_note":"","_monsterinsights_sitenote_category":0,"footnotes":""},"categories":[8,214],"tags":[1007,1008,296,86],"acf":[],"publishpress_future_action":{"enabled":false,"date":"1969-12-31 21:00:00","action":"","terms":[],"taxonomy":"","browser_timezone_offset":0},"_links":{"self":[{"href":"https:\/\/portalfloresnoar.com\/floresnoar\/wp-json\/wp\/v2\/posts\/39337"}],"collection":[{"href":"https:\/\/portalfloresnoar.com\/floresnoar\/wp-json\/wp\/v2\/posts"}],"about":[{"href":"https:\/\/portalfloresnoar.com\/floresnoar\/wp-json\/wp\/v2\/types\/post"}],"author":[{"embeddable":true,"href":"https:\/\/portalfloresnoar.com\/floresnoar\/wp-json\/wp\/v2\/users\/1"}],"replies":[{"embeddable":true,"href":"https:\/\/portalfloresnoar.com\/floresnoar\/wp-json\/wp\/v2\/comments?post=39337"}],"version-history":[{"count":0,"href":"https:\/\/portalfloresnoar.com\/floresnoar\/wp-json\/wp\/v2\/posts\/39337\/revisions"}],"wp:featuredmedia":[{"embeddable":true,"href":"https:\/\/portalfloresnoar.com\/floresnoar\/wp-json\/wp\/v2\/media\/39342"}],"wp:attachment":[{"href":"https:\/\/portalfloresnoar.com\/floresnoar\/wp-json\/wp\/v2\/media?parent=39337"}],"wp:term":[{"taxonomy":"category","embeddable":true,"href":"https:\/\/portalfloresnoar.com\/floresnoar\/wp-json\/wp\/v2\/categories?post=39337"},{"taxonomy":"post_tag","embeddable":true,"href":"https:\/\/portalfloresnoar.com\/floresnoar\/wp-json\/wp\/v2\/tags?post=39337"}],"curies":[{"name":"wp","href":"https:\/\/api.w.org\/{rel}","templated":true}]}}