

{"id":39331,"date":"2021-03-10T13:00:17","date_gmt":"2021-03-10T16:00:17","guid":{"rendered":"http:\/\/portalfloresnoar.com\/floresnoar\/?p=39331"},"modified":"2021-03-10T13:00:17","modified_gmt":"2021-03-10T16:00:17","slug":"ja-que-tudo-e-um-aprendizado-espiritual-que-tal-trabalhar-a-resiliencia","status":"publish","type":"post","link":"https:\/\/portalfloresnoar.com\/floresnoar\/ja-que-tudo-e-um-aprendizado-espiritual-que-tal-trabalhar-a-resiliencia\/","title":{"rendered":"&#8220;J\u00e1 que tudo \u00e9 um aprendizado espiritual, que tal trabalhar a resili\u00eancia?&#8221;"},"content":{"rendered":"<figure id=\"attachment_39332\" aria-describedby=\"caption-attachment-39332\" style=\"width: 516px\" class=\"wp-caption aligncenter\"><img decoding=\"async\" loading=\"lazy\" class=\" wp-image-39332\" src=\"http:\/\/portalfloresnoar.com\/floresnoar\/wp-content\/uploads\/2021\/03\/crowd-people-wearing-face-masks_freepik.jpg\" alt=\"\" width=\"516\" height=\"344\" srcset=\"https:\/\/portalfloresnoar.com\/floresnoar\/wp-content\/uploads\/2021\/03\/crowd-people-wearing-face-masks_freepik.jpg 626w, https:\/\/portalfloresnoar.com\/floresnoar\/wp-content\/uploads\/2021\/03\/crowd-people-wearing-face-masks_freepik-300x200.jpg 300w\" sizes=\"(max-width: 516px) 100vw, 516px\" \/><figcaption id=\"caption-attachment-39332\" class=\"wp-caption-text\"><a href=\"https:\/\/www.freepik.com\/vectors\/people\">People vector created by pikisuperstar &#8211; www.freepik.com<\/a><\/figcaption><\/figure>\n<p>|<em> Por Shiguemi Belmont*<\/em> |<\/p>\n<p>Quase duas mil mortes por dia e parece que isso n\u00e3o importa. Desabafo.<\/p>\n<p>Eu queria escrever para o pessoal &#8216;namast\u00ea-confio e agrade\u00e7o-negacionista&#8217;, que acha que seguir os protocolos contra a Covid \u00e9 pura demonstra\u00e7\u00e3o de medo.<\/p>\n<p>Deixa eu dizer uma coisa: ter medo \u00e9 bom, sabia? \u00c9 o medo que faz com que a gente n\u00e3o ande em lugares ermos, que nos protege de animais pe\u00e7onhentos, que nos impede de sermos arrogantes diante de muitas situa\u00e7\u00f5es.<\/p>\n<p>O medo s\u00f3 n\u00e3o \u00e9 bom quando ele paralisa. Seguir as recomenda\u00e7\u00f5es contra a Covid, de todos os \u00f3rg\u00e3os sanit\u00e1rios do mundo, n\u00e3o \u00e9 uma demonstra\u00e7\u00e3o de medo, mas sim (ou tamb\u00e9m e sobretudo) de cuidado. Seguir os protocolos de seguran\u00e7a n\u00e3o \u00e9 parar a vida, mas sim adapt\u00e1-la a uma nova realidade para que mais pessoas n\u00e3o morram.<\/p>\n<p>Por mais que voc\u00ea tenha prazer em velocidade, por exemplo, voc\u00ea n\u00e3o pode pegar um carro e dirigir a 180km\/h, pois isso coloca a vida de outras pessoas em risco.<\/p>\n<p>&#8216;Ah, mas eu quero ter liberdade para fazer o que quiser da minha vida e assumo o risco de morrer num acidente&#8217;. N\u00e3o, alecrim dourado, n\u00e3o. \u00c9 o tipo de atitude que coloca outras pessoas em risco tamb\u00e9m, por isso voc\u00ea n\u00e3o tem liberdade para isso. A mesma coisa \u00e9 com o uso da &#8216;pohan&#8217; da m\u00e1scara! \u00c9 desconfort\u00e1vel, faz calor, exige mais esfor\u00e7o para falar, mas precisa ser usada para n\u00e3o colocar outras pessoas em risco (se \u00e9 que sua quest\u00e3o \u00e9 que voc\u00ea assume seu risco de se infectar).<\/p>\n<p>&#8216;Ah, mas e o \u00e1lcool em gel que irrita a pele?&#8217; Sim, em excesso ou para algumas pessoas mais sens\u00edveis, irrita sim. A\u00ed voc\u00ea coloca umas gotinhas de \u00f3leo essencial de Lavanda, beb\u00ea. Ajuda na hidrata\u00e7\u00e3o e minimiza os riscos para sua pele. Redu\u00e7\u00e3o de danos que se chama.<\/p>\n<p>&#8216;Ah, mas as pessoas est\u00e3o morrendo de depress\u00e3o trancadas em casa&#8217;. A\u00ed tocou num ponto realmente importante e que merece aten\u00e7\u00e3o. Que tal localizarmos estas pessoas que est\u00e3o ao nosso redor e tentar ajud\u00e1-las? Voc\u00ea j\u00e1 fez isso?<\/p>\n<p>Agora, veja s\u00f3, no \u00faltimo ano tivemos umas 260 mil pessoas que morreram de Covid s\u00f3 no Brasil, sem considerar as subnotifica\u00e7\u00f5es. Eu te garanto que o n\u00famero de pessoas que morreram de depress\u00e3o no mesmo per\u00edodo n\u00e3o chega nem perto deste, muito menos das quase duas mil mortes das \u00faltimas 24h.<\/p>\n<p>E se voc\u00ea confia na sua imunidade, nas suas ora\u00e7\u00f5es, na sua \u00f3tima alimenta\u00e7\u00e3o e etc., \u00f3timo! Fico feliz, de verdade, porque a\u00ed voc\u00ea n\u00e3o sofre, n\u00e3o \u00e9? E quanto menos pessoas sofrendo neste planeta, melhor. Mas esta confian\u00e7a toda, veja s\u00f3, serve \u00fanica e exclusivamente para voc\u00ea. \u00c9 a SUA verdade, mas n\u00e3o a de toda a sociedade. A maioria das pessoas nem tem acesso a uma boa qualidade de vida, muito menos \u00e0 Homeopatia, aos Florais ou aos rem\u00e9dios antropos\u00f3ficos que a gente toma. Ent\u00e3o, que tal pensarmos no TODO, com toda sua diversidade (e adversidades)?<\/p>\n<p>E j\u00e1 que tudo \u00e9 um aprendizado espiritual, que tal trabalhar a resili\u00eancia? Manter o distanciamento, usar m\u00e1scaras, \u00e1lcool gel, isolamento de infectados&#8230; nada disso me deixa feliz ou me d\u00e1 prazer. Mas \u00e9 o que temos pra hoje, e temos os exemplos da Austr\u00e1lia e da Nova Zel\u00e2ndia para mostrar que isso realmente d\u00e1 certo.<\/p>\n<p>Passe a observar a m\u00e1scara mais como aliada do que como inimiga, veja que bom exerc\u00edcio de medita\u00e7\u00e3o! Quanto mais a gente usar, por menos tempo precisaremos usar. Quanto mais a gente se isolar, menos tempo para isso terminar.<\/p>\n<p>&#8216;Ah, mas \u00e9 porque virou discuss\u00e3o pol\u00edtica&#8217;. Alecrim, tudo \u00e9 pol\u00edtica. O fato de voc\u00ea n\u00e3o ler not\u00edcias de jornal, n\u00e3o votar ou n\u00e3o apoiar x candidato, n\u00e3o faz com que eles n\u00e3o existam. E tamb\u00e9m n\u00e3o muda o fato de termos um despresidente que todos os dias faz de tudo para que mais pessoas morram de Covid. Hoje podemos a redu\u00e7\u00e3o de casos que um governo minimamente comprometido com a vida est\u00e1 fazendo nos EUA. Portanto, discutir a pandemia \u00e9 discutir pol\u00edtica sim.<\/p>\n<p>Por fim, quero dizer que se a ideia \u00e9 ficar bem, lembro que, numa situa\u00e7\u00e3o como esta, s\u00f3 estaremos bem de verdade dentro do pensar e agir para todos.<\/p>\n<p>Vamos gastar nossa energia e evolu\u00e7\u00e3o espiritual (se \u00e9 que temos alguma) para minimizar os riscos, em todos os aspectos. Mas n\u00e3o para aument\u00e1-los e tornar as coisas piores do que j\u00e1 est\u00e3o.<\/p>\n<p><em>* Shiguemi Belmont \u00e9 antrop\u00f3loga e terapeuta Floral, com forma\u00e7\u00e3o tamb\u00e9m em Constela\u00e7\u00e3o Sist\u00eamica, Biomagnetismo e idealizadora da Dente de Le\u00e3o Produtos Naturais. Atualmente est\u00e1 atendendo on-line e trabalha em casa na produ\u00e7\u00e3o de compostos florais e arom\u00e1ticos para fins terap\u00eauticos.<\/em><\/p>\n<p><strong>CONTATOS (Instagram)<\/strong><br \/>\n<a href=\"https:\/\/www.instagram.com\/shiguemiterapiassistemicas\/\" target=\"_blank\" rel=\"noopener\">@shiguemiterapiassistemicas<\/a><br \/>\n<a href=\"https:\/\/www.instagram.com\/dentedeleao.loja\/\" target=\"_blank\" rel=\"noopener\">@dentedeleao.loja<\/a><\/p>\n","protected":false},"excerpt":{"rendered":"<p>| Por Shiguemi Belmont* | Quase duas mil mortes por dia e parece que isso n\u00e3o importa. Desabafo. Eu queria escrever para o pessoal &#8216;namast\u00ea-confio e agrade\u00e7o-negacionista&#8217;, que acha que seguir os protocolos contra a Covid \u00e9 pura demonstra\u00e7\u00e3o de medo. Deixa eu dizer uma coisa: ter medo \u00e9 bom, sabia? \u00c9 o medo que [&hellip;]<\/p>\n","protected":false},"author":1,"featured_media":39332,"comment_status":"open","ping_status":"open","sticky":false,"template":"","format":"standard","meta":{"om_disable_all_campaigns":false,"_monsterinsights_skip_tracking":false,"_monsterinsights_sitenote_active":false,"_monsterinsights_sitenote_note":"","_monsterinsights_sitenote_category":0,"footnotes":""},"categories":[10],"tags":[499,1004,1006,1005],"acf":[],"publishpress_future_action":{"enabled":false,"date":"1969-12-31 21:00:00","action":"","terms":[],"taxonomy":"","browser_timezone_offset":0},"_links":{"self":[{"href":"https:\/\/portalfloresnoar.com\/floresnoar\/wp-json\/wp\/v2\/posts\/39331"}],"collection":[{"href":"https:\/\/portalfloresnoar.com\/floresnoar\/wp-json\/wp\/v2\/posts"}],"about":[{"href":"https:\/\/portalfloresnoar.com\/floresnoar\/wp-json\/wp\/v2\/types\/post"}],"author":[{"embeddable":true,"href":"https:\/\/portalfloresnoar.com\/floresnoar\/wp-json\/wp\/v2\/users\/1"}],"replies":[{"embeddable":true,"href":"https:\/\/portalfloresnoar.com\/floresnoar\/wp-json\/wp\/v2\/comments?post=39331"}],"version-history":[{"count":0,"href":"https:\/\/portalfloresnoar.com\/floresnoar\/wp-json\/wp\/v2\/posts\/39331\/revisions"}],"wp:featuredmedia":[{"embeddable":true,"href":"https:\/\/portalfloresnoar.com\/floresnoar\/wp-json\/wp\/v2\/media\/39332"}],"wp:attachment":[{"href":"https:\/\/portalfloresnoar.com\/floresnoar\/wp-json\/wp\/v2\/media?parent=39331"}],"wp:term":[{"taxonomy":"category","embeddable":true,"href":"https:\/\/portalfloresnoar.com\/floresnoar\/wp-json\/wp\/v2\/categories?post=39331"},{"taxonomy":"post_tag","embeddable":true,"href":"https:\/\/portalfloresnoar.com\/floresnoar\/wp-json\/wp\/v2\/tags?post=39331"}],"curies":[{"name":"wp","href":"https:\/\/api.w.org\/{rel}","templated":true}]}}