

{"id":3933,"date":"2021-07-09T05:16:14","date_gmt":"2021-07-09T08:16:14","guid":{"rendered":"http:\/\/portalfloresnoar.com\/floresnoar\/?p=3933"},"modified":"2021-07-09T10:44:02","modified_gmt":"2021-07-09T13:44:02","slug":"so-um-grito-um-canto-ou-um-assovio-que-sai-aqui-do-peito-e-se-manifesta-no-papel-a-galeria-flores-no-ar-compartilha-os-desenhos-de-rafaela-vasconcellos","status":"publish","type":"post","link":"https:\/\/portalfloresnoar.com\/floresnoar\/so-um-grito-um-canto-ou-um-assovio-que-sai-aqui-do-peito-e-se-manifesta-no-papel-a-galeria-flores-no-ar-compartilha-os-desenhos-de-rafaela-vasconcellos\/","title":{"rendered":"&#8216;S\u00f3 um grito, um canto ou um assovio que sai aqui do peito e se manifesta no papel&#8217;. A Galeria Flores no Ar compartilha os desenhos de Rafaela Vasconcellos!"},"content":{"rendered":"<p><img decoding=\"async\" loading=\"lazy\" class=\"alignleft size-medium wp-image-3934\" title=\"rafalela vasconcellos\" src=\"http:\/\/portalfloresnoar.com\/floresnoar\/wp-content\/uploads\/2012\/11\/rafalela-vasconcellos-300x196.jpg\" alt=\"\" width=\"300\" height=\"196\" srcset=\"https:\/\/portalfloresnoar.com\/floresnoar\/wp-content\/uploads\/2012\/11\/rafalela-vasconcellos-300x196.jpg 300w, https:\/\/portalfloresnoar.com\/floresnoar\/wp-content\/uploads\/2012\/11\/rafalela-vasconcellos-150x98.jpg 150w, https:\/\/portalfloresnoar.com\/floresnoar\/wp-content\/uploads\/2012\/11\/rafalela-vasconcellos-400x261.jpg 400w, https:\/\/portalfloresnoar.com\/floresnoar\/wp-content\/uploads\/2012\/11\/rafalela-vasconcellos.jpg 552w\" sizes=\"(max-width: 300px) 100vw, 300px\" \/><\/p>\n<p><em>Por <a href=\"https:\/\/www.instagram.com\/rafaz_desenha\/\" target=\"_blank\" rel=\"noopener\">Rafaela Vasconcellos<\/a><\/em><\/p>\n<p><em>(Post publicado em agosto de 2014)<\/em><\/p>\n<p>Eu sempre gostei de desenhar, desde pequena. Pegava a caneta e o caderno de fiado do com\u00e9rcio dos meus pais e passava as tardes rabiscando tudo por l\u00e1, ou ent\u00e3o com um peda\u00e7o de pau na terra \u00famida da minha rua. Tudo num processo muito \u00edntimo, eu comigo. Nunca mostrava a ningu\u00e9m, nunca senti necessidade disso, na verdade. Simplesmente dava vas\u00e3o ao que brotava em mim (mesmo sem entender direito o que era). Eu s\u00f3 deixava sair, deixava ser&#8230; e me aliviava.<\/p>\n<p>Do ano passado pra c\u00e1, depois que eu ganhei canetinhas de nanquim e um caderno de desenho de presentes, foi que comecei a mostrar meus rabiscos pras pessoas. E da seguinte maneira: passei a presentar meus amigos com um desenho. Quando algu\u00e9m <img decoding=\"async\" loading=\"lazy\" class=\"alignright size-medium wp-image-3935\" title=\"rafaela1\" src=\"http:\/\/portalfloresnoar.com\/floresnoar\/wp-content\/uploads\/2012\/11\/rafaela1-300x206.jpg\" alt=\"\" width=\"300\" height=\"206\" srcset=\"https:\/\/portalfloresnoar.com\/floresnoar\/wp-content\/uploads\/2012\/11\/rafaela1-300x206.jpg 300w, https:\/\/portalfloresnoar.com\/floresnoar\/wp-content\/uploads\/2012\/11\/rafaela1-150x103.jpg 150w, https:\/\/portalfloresnoar.com\/floresnoar\/wp-content\/uploads\/2012\/11\/rafaela1-400x275.jpg 400w, https:\/\/portalfloresnoar.com\/floresnoar\/wp-content\/uploads\/2012\/11\/rafaela1.jpg 960w\" sizes=\"(max-width: 300px) 100vw, 300px\" \/>que eu gosto faz anivers\u00e1rio, eu escolho uma foto dele(a) e desenho! No come\u00e7o, eu mandava por e-mail, mas, depois, com a alegria que as pessoas pareciam receber aquele meu carinho despretensioso, passei a publicar os desenhos diretamente no facebook, quase numa esp\u00e9cie de declara\u00e7\u00e3o p\u00fablica de afeto ou homenagem mesmo a pessoas que me s\u00e3o muito queridas.<\/p>\n<p>Minha inten\u00e7\u00e3o n\u00e3o \u00e9 de reproduzir a pessoa em si \u2013 at\u00e9 porque eu nem tenho essa habilidade \u2013, e sim um pouco da atmosfera da cena em que ela est\u00e1, de alguma forma. Assim \u00e9 que cada desenho meu tem uma hist\u00f3ria de rela\u00e7\u00e3o por tr\u00e1s.<br \/>\n<img decoding=\"async\" loading=\"lazy\" class=\"alignleft size-medium wp-image-3936\" title=\"o choro da flanelinha\" src=\"http:\/\/portalfloresnoar.com\/floresnoar\/wp-content\/uploads\/2012\/11\/o-choro-da-flanelinha-215x300.jpg\" alt=\"\" width=\"215\" height=\"300\" srcset=\"https:\/\/portalfloresnoar.com\/floresnoar\/wp-content\/uploads\/2012\/11\/o-choro-da-flanelinha-215x300.jpg 215w, https:\/\/portalfloresnoar.com\/floresnoar\/wp-content\/uploads\/2012\/11\/o-choro-da-flanelinha-107x150.jpg 107w, https:\/\/portalfloresnoar.com\/floresnoar\/wp-content\/uploads\/2012\/11\/o-choro-da-flanelinha-400x556.jpg 400w, https:\/\/portalfloresnoar.com\/floresnoar\/wp-content\/uploads\/2012\/11\/o-choro-da-flanelinha.jpg 690w\" sizes=\"(max-width: 215px) 100vw, 215px\" \/><\/p>\n<p>&nbsp;<\/p>\n<p>&nbsp;<\/p>\n<p>Quando Luciana me convidou para divulgar meus desenhos aqui, fiquei muito feliz e surpresa, porque nunca considerei que fazia arte ou que tivesse \u201cobras\u201d. Me sinto muito presa a um referente. S\u00f3 desenho olhando o que est\u00e1 ao meu redor ou a partir de alguma foto. E tudo num olhar muito relacionado com o jogo do preto e branco. Desenhar colorido tem sido um desafio pra mim nos \u00faltimos tempos, depois que ganhei pastel e aquarela. Ver os tra\u00e7os em cores me parece um movimento lento de uma cortina felpuda se descortinando na minha frente e revelando mundos outros. E me permite ficar desnuda, sem pudores, para ver meu tra\u00e7o mais livre. \u00c9 o que tem acontecido no \u00faltimo m\u00eas, com o meu movimento de desenhar sonhos ou sentimentos muito fortes. Num fluxo despreocupado com t\u00e9cnicas, formas, estilos. S\u00f3 um grito, um canto ou um assovio que sai aqui do peito e se manifesta no papel.<\/p>\n<p><em>Confira mais lindezas de Rafaela Vasconcellos:<\/em><\/p>\n<p style=\"text-align: center;\"><img decoding=\"async\" loading=\"lazy\" class=\"aligncenter wp-image-3937\" title=\"a lua, o vento, o tempo\" src=\"http:\/\/portalfloresnoar.com\/floresnoar\/wp-content\/uploads\/2012\/11\/a-lua-o-vento-o-tempo.jpg\" alt=\"\" width=\"622\" height=\"605\" srcset=\"https:\/\/portalfloresnoar.com\/floresnoar\/wp-content\/uploads\/2012\/11\/a-lua-o-vento-o-tempo.jpg 960w, https:\/\/portalfloresnoar.com\/floresnoar\/wp-content\/uploads\/2012\/11\/a-lua-o-vento-o-tempo-300x291.jpg 300w, https:\/\/portalfloresnoar.com\/floresnoar\/wp-content\/uploads\/2012\/11\/a-lua-o-vento-o-tempo-150x145.jpg 150w, https:\/\/portalfloresnoar.com\/floresnoar\/wp-content\/uploads\/2012\/11\/a-lua-o-vento-o-tempo-400x389.jpg 400w\" sizes=\"(max-width: 622px) 100vw, 622px\" \/><\/p>\n<p style=\"text-align: center;\"><img decoding=\"async\" loading=\"lazy\" class=\"aligncenter wp-image-3938\" title=\"rafalela3\" src=\"http:\/\/portalfloresnoar.com\/floresnoar\/wp-content\/uploads\/2012\/11\/rafalela3.jpg\" alt=\"\" width=\"634\" height=\"503\" srcset=\"https:\/\/portalfloresnoar.com\/floresnoar\/wp-content\/uploads\/2012\/11\/rafalela3.jpg 960w, https:\/\/portalfloresnoar.com\/floresnoar\/wp-content\/uploads\/2012\/11\/rafalela3-300x237.jpg 300w, https:\/\/portalfloresnoar.com\/floresnoar\/wp-content\/uploads\/2012\/11\/rafalela3-150x118.jpg 150w, https:\/\/portalfloresnoar.com\/floresnoar\/wp-content\/uploads\/2012\/11\/rafalela3-400x317.jpg 400w\" sizes=\"(max-width: 634px) 100vw, 634px\" \/><\/p>\n<p style=\"text-align: center;\"><img decoding=\"async\" loading=\"lazy\" class=\"aligncenter wp-image-3939\" title=\"rafalela2\" src=\"http:\/\/portalfloresnoar.com\/floresnoar\/wp-content\/uploads\/2012\/11\/rafalela2.jpg\" alt=\"\" width=\"605\" height=\"429\" srcset=\"https:\/\/portalfloresnoar.com\/floresnoar\/wp-content\/uploads\/2012\/11\/rafalela2.jpg 960w, https:\/\/portalfloresnoar.com\/floresnoar\/wp-content\/uploads\/2012\/11\/rafalela2-300x213.jpg 300w, https:\/\/portalfloresnoar.com\/floresnoar\/wp-content\/uploads\/2012\/11\/rafalela2-150x106.jpg 150w, https:\/\/portalfloresnoar.com\/floresnoar\/wp-content\/uploads\/2012\/11\/rafalela2-400x284.jpg 400w\" sizes=\"(max-width: 605px) 100vw, 605px\" \/><\/p>\n<p style=\"text-align: center;\"><img decoding=\"async\" loading=\"lazy\" class=\"aligncenter wp-image-3940\" title=\"rafaela5\" src=\"http:\/\/portalfloresnoar.com\/floresnoar\/wp-content\/uploads\/2012\/11\/rafaela5.jpg\" alt=\"\" width=\"672\" height=\"483\" srcset=\"https:\/\/portalfloresnoar.com\/floresnoar\/wp-content\/uploads\/2012\/11\/rafaela5.jpg 960w, https:\/\/portalfloresnoar.com\/floresnoar\/wp-content\/uploads\/2012\/11\/rafaela5-300x215.jpg 300w, https:\/\/portalfloresnoar.com\/floresnoar\/wp-content\/uploads\/2012\/11\/rafaela5-150x107.jpg 150w, https:\/\/portalfloresnoar.com\/floresnoar\/wp-content\/uploads\/2012\/11\/rafaela5-400x287.jpg 400w\" sizes=\"(max-width: 672px) 100vw, 672px\" \/><\/p>\n<p style=\"text-align: center;\"><img decoding=\"async\" loading=\"lazy\" class=\"aligncenter wp-image-3942\" title=\"mujeres e luzes na noite\" src=\"http:\/\/portalfloresnoar.com\/floresnoar\/wp-content\/uploads\/2012\/11\/mujeres-e-luzes-na-noite.jpg\" alt=\"\" width=\"672\" height=\"484\" srcset=\"https:\/\/portalfloresnoar.com\/floresnoar\/wp-content\/uploads\/2012\/11\/mujeres-e-luzes-na-noite.jpg 960w, https:\/\/portalfloresnoar.com\/floresnoar\/wp-content\/uploads\/2012\/11\/mujeres-e-luzes-na-noite-300x215.jpg 300w, https:\/\/portalfloresnoar.com\/floresnoar\/wp-content\/uploads\/2012\/11\/mujeres-e-luzes-na-noite-150x107.jpg 150w, https:\/\/portalfloresnoar.com\/floresnoar\/wp-content\/uploads\/2012\/11\/mujeres-e-luzes-na-noite-400x287.jpg 400w\" sizes=\"(max-width: 672px) 100vw, 672px\" \/><\/p>\n<p style=\"text-align: center;\"><img decoding=\"async\" loading=\"lazy\" class=\"aligncenter wp-image-3943\" title=\"mi abuela\" src=\"http:\/\/portalfloresnoar.com\/floresnoar\/wp-content\/uploads\/2012\/11\/mi-abuela.jpg\" alt=\"\" width=\"672\" height=\"484\" srcset=\"https:\/\/portalfloresnoar.com\/floresnoar\/wp-content\/uploads\/2012\/11\/mi-abuela.jpg 960w, https:\/\/portalfloresnoar.com\/floresnoar\/wp-content\/uploads\/2012\/11\/mi-abuela-300x215.jpg 300w, https:\/\/portalfloresnoar.com\/floresnoar\/wp-content\/uploads\/2012\/11\/mi-abuela-150x107.jpg 150w, https:\/\/portalfloresnoar.com\/floresnoar\/wp-content\/uploads\/2012\/11\/mi-abuela-400x287.jpg 400w\" sizes=\"(max-width: 672px) 100vw, 672px\" \/><\/p>\n","protected":false},"excerpt":{"rendered":"<p>Por Rafaela Vasconcellos (Post publicado em agosto de 2014) Eu sempre gostei de desenhar, desde pequena. Pegava a caneta e o caderno de fiado do com\u00e9rcio dos meus pais e passava as tardes rabiscando tudo por l\u00e1, ou ent\u00e3o com um peda\u00e7o de pau na terra \u00famida da minha rua. Tudo num processo muito \u00edntimo, [&hellip;]<\/p>\n","protected":false},"author":1,"featured_media":3944,"comment_status":"open","ping_status":"open","sticky":false,"template":"","format":"standard","meta":{"om_disable_all_campaigns":false,"_monsterinsights_skip_tracking":false,"_monsterinsights_sitenote_active":false,"_monsterinsights_sitenote_note":"","_monsterinsights_sitenote_category":0,"footnotes":""},"categories":[12],"tags":[44,89],"acf":[],"publishpress_future_action":{"enabled":false,"date":"1969-12-31 21:00:00","action":"","terms":[],"taxonomy":"","browser_timezone_offset":0},"_links":{"self":[{"href":"https:\/\/portalfloresnoar.com\/floresnoar\/wp-json\/wp\/v2\/posts\/3933"}],"collection":[{"href":"https:\/\/portalfloresnoar.com\/floresnoar\/wp-json\/wp\/v2\/posts"}],"about":[{"href":"https:\/\/portalfloresnoar.com\/floresnoar\/wp-json\/wp\/v2\/types\/post"}],"author":[{"embeddable":true,"href":"https:\/\/portalfloresnoar.com\/floresnoar\/wp-json\/wp\/v2\/users\/1"}],"replies":[{"embeddable":true,"href":"https:\/\/portalfloresnoar.com\/floresnoar\/wp-json\/wp\/v2\/comments?post=3933"}],"version-history":[{"count":0,"href":"https:\/\/portalfloresnoar.com\/floresnoar\/wp-json\/wp\/v2\/posts\/3933\/revisions"}],"wp:featuredmedia":[{"embeddable":true,"href":"https:\/\/portalfloresnoar.com\/floresnoar\/wp-json\/wp\/v2\/media\/3944"}],"wp:attachment":[{"href":"https:\/\/portalfloresnoar.com\/floresnoar\/wp-json\/wp\/v2\/media?parent=3933"}],"wp:term":[{"taxonomy":"category","embeddable":true,"href":"https:\/\/portalfloresnoar.com\/floresnoar\/wp-json\/wp\/v2\/categories?post=3933"},{"taxonomy":"post_tag","embeddable":true,"href":"https:\/\/portalfloresnoar.com\/floresnoar\/wp-json\/wp\/v2\/tags?post=3933"}],"curies":[{"name":"wp","href":"https:\/\/api.w.org\/{rel}","templated":true}]}}