

{"id":39243,"date":"2021-07-20T13:43:42","date_gmt":"2021-07-20T16:43:42","guid":{"rendered":"http:\/\/portalfloresnoar.com\/floresnoar\/?p=39243"},"modified":"2022-02-22T12:44:11","modified_gmt":"2022-02-22T15:44:11","slug":"canto-de-lu-sobre-nomes-e-sobrenomes","status":"publish","type":"post","link":"https:\/\/portalfloresnoar.com\/floresnoar\/canto-de-lu-sobre-nomes-e-sobrenomes\/","title":{"rendered":"[CANTO DE LU] Sobre nomes e sobrenomes"},"content":{"rendered":"<figure id=\"attachment_39459\" aria-describedby=\"caption-attachment-39459\" style=\"width: 515px\" class=\"wp-caption aligncenter\"><img decoding=\"async\" loading=\"lazy\" class=\"wp-image-39459\" src=\"http:\/\/portalfloresnoar.com\/floresnoar\/wp-content\/uploads\/2021\/04\/Luciana-Carmen.jpeg\" alt=\"\" width=\"515\" height=\"352\" srcset=\"https:\/\/portalfloresnoar.com\/floresnoar\/wp-content\/uploads\/2021\/04\/Luciana-Carmen.jpeg 1280w, https:\/\/portalfloresnoar.com\/floresnoar\/wp-content\/uploads\/2021\/04\/Luciana-Carmen-300x205.jpeg 300w, https:\/\/portalfloresnoar.com\/floresnoar\/wp-content\/uploads\/2021\/04\/Luciana-Carmen-768x524.jpeg 768w, https:\/\/portalfloresnoar.com\/floresnoar\/wp-content\/uploads\/2021\/04\/Luciana-Carmen-700x478.jpeg 700w\" sizes=\"(max-width: 515px) 100vw, 515px\" \/><figcaption id=\"caption-attachment-39459\" class=\"wp-caption-text\">Eu<\/figcaption><\/figure>\n<p>| <em>Por Luciana Carmen*<\/em> |<\/p>\n<p>Luciana Carmen. Meu nome, sem sobrenome.<\/p>\n<p>Recentemente, senti vontade de experimentar n\u00e3o usar sobrenome. Voltar a me apresentar como Luciana Carmen, assim como era quando eu respondia a chamada na escola, antes de entrar na faculdade e assinar Rabelo.<\/p>\n<p>Sinto que assumir o meu pr\u00f3prio nome sem sobrenomes \u00e9 uma forma de honrar toda a minha ancestralidade, sem privilegiar uma ou outra linhagem, e tamb\u00e9m de assumir minha identidade, de forma energeticamente mais livre.<\/p>\n<p>Logo que decidi isso, lembrei que minha av\u00f3 paterna se chamava Joana Luiza de Jesus, a m\u00e3e dela, minha bisav\u00f3, Luiza Maria da Concei\u00e7\u00e3o, e a minha trisav\u00f3 Raimunda Maria de Jesus. Todas tr\u00eas sem sobrenome formal!<\/p>\n<p>Mainha que botou meu nome. O Carmen acho que foi uma homenagem dela a ela mesma, que se chama Maria do Carmo. Carmo: Carma, Jardim F\u00e9rtil. Carmen: poema, can\u00e7\u00e3o, melodia. Luci: Luz. Ana (nome de minha bisav\u00f3 materna): aben\u00e7oada, cheia de Gra\u00e7a, que tem compaix\u00e3o.<\/p>\n<p>Minhas duas av\u00f3s se chamam Joana. Ambas do Paje\u00fa. A materna, de S\u00e3o Jos\u00e9 do Egito, e a paterna de Carnaubeira da Penha.<\/p>\n<p>Os sobrenomes que tenho registrados em meu nome s\u00e3o Rabelo e Oliveira. Rabelo vem da fam\u00edlia do meu av\u00f4 materno, e Oliveira do meu av\u00f4 paterno. Ou seja, ambos v\u00eam do lado masculino, evid\u00eancias do sistema patriarcal.<\/p>\n<p>Dia desses, num curso on-line de palha\u00e7aria feminina, percebemos que quase todas as nordestinas da turma tinham nomes compostos. \u00c9 cultural esse neg\u00f3cio de botar dois nomes fortes, tipo Patr\u00edcia Regina, Cl\u00e1udia L\u00facia, Adalzira \u00c2ngela, Susana Jana\u00edna, Luciana Carmen, Luana Regina, e tantas Marias.<\/p>\n<p><em>* Luciana Carmen, mais conhecida como\u00a0Lu Rabelo, \u00e9\u00a0<a href=\"https:\/\/www.facebook.com\/cantadeiralu\" target=\"_blank\" rel=\"noopener\">cantadeira<\/a>, <a href=\"https:\/\/www.instagram.com\/jardimarteterapeutico\/\" target=\"_blank\" rel=\"noopener\">arteterapeuta<\/a>, jornalista e editora do <a href=\"http:\/\/portalfloresnoar.com\/\" target=\"_blank\" rel=\"noopener\">Portal Flores no Ar.<\/a><\/em><\/p>\n","protected":false},"excerpt":{"rendered":"<p>| Por Luciana Carmen* | Luciana Carmen. Meu nome, sem sobrenome. Recentemente, senti vontade de experimentar n\u00e3o usar sobrenome. Voltar a me apresentar como Luciana Carmen, assim como era quando eu respondia a chamada na escola, antes de entrar na faculdade e assinar Rabelo. Sinto que assumir o meu pr\u00f3prio nome sem sobrenomes \u00e9 uma [&hellip;]<\/p>\n","protected":false},"author":1,"featured_media":39459,"comment_status":"open","ping_status":"open","sticky":false,"template":"","format":"standard","meta":{"om_disable_all_campaigns":false,"_monsterinsights_skip_tracking":false,"_monsterinsights_sitenote_active":false,"_monsterinsights_sitenote_note":"","_monsterinsights_sitenote_category":0,"footnotes":""},"categories":[227,220],"tags":[172,136,19,138],"acf":[],"publishpress_future_action":{"enabled":false,"date":"1969-12-31 21:00:00","action":"","terms":[],"taxonomy":"","browser_timezone_offset":0},"_links":{"self":[{"href":"https:\/\/portalfloresnoar.com\/floresnoar\/wp-json\/wp\/v2\/posts\/39243"}],"collection":[{"href":"https:\/\/portalfloresnoar.com\/floresnoar\/wp-json\/wp\/v2\/posts"}],"about":[{"href":"https:\/\/portalfloresnoar.com\/floresnoar\/wp-json\/wp\/v2\/types\/post"}],"author":[{"embeddable":true,"href":"https:\/\/portalfloresnoar.com\/floresnoar\/wp-json\/wp\/v2\/users\/1"}],"replies":[{"embeddable":true,"href":"https:\/\/portalfloresnoar.com\/floresnoar\/wp-json\/wp\/v2\/comments?post=39243"}],"version-history":[{"count":0,"href":"https:\/\/portalfloresnoar.com\/floresnoar\/wp-json\/wp\/v2\/posts\/39243\/revisions"}],"wp:featuredmedia":[{"embeddable":true,"href":"https:\/\/portalfloresnoar.com\/floresnoar\/wp-json\/wp\/v2\/media\/39459"}],"wp:attachment":[{"href":"https:\/\/portalfloresnoar.com\/floresnoar\/wp-json\/wp\/v2\/media?parent=39243"}],"wp:term":[{"taxonomy":"category","embeddable":true,"href":"https:\/\/portalfloresnoar.com\/floresnoar\/wp-json\/wp\/v2\/categories?post=39243"},{"taxonomy":"post_tag","embeddable":true,"href":"https:\/\/portalfloresnoar.com\/floresnoar\/wp-json\/wp\/v2\/tags?post=39243"}],"curies":[{"name":"wp","href":"https:\/\/api.w.org\/{rel}","templated":true}]}}