

{"id":39194,"date":"2021-01-08T12:38:37","date_gmt":"2021-01-08T15:38:37","guid":{"rendered":"http:\/\/portalfloresnoar.com\/floresnoar\/?p=39194"},"modified":"2021-03-10T13:07:41","modified_gmt":"2021-03-10T16:07:41","slug":"mini-curso-on-line-jornada-de-psique-no-tarot-mitologico-dia-83","status":"publish","type":"post","link":"https:\/\/portalfloresnoar.com\/floresnoar\/mini-curso-on-line-jornada-de-psique-no-tarot-mitologico-dia-83\/","title":{"rendered":"[AGENDA] Mini-curso on-line &#8216;Jornada da Psiqu\u00e9 no Tarot Mitol\u00f3gico&#8217;, dia 8\/3"},"content":{"rendered":"<p><img decoding=\"async\" loading=\"lazy\" class=\"wp-image-39195 aligncenter\" src=\"http:\/\/portalfloresnoar.com\/floresnoar\/wp-content\/uploads\/2021\/02\/curso-tarot-mitologico-700x700.jpeg\" alt=\"\" width=\"463\" height=\"463\" srcset=\"https:\/\/portalfloresnoar.com\/floresnoar\/wp-content\/uploads\/2021\/02\/curso-tarot-mitologico-700x700.jpeg 700w, https:\/\/portalfloresnoar.com\/floresnoar\/wp-content\/uploads\/2021\/02\/curso-tarot-mitologico-150x150.jpeg 150w, https:\/\/portalfloresnoar.com\/floresnoar\/wp-content\/uploads\/2021\/02\/curso-tarot-mitologico-300x300.jpeg 300w, https:\/\/portalfloresnoar.com\/floresnoar\/wp-content\/uploads\/2021\/02\/curso-tarot-mitologico-768x768.jpeg 768w, https:\/\/portalfloresnoar.com\/floresnoar\/wp-content\/uploads\/2021\/02\/curso-tarot-mitologico-100x100.jpeg 100w, https:\/\/portalfloresnoar.com\/floresnoar\/wp-content\/uploads\/2021\/02\/curso-tarot-mitologico.jpeg 1080w\" sizes=\"(max-width: 463px) 100vw, 463px\" \/><\/p>\n<p>A Carcar\u00e1 Escola de Tarot promove, no dia 8 de mar\u00e7o de 2021, das 19h30 \u00e0s 21h30, o mini-curso on-line &#8216;A Jornada da Psiqu\u00e9 no Tar\u00f4 Mitol\u00f3gico&#8217;, com a tar\u00f3loga Irene Sousa.<\/p>\n<p>&#8220;A rela\u00e7\u00e3o de Psiqu\u00e9 com Eros e com Afrodite &#8211; e com ela mesma &#8211; nos leva a pensar nas cartas do tar\u00f4 como uma viagem que em qualquer parada, qualquer jornada, qualquer paisagem possamos ter a percep\u00e7\u00e3o dos sinais, dos arqu\u00e9tipos, dos s\u00edmbolos, da intui\u00e7\u00e3o e das rela\u00e7\u00f5es pessoais. Neste mini-curso, vamos nessa jornada de Psiqu\u00e9 no Naipe de Copas percorrer o mito e sua rela\u00e7\u00e3o com o tarot&#8221;, explica Irene.<\/p>\n<p><strong>Mini-curso on-line &#8216;A Jornada da Psiqu\u00e9 no Tar\u00f4 Mitol\u00f3gico&#8217;<\/strong><br \/>\n<strong>Data:<\/strong> 8\/3\/2021<br \/>\n<strong>Hora:<\/strong> 19h30 \u00e0s 21h30<br \/>\n<strong>Local:<\/strong> Plataforma de videoconfer\u00eancia on-line Google Meet<br \/>\n<strong>Investimento:<\/strong> R$ 150,00 (p\u00fablico geral) | R$ 100,00 (alunos e ex-alunos da Carcar\u00e1)<\/p>\n<p>INSCRI\u00c7\u00d5ES E MAIS INFORMA\u00c7\u00d5ES<br \/>\n<strong>Fone\/ WhatsApp:<\/strong>\u00a0 (81) 99634.5003<br \/>\n<strong>E-mail:<\/strong>\u00a0carcaratarot@gmail.com<br \/>\n<strong>Instagram:<\/strong>\u00a0@carcaratarot<\/p>\n","protected":false},"excerpt":{"rendered":"<p>A Carcar\u00e1 Escola de Tarot promove, no dia 8 de mar\u00e7o de 2021, das 19h30 \u00e0s 21h30, o mini-curso on-line &#8216;A Jornada da Psiqu\u00e9 no Tar\u00f4 Mitol\u00f3gico&#8217;, com a tar\u00f3loga Irene Sousa. &#8220;A rela\u00e7\u00e3o de Psiqu\u00e9 com Eros e com Afrodite &#8211; e com ela mesma &#8211; nos leva a pensar nas cartas do tar\u00f4 [&hellip;]<\/p>\n","protected":false},"author":1,"featured_media":39196,"comment_status":"open","ping_status":"open","sticky":false,"template":"","format":"standard","meta":{"om_disable_all_campaigns":false,"_monsterinsights_skip_tracking":false,"_monsterinsights_sitenote_active":false,"_monsterinsights_sitenote_note":"","_monsterinsights_sitenote_category":0,"footnotes":""},"categories":[8,214],"tags":[167,76,296,86],"acf":[],"publishpress_future_action":{"enabled":false,"date":"1969-12-31 21:00:00","action":"","terms":[],"taxonomy":"","browser_timezone_offset":0},"_links":{"self":[{"href":"https:\/\/portalfloresnoar.com\/floresnoar\/wp-json\/wp\/v2\/posts\/39194"}],"collection":[{"href":"https:\/\/portalfloresnoar.com\/floresnoar\/wp-json\/wp\/v2\/posts"}],"about":[{"href":"https:\/\/portalfloresnoar.com\/floresnoar\/wp-json\/wp\/v2\/types\/post"}],"author":[{"embeddable":true,"href":"https:\/\/portalfloresnoar.com\/floresnoar\/wp-json\/wp\/v2\/users\/1"}],"replies":[{"embeddable":true,"href":"https:\/\/portalfloresnoar.com\/floresnoar\/wp-json\/wp\/v2\/comments?post=39194"}],"version-history":[{"count":0,"href":"https:\/\/portalfloresnoar.com\/floresnoar\/wp-json\/wp\/v2\/posts\/39194\/revisions"}],"wp:featuredmedia":[{"embeddable":true,"href":"https:\/\/portalfloresnoar.com\/floresnoar\/wp-json\/wp\/v2\/media\/39196"}],"wp:attachment":[{"href":"https:\/\/portalfloresnoar.com\/floresnoar\/wp-json\/wp\/v2\/media?parent=39194"}],"wp:term":[{"taxonomy":"category","embeddable":true,"href":"https:\/\/portalfloresnoar.com\/floresnoar\/wp-json\/wp\/v2\/categories?post=39194"},{"taxonomy":"post_tag","embeddable":true,"href":"https:\/\/portalfloresnoar.com\/floresnoar\/wp-json\/wp\/v2\/tags?post=39194"}],"curies":[{"name":"wp","href":"https:\/\/api.w.org\/{rel}","templated":true}]}}