

{"id":39171,"date":"2021-02-13T08:28:02","date_gmt":"2021-02-13T11:28:02","guid":{"rendered":"http:\/\/portalfloresnoar.com\/floresnoar\/?p=39171"},"modified":"2021-02-13T08:28:02","modified_gmt":"2021-02-13T11:28:02","slug":"silvia-garcia-banho-de-imersao","status":"publish","type":"post","link":"https:\/\/portalfloresnoar.com\/floresnoar\/silvia-garcia-banho-de-imersao\/","title":{"rendered":"[S\u00cdLVIA GARCIA] Banho de Imers\u00e3o"},"content":{"rendered":"<p><img decoding=\"async\" loading=\"lazy\" class=\"alignnone  wp-image-39172\" src=\"http:\/\/portalfloresnoar.com\/floresnoar\/wp-content\/uploads\/2021\/02\/banho-de-imersao-700x653.jpg\" alt=\"\" width=\"492\" height=\"459\" srcset=\"https:\/\/portalfloresnoar.com\/floresnoar\/wp-content\/uploads\/2021\/02\/banho-de-imersao-700x653.jpg 700w, https:\/\/portalfloresnoar.com\/floresnoar\/wp-content\/uploads\/2021\/02\/banho-de-imersao-300x280.jpg 300w, https:\/\/portalfloresnoar.com\/floresnoar\/wp-content\/uploads\/2021\/02\/banho-de-imersao.jpg 761w\" sizes=\"(max-width: 492px) 100vw, 492px\" \/><\/p>\n<p>| Por S\u00edlvia Garcia* |<\/p>\n<p>Costumo divulgar quadros de banhos de imers\u00e3o com lindas banheiras onde mostro as pessoas relaxadas sem pressa de sair dali. \u00c9 uma forma rom\u00e2ntica de te estimular a viver esse momento sagrado de intimidade consigo mesma.<\/p>\n<p>\u00c9 importante destacar que a\u00a0viv\u00eancia de prepara\u00e7\u00e3o para o seu banho come\u00e7a desde o momento em que voc\u00ea decide preparar algo especial para si.<\/p>\n<p>Os aromas, a decora\u00e7\u00e3o, a m\u00fasica ambiente, a roupa que vestir\u00e1 depois, com quem vai se deitar ap\u00f3s estar t\u00e3o leve e plena&#8230; ou escolher ficar inteira, s\u00f3 com voc\u00ea mesma!<\/p>\n<p>O banho de imers\u00e3o propriamente dito n\u00e3o deve demorar mais de 20 minutos, que \u00e9 o tempo que o corpo leva para responder ao banho, sendo o tempo ideal de perman\u00eancia na \u00e1gua.<\/p>\n<p>Em 20 minutos, os \u00f3leos essenciais ou os ativos das ervas frescas executam sua atividade no corpo f\u00edsico, atingindo a pele e a musculatura, e, pela via olfativa, o sistema nervoso e a atividade emocional.<\/p>\n<p>Ent\u00e3o, se voc\u00ea n\u00e3o tem banheira, assim como eu, monte o seu Banho Sagrado com v\u00e1rios baldes de \u00e1gua com as ervas e aromas escolhidos criteriosamente para atingir o seu objetivo final.<\/p>\n<p>Saiba que a Boa Escolha \u00e9 fundamental para garantir uma experi\u00eancia inesquec\u00edvel de transcend\u00eancia e cura interior.<\/p>\n<p>Quer conhecer mais sobre essa maravilhosa t\u00e9cnica da alian\u00e7a dos Banhos Terap\u00eauticos somado a diversas ferramentas terap\u00eauticas? Estou \u00e0 disposi\u00e7\u00e3o para lhe atender!<\/p>\n<p><em>* Silvia Garcia, terapeuta Integrativa Sist\u00eamica e idealizadora do\u00a0<a href=\"http:\/\/portalfloresnoar.com\/floresnoar\/agenda-programa-caminhantes-reune-diversas-tecnicas-terapeuticas-em-4-sessoes-on-line\/\" target=\"_blank\" rel=\"noopener\">Programa Caminhantes<\/a>, \u00e9 terapeuta Cone Hindu (Metodologia Emilyn Hasbeni), Thetahealer, praticante de Barras de Access e Processos Corporais de Access, Leitora de Aura e Registros Ak\u00e1shicos, Rebalancing (Massagem Profunda), formada pela Osho Bahia e Reikiana. Estudiosa encantada por Fitoterapia, Florais, Aromaterapia, Ci\u00eancias Hol\u00edsticas e Sabedoria Xam\u00e2nica.<\/em><\/p>\n<p><b>CONTATOS<\/b><br \/>\n<strong>WhatsApp:<\/strong>\u00a0(81) 99900.8769<br \/>\n<strong>Instagram:<\/strong>\u00a0@silvia.vieria.garcia<br \/>\n<strong>Site:<\/strong>\u00a0<a href=\"http:\/\/www.silviagarciaterapeuta.com.br\/\" target=\"_blank\" rel=\"noopener\">http:\/\/www.silviagarciaterapeuta.com.br\/<\/a><br \/>\n<strong>Local de atendimento:<\/strong>\u00a0Rua do Cupim, 259, sala 203, Gra\u00e7as, Recife\/PE<\/p>\n","protected":false},"excerpt":{"rendered":"<p>| Por S\u00edlvia Garcia* | Costumo divulgar quadros de banhos de imers\u00e3o com lindas banheiras onde mostro as pessoas relaxadas sem pressa de sair dali. \u00c9 uma forma rom\u00e2ntica de te estimular a viver esse momento sagrado de intimidade consigo mesma. \u00c9 importante destacar que a\u00a0viv\u00eancia de prepara\u00e7\u00e3o para o seu banho come\u00e7a desde o [&hellip;]<\/p>\n","protected":false},"author":1,"featured_media":39173,"comment_status":"open","ping_status":"open","sticky":false,"template":"","format":"standard","meta":{"om_disable_all_campaigns":false,"_monsterinsights_skip_tracking":false,"_monsterinsights_sitenote_active":false,"_monsterinsights_sitenote_note":"","_monsterinsights_sitenote_category":0,"footnotes":""},"categories":[220,978],"tags":[499,962,75,326,127],"acf":[],"publishpress_future_action":{"enabled":false,"date":"1969-12-31 21:00:00","action":"","terms":[],"taxonomy":"","browser_timezone_offset":0},"_links":{"self":[{"href":"https:\/\/portalfloresnoar.com\/floresnoar\/wp-json\/wp\/v2\/posts\/39171"}],"collection":[{"href":"https:\/\/portalfloresnoar.com\/floresnoar\/wp-json\/wp\/v2\/posts"}],"about":[{"href":"https:\/\/portalfloresnoar.com\/floresnoar\/wp-json\/wp\/v2\/types\/post"}],"author":[{"embeddable":true,"href":"https:\/\/portalfloresnoar.com\/floresnoar\/wp-json\/wp\/v2\/users\/1"}],"replies":[{"embeddable":true,"href":"https:\/\/portalfloresnoar.com\/floresnoar\/wp-json\/wp\/v2\/comments?post=39171"}],"version-history":[{"count":0,"href":"https:\/\/portalfloresnoar.com\/floresnoar\/wp-json\/wp\/v2\/posts\/39171\/revisions"}],"wp:featuredmedia":[{"embeddable":true,"href":"https:\/\/portalfloresnoar.com\/floresnoar\/wp-json\/wp\/v2\/media\/39173"}],"wp:attachment":[{"href":"https:\/\/portalfloresnoar.com\/floresnoar\/wp-json\/wp\/v2\/media?parent=39171"}],"wp:term":[{"taxonomy":"category","embeddable":true,"href":"https:\/\/portalfloresnoar.com\/floresnoar\/wp-json\/wp\/v2\/categories?post=39171"},{"taxonomy":"post_tag","embeddable":true,"href":"https:\/\/portalfloresnoar.com\/floresnoar\/wp-json\/wp\/v2\/tags?post=39171"}],"curies":[{"name":"wp","href":"https:\/\/api.w.org\/{rel}","templated":true}]}}