

{"id":39156,"date":"2020-11-06T20:40:11","date_gmt":"2020-11-06T23:40:11","guid":{"rendered":"http:\/\/portalfloresnoar.com\/floresnoar\/?p=39156"},"modified":"2021-02-23T09:48:02","modified_gmt":"2021-02-23T12:48:02","slug":"agenda-jornada-florescer-a-vida-dias-20-e-21-de-fevereiro-on-line","status":"publish","type":"post","link":"https:\/\/portalfloresnoar.com\/floresnoar\/agenda-jornada-florescer-a-vida-dias-20-e-21-de-fevereiro-on-line\/","title":{"rendered":"[AGENDA] Jornada Florescer a Vida, dias 20 e 21 de fevereiro, on-line"},"content":{"rendered":"<p><img decoding=\"async\" loading=\"lazy\" class=\"alignnone wp-image-39157\" src=\"http:\/\/portalfloresnoar.com\/floresnoar\/wp-content\/uploads\/2021\/02\/jornada-florescer-com-jeanne-duarte-700x700.jpg\" alt=\"\" width=\"514\" height=\"514\" srcset=\"https:\/\/portalfloresnoar.com\/floresnoar\/wp-content\/uploads\/2021\/02\/jornada-florescer-com-jeanne-duarte-700x700.jpg 700w, https:\/\/portalfloresnoar.com\/floresnoar\/wp-content\/uploads\/2021\/02\/jornada-florescer-com-jeanne-duarte-150x150.jpg 150w, https:\/\/portalfloresnoar.com\/floresnoar\/wp-content\/uploads\/2021\/02\/jornada-florescer-com-jeanne-duarte-300x300.jpg 300w, https:\/\/portalfloresnoar.com\/floresnoar\/wp-content\/uploads\/2021\/02\/jornada-florescer-com-jeanne-duarte-768x768.jpg 768w, https:\/\/portalfloresnoar.com\/floresnoar\/wp-content\/uploads\/2021\/02\/jornada-florescer-com-jeanne-duarte-100x100.jpg 100w, https:\/\/portalfloresnoar.com\/floresnoar\/wp-content\/uploads\/2021\/02\/jornada-florescer-com-jeanne-duarte.jpg 1080w\" sizes=\"(max-width: 514px) 100vw, 514px\" \/><\/p>\n<p style=\"text-align: right;\"><em>Nas nossas atividades, \u00e0s vezes a gente se sente improdutiva(a)&#8230;. ou atrasado(a)&#8230;.ineficiente ou ineficaz&#8230;ou se sente &#8216;menor&#8217;, em rela\u00e7\u00e3o aos outros, por conta dessas sensa\u00e7\u00f5es. Tudo isso s\u00e3o sensa\u00e7\u00f5es que v\u00eam do nosso ego, que tudo faz com o foco nos resultados individuais que se tra\u00e7a para alcan\u00e7ar individualmente! E se a gente inverter esse foco? Quando a gente sabe que est\u00e1 no nosso prop\u00f3sito Divino, a gente se sente um canal da For\u00e7a Maior, que tudo rege &#8230; e percebe as nossas atividades como estando a servi\u00e7o dessa For\u00e7a, para o bem maior! E, assim, se desprende do foco da busca incessante e ansiosa pelos resultados. Quem somos? Qual \u00e9 o nosso prop\u00f3sito Divino?Somos natureza, somos um com o Todo! A flor desabrocha sem esfor\u00e7o, pois est\u00e1 no prop\u00f3sito dela! (Jeanne Duarte)<\/em><\/p>\n<p>Nos dias 20 e 21 de fevereiro de 2021, a terapeuta Jeanne Duarte realiza a Jornada Florescer a Vida. \u201cNesse tempo, estamos vivenciando muitas emo\u00e7\u00f5es: medo, ansiedade, amor, compaix\u00e3o, raiva, tristeza, cansa\u00e7o etc. O encontro \u00e9 um convite para a gente aproveitar tudo o que a pandemia, em algum n\u00edvel, provocou em n\u00f3s, para que possamos nos conectar com quem somos, com o nosso prop\u00f3sito de alma e com a verdadeira Felicidade\u201d, declara Jeanne.<\/p>\n<p>PROGRAMA\u00c7\u00c3O<br \/>\nNo s\u00e1bado, primeiro dia do encontro, o \u2018QUEM SOU EU\u2019, os temas abordados ser\u00e3o: o que \u00e9 a morte; o que morre; o que \u00e9 a vida; quem vive atrav\u00e9s de mim; o como viver sintonizado e amparado por uma compreens\u00e3o maior, a fim de olhar, curar e sanar dores como medo e ansiedade em rela\u00e7\u00e3o \u00e0 morte, nessa fase de pandemia, e ressignificar agora a vida.<\/p>\n<p>No domingo, o segundo encontro, o \u2018QUAL \u00c9 O MEU PROP\u00d3SITO\u2019 e \u2018QUAL \u00c9 O MEU CAMINHO\u2019, haver\u00e1 o olhar para as quest\u00f5es: qual \u00e9 o objetivo geral da nossa vida (da vida de todos); existe um prop\u00f3sito individual ? Como descobrir? Como compreender o tempo (passado, presente , futuro,) numa perspectiva mais elevada; Como sair da sensa\u00e7\u00e3o de me sentir perdido (a)!<\/p>\n<p>\u201cVamos abrir compress\u00e3o para: viver e se sentir com Liberdade, com Criatividade, com conex\u00e3o consigo, com as pessoas, com a natureza e com o universo; para superar a sensa\u00e7\u00e3o de isolamento, nessa quarentena (e na vida). E vamos entrar em contato com pr\u00e1ticas e atitudes que nos ajudam no dia a dia\u201d, explica a terapeuta.<\/p>\n<p>De acordo com Jeanne Duarte, nos encontros tamb\u00e9m ser\u00e3o compartilhadas dicas de pr\u00e1ticas. \u201cCompartilharei sabedorias advindas de meu aprendizado e conex\u00e3o com o Budismo e Cristianismo, com autores que se inspiram nisso \u2026 advindas tamb\u00e9m das minhas hist\u00f3rias de vida e de experi\u00eancias adquiridas junto aos meus atendimentos terap\u00eauticos com os clientes, utilizando o ThetaHealing\u00ae\ufe0f e as Constela\u00e7\u00f5es Familiares\u201d.<\/p>\n<p><strong>JORNADA FLORESCER A VIDA<\/strong><br \/>\n<strong>Data:<\/strong> 20 e 21 de fevereiro de 2021 (s\u00e1bado e domingo)<br \/>\n<strong>Hora:<\/strong>\u00a015h \u00e0s 17h (com um intervalo de 15 minutos)<br \/>\n<strong>Local:<\/strong>\u00a0Plataforma de videoconfer\u00eancia ZOOM<br \/>\n<strong>Valor:<\/strong>\u00a0R$ 70,00 (incluindo os 2 Encontros)<\/p>\n<p><strong>INSCRI\u00c7\u00d5ES E MAIS INFORMA\u00c7\u00d5ES:<\/strong>\u00a0(81) 993344135 (WhatsApp)<\/p>\n","protected":false},"excerpt":{"rendered":"<p>Nas nossas atividades, \u00e0s vezes a gente se sente improdutiva(a)&#8230;. ou atrasado(a)&#8230;.ineficiente ou ineficaz&#8230;ou se sente &#8216;menor&#8217;, em rela\u00e7\u00e3o aos outros, por conta dessas sensa\u00e7\u00f5es. Tudo isso s\u00e3o sensa\u00e7\u00f5es que v\u00eam do nosso ego, que tudo faz com o foco nos resultados individuais que se tra\u00e7a para alcan\u00e7ar individualmente! E se a gente inverter esse [&hellip;]<\/p>\n","protected":false},"author":1,"featured_media":39054,"comment_status":"open","ping_status":"open","sticky":false,"template":"","format":"standard","meta":{"om_disable_all_campaigns":false,"_monsterinsights_skip_tracking":false,"_monsterinsights_sitenote_active":false,"_monsterinsights_sitenote_note":"","_monsterinsights_sitenote_category":0,"footnotes":""},"categories":[8,214],"tags":[136,304,964,973],"acf":[],"publishpress_future_action":{"enabled":false,"date":"1969-12-31 21:00:00","action":"","terms":[],"taxonomy":"","browser_timezone_offset":0},"_links":{"self":[{"href":"https:\/\/portalfloresnoar.com\/floresnoar\/wp-json\/wp\/v2\/posts\/39156"}],"collection":[{"href":"https:\/\/portalfloresnoar.com\/floresnoar\/wp-json\/wp\/v2\/posts"}],"about":[{"href":"https:\/\/portalfloresnoar.com\/floresnoar\/wp-json\/wp\/v2\/types\/post"}],"author":[{"embeddable":true,"href":"https:\/\/portalfloresnoar.com\/floresnoar\/wp-json\/wp\/v2\/users\/1"}],"replies":[{"embeddable":true,"href":"https:\/\/portalfloresnoar.com\/floresnoar\/wp-json\/wp\/v2\/comments?post=39156"}],"version-history":[{"count":0,"href":"https:\/\/portalfloresnoar.com\/floresnoar\/wp-json\/wp\/v2\/posts\/39156\/revisions"}],"wp:featuredmedia":[{"embeddable":true,"href":"https:\/\/portalfloresnoar.com\/floresnoar\/wp-json\/wp\/v2\/media\/39054"}],"wp:attachment":[{"href":"https:\/\/portalfloresnoar.com\/floresnoar\/wp-json\/wp\/v2\/media?parent=39156"}],"wp:term":[{"taxonomy":"category","embeddable":true,"href":"https:\/\/portalfloresnoar.com\/floresnoar\/wp-json\/wp\/v2\/categories?post=39156"},{"taxonomy":"post_tag","embeddable":true,"href":"https:\/\/portalfloresnoar.com\/floresnoar\/wp-json\/wp\/v2\/tags?post=39156"}],"curies":[{"name":"wp","href":"https:\/\/api.w.org\/{rel}","templated":true}]}}