

{"id":39146,"date":"2020-10-10T05:23:51","date_gmt":"2020-10-10T08:23:51","guid":{"rendered":"http:\/\/portalfloresnoar.com\/floresnoar\/?p=39146"},"modified":"2021-02-13T09:03:47","modified_gmt":"2021-02-13T12:03:47","slug":"agenda-imersao-on-line-deixa-nutrir-com-oberom-dias-12-13-e-14-de-fevereiro","status":"publish","type":"post","link":"https:\/\/portalfloresnoar.com\/floresnoar\/agenda-imersao-on-line-deixa-nutrir-com-oberom-dias-12-13-e-14-de-fevereiro\/","title":{"rendered":"[AGENDA] Imers\u00e3o On-line &#8216;Deixa Nutrir!&#8217;, com Oberom, dias 12, 13 e 14 de fevereiro"},"content":{"rendered":"<p><img decoding=\"async\" loading=\"lazy\" class=\"alignnone wp-image-39147\" src=\"http:\/\/portalfloresnoar.com\/floresnoar\/wp-content\/uploads\/2021\/02\/retiro-online-com-oberom-525x700.jpeg\" alt=\"\" width=\"485\" height=\"647\" srcset=\"https:\/\/portalfloresnoar.com\/floresnoar\/wp-content\/uploads\/2021\/02\/retiro-online-com-oberom-525x700.jpeg 525w, https:\/\/portalfloresnoar.com\/floresnoar\/wp-content\/uploads\/2021\/02\/retiro-online-com-oberom-225x300.jpeg 225w, https:\/\/portalfloresnoar.com\/floresnoar\/wp-content\/uploads\/2021\/02\/retiro-online-com-oberom-768x1024.jpeg 768w, https:\/\/portalfloresnoar.com\/floresnoar\/wp-content\/uploads\/2021\/02\/retiro-online-com-oberom.jpeg 960w\" sizes=\"(max-width: 485px) 100vw, 485px\" \/><\/p>\n<p>Nos dias 12, 13 e 14 de fevereiro de 2021, o professor de Yoga Oberom conduz a Imers\u00e3o On-line Deixa Nutrir!\u00a0O encontro \u00e9 uma pausa para aprofundar-se no autoconhecimento, para fortalecer a caminhada evolutiva e deixar-se nutrir pela felicidade na vida. Ser\u00e3o tr\u00eas\u00a0dias com jejum l\u00edquido, medita\u00e7\u00e3o, pr\u00e1ticas de yoga, viv\u00eancias de Biodanza, palestras e ora\u00e7\u00f5es. A\u00a0imers\u00e3o \u00e9 voltada para quem j\u00e1 participou de algum retiro com Oberom.<\/p>\n<p>&#8220;Iniciamos 2021 convidando-nos a treinar a paci\u00eancia e fortalecer a consci\u00eancia de Si, a recebermos o abra\u00e7o amoroso da Terra, compreendendo que a nutri\u00e7\u00e3o \u00e9 chave mestra das nossas transforma\u00e7\u00f5es. Seguimos juntes, regando a confian\u00e7a, mantendo alta nossa vibra\u00e7\u00e3o nesse in\u00edcio de ciclo, para realizarmos nossos prop\u00f3sitos de alma com leveza&#8221;, convida Oberom.<\/p>\n<p>Oberom \u00e9 professor de Yoga, formado no Brasil e na PVA School of Yoga na \u00cdndia, \u00e9 facilitamor do Prana Prasakti, e transmite essa sabedoria e experi\u00eancia pelo mundo atrav\u00e9s de Workshops nas Am\u00e9ricas, Europa e \u00c1sia.<br \/>\nTamb\u00e9m \u00e9 autor dos livros &#8220;Viajando na Luz&#8221;, &#8220;No Fluir da Felicidade&#8221; e &#8220;Vegan Yoga&#8221;. Atualmente finaliza &#8220;Muco&#8221;, o seu primeiro document\u00e1rio para cinema.<\/p>\n<p>HOR\u00c1RIOS:<br \/>\n<strong>Sexta, 12\/dez<\/strong> \u2013 18h \u00e0s 21h (Ora\u00e7\u00e3o, Roda de abertura, apresenta\u00e7\u00f5es e orienta\u00e7\u00f5es sobre a imers\u00e3o)<br \/>\n<strong>S\u00e1bado, 13\/dez<\/strong> &#8211; 06h \u00e0s 8h (Medita\u00e7\u00e3o e pratica de yoga com Oberom )\/10h30 \u00e0s 12h (momento com Oberom) \/ 15h \u00e0s 16h (viv\u00eancia com Aline) \/ 18h \u00e0s 19h (ora\u00e7\u00e3o) 19h \u00e0s 20h (viv\u00eancia com L\u00edvia) 20h \u00e0s 21h ( partilhas )<br \/>\n<strong>Domingo, 14\/dez<\/strong> &#8211; 06h \u00e0s 8h (Medita\u00e7\u00e3o e pratica de yoga com Oberom )\/ 10h \u00e0s 11h30 (momento com Oberom) 11h30 \u00e0s 13h (partilha e encerramento)<\/p>\n<p>VALORES DE TORCA:<br \/>\nAcolhedora &#8211; R$ 170,00<br \/>\nHarm\u00f4nica &#8211; R$ 260,00<br \/>\nAbundante &#8211; R$ 350,00<\/p>\n<p>SERVI\u00c7O<br \/>\n<strong>Deixa Nutrir! Imers\u00e3o Online &#8211; Jejum de L\u00edquidos, Pr\u00e1ticas e Viv\u00eancias<\/strong><br \/>\nDe 12, 13 e 14 de fevereiro de 2021<br \/>\nIn\u00edcio sexta, 12\/02\/21, \u00e0s 18h<br \/>\nEncerramento domingo, 14\/02\/21 \u00e0s 13h<br \/>\nPlataforma Zoom<br \/>\nVagas limitadas!<\/p>\n<p><strong>INSCRI\u00c7\u00d5ES, ATRAV\u00c9S DESTE LINK:<\/strong> <a href=\"https:\/\/forms.gle\/USVtL6cwrzpt9teJ6\" target=\"_blank\" rel=\"noopener\">https:\/\/forms.gle\/USVtL6cwrzpt9teJ6<\/a><\/p>\n<p><strong>MAIS INFORMA\u00c7\u00d5ES:<\/strong><br \/>\nL\u00edvia Falc\u00e3o (81) 99986-3170 (WhatsApp)<br \/>\nAline Civinelli (21) 999703-0033 (WhatsApp)<\/p>\n","protected":false},"excerpt":{"rendered":"<p>Nos dias 12, 13 e 14 de fevereiro de 2021, o professor de Yoga Oberom conduz a Imers\u00e3o On-line Deixa Nutrir!\u00a0O encontro \u00e9 uma pausa para aprofundar-se no autoconhecimento, para fortalecer a caminhada evolutiva e deixar-se nutrir pela felicidade na vida. Ser\u00e3o tr\u00eas\u00a0dias com jejum l\u00edquido, medita\u00e7\u00e3o, pr\u00e1ticas de yoga, viv\u00eancias de Biodanza, palestras e [&hellip;]<\/p>\n","protected":false},"author":1,"featured_media":37649,"comment_status":"open","ping_status":"open","sticky":false,"template":"","format":"standard","meta":{"om_disable_all_campaigns":false,"_monsterinsights_skip_tracking":false,"_monsterinsights_sitenote_active":false,"_monsterinsights_sitenote_note":"","_monsterinsights_sitenote_category":0,"footnotes":""},"categories":[8,214],"tags":[50,43,396,162,21],"acf":[],"publishpress_future_action":{"enabled":false,"date":"1969-12-31 21:00:00","action":"","terms":[],"taxonomy":"","browser_timezone_offset":0},"_links":{"self":[{"href":"https:\/\/portalfloresnoar.com\/floresnoar\/wp-json\/wp\/v2\/posts\/39146"}],"collection":[{"href":"https:\/\/portalfloresnoar.com\/floresnoar\/wp-json\/wp\/v2\/posts"}],"about":[{"href":"https:\/\/portalfloresnoar.com\/floresnoar\/wp-json\/wp\/v2\/types\/post"}],"author":[{"embeddable":true,"href":"https:\/\/portalfloresnoar.com\/floresnoar\/wp-json\/wp\/v2\/users\/1"}],"replies":[{"embeddable":true,"href":"https:\/\/portalfloresnoar.com\/floresnoar\/wp-json\/wp\/v2\/comments?post=39146"}],"version-history":[{"count":0,"href":"https:\/\/portalfloresnoar.com\/floresnoar\/wp-json\/wp\/v2\/posts\/39146\/revisions"}],"wp:featuredmedia":[{"embeddable":true,"href":"https:\/\/portalfloresnoar.com\/floresnoar\/wp-json\/wp\/v2\/media\/37649"}],"wp:attachment":[{"href":"https:\/\/portalfloresnoar.com\/floresnoar\/wp-json\/wp\/v2\/media?parent=39146"}],"wp:term":[{"taxonomy":"category","embeddable":true,"href":"https:\/\/portalfloresnoar.com\/floresnoar\/wp-json\/wp\/v2\/categories?post=39146"},{"taxonomy":"post_tag","embeddable":true,"href":"https:\/\/portalfloresnoar.com\/floresnoar\/wp-json\/wp\/v2\/tags?post=39146"}],"curies":[{"name":"wp","href":"https:\/\/api.w.org\/{rel}","templated":true}]}}