

{"id":39011,"date":"2020-01-16T05:29:15","date_gmt":"2020-01-16T08:29:15","guid":{"rendered":"http:\/\/portalfloresnoar.com\/floresnoar\/?p=39011"},"modified":"2021-01-28T20:25:14","modified_gmt":"2021-01-28T23:25:14","slug":"agenda-mini-curso-on-line-criacao-de-narrativas-com-os-arcanos-do-tarot-dia-211","status":"publish","type":"post","link":"https:\/\/portalfloresnoar.com\/floresnoar\/agenda-mini-curso-on-line-criacao-de-narrativas-com-os-arcanos-do-tarot-dia-211\/","title":{"rendered":"[AGENDA] Mini-curso on-line &#8216;Cria\u00e7\u00e3o de narrativa com os Arcanos do Tarot&#8217;, dia 21\/1"},"content":{"rendered":"<p><img decoding=\"async\" loading=\"lazy\" class=\"alignnone wp-image-39015\" src=\"http:\/\/portalfloresnoar.com\/floresnoar\/wp-content\/uploads\/2021\/01\/narrativa-tarot-700x700.jpeg\" alt=\"\" width=\"531\" height=\"531\" srcset=\"https:\/\/portalfloresnoar.com\/floresnoar\/wp-content\/uploads\/2021\/01\/narrativa-tarot-700x700.jpeg 700w, https:\/\/portalfloresnoar.com\/floresnoar\/wp-content\/uploads\/2021\/01\/narrativa-tarot-150x150.jpeg 150w, https:\/\/portalfloresnoar.com\/floresnoar\/wp-content\/uploads\/2021\/01\/narrativa-tarot-300x300.jpeg 300w, https:\/\/portalfloresnoar.com\/floresnoar\/wp-content\/uploads\/2021\/01\/narrativa-tarot-768x768.jpeg 768w, https:\/\/portalfloresnoar.com\/floresnoar\/wp-content\/uploads\/2021\/01\/narrativa-tarot-100x100.jpeg 100w, https:\/\/portalfloresnoar.com\/floresnoar\/wp-content\/uploads\/2021\/01\/narrativa-tarot.jpeg 1080w\" sizes=\"(max-width: 531px) 100vw, 531px\" \/><\/p>\n<p>A Carcar\u00e1 \u2013 Escola de Tarot realiza no dia 21 de janeiro de 2021 (quinta-feira), das 19h \u00e0s 21h, o mini-curso on-line &#8216;Cria\u00e7\u00e3o de narrativa com os Arcanos do Tarot&#8217;. A aula ser\u00e1 ministrada pela tar\u00f3loga Sabrina Carvalho, fundadora da Carcar\u00e1.<\/p>\n<p>O encontro ter\u00e1 como foco os exerc\u00edcios de interpreta\u00e7\u00f5es simb\u00f3licas e a cria\u00e7\u00e3o de narrativa como ferramenta principal da leitura de Tarot. Haver\u00e1 pr\u00e1ticas e leituras coletivas.<\/p>\n<p>O pr\u00e9-requisito para participar \u00e9 ter o conhecimento pr\u00e9vio das cartas do Tarot, para que haja aprofundamento e constru\u00e7\u00e3o a partir dos saberes coletivos da turma.<\/p>\n<p>MINI-CURSO<br \/>\n<strong>Cria\u00e7\u00e3o de narrativa com os Arcanos do Tarot<\/strong><br \/>\n<strong>Dia:<\/strong> 21.01.2021 (quinta-feira)<br \/>\n<strong>Hora:<\/strong> das 19 \u00e0s 21h<\/p>\n<p>INVESTIMENTO<br \/>\nR$ 150,00<\/p>\n<p>INSCRI\u00c7\u00d5ES E MAIS INFORMA\u00c7\u00d5ES<br \/>\n<strong>E-mail:<\/strong> carcaratarot@gmail.com<br \/>\n<strong>Fone\/Zap:<\/strong> (81) 996345003<br \/>\n<strong>Instagram:<\/strong> <a href=\"https:\/\/www.instagram.com\/carcaratarot\" target=\"_blank\" rel=\"noopener\">@carcaratarot<\/a><\/p>\n<div class=\"col-lg-6 col-md-6 col-sm-6 col-xs-12\"><\/div>\n","protected":false},"excerpt":{"rendered":"<p>A Carcar\u00e1 \u2013 Escola de Tarot realiza no dia 21 de janeiro de 2021 (quinta-feira), das 19h \u00e0s 21h, o mini-curso on-line &#8216;Cria\u00e7\u00e3o de narrativa com os Arcanos do Tarot&#8217;. A aula ser\u00e1 ministrada pela tar\u00f3loga Sabrina Carvalho, fundadora da Carcar\u00e1. O encontro ter\u00e1 como foco os exerc\u00edcios de interpreta\u00e7\u00f5es simb\u00f3licas e a cria\u00e7\u00e3o de [&hellip;]<\/p>\n","protected":false},"author":1,"featured_media":39016,"comment_status":"open","ping_status":"open","sticky":false,"template":"","format":"standard","meta":{"om_disable_all_campaigns":false,"_monsterinsights_skip_tracking":false,"_monsterinsights_sitenote_active":false,"_monsterinsights_sitenote_note":"","_monsterinsights_sitenote_category":0,"footnotes":""},"categories":[8,214],"tags":[167,374,934,296,86],"acf":[],"publishpress_future_action":{"enabled":false,"date":"1969-12-31 21:00:00","action":"","terms":[],"taxonomy":"","browser_timezone_offset":0},"_links":{"self":[{"href":"https:\/\/portalfloresnoar.com\/floresnoar\/wp-json\/wp\/v2\/posts\/39011"}],"collection":[{"href":"https:\/\/portalfloresnoar.com\/floresnoar\/wp-json\/wp\/v2\/posts"}],"about":[{"href":"https:\/\/portalfloresnoar.com\/floresnoar\/wp-json\/wp\/v2\/types\/post"}],"author":[{"embeddable":true,"href":"https:\/\/portalfloresnoar.com\/floresnoar\/wp-json\/wp\/v2\/users\/1"}],"replies":[{"embeddable":true,"href":"https:\/\/portalfloresnoar.com\/floresnoar\/wp-json\/wp\/v2\/comments?post=39011"}],"version-history":[{"count":0,"href":"https:\/\/portalfloresnoar.com\/floresnoar\/wp-json\/wp\/v2\/posts\/39011\/revisions"}],"wp:featuredmedia":[{"embeddable":true,"href":"https:\/\/portalfloresnoar.com\/floresnoar\/wp-json\/wp\/v2\/media\/39016"}],"wp:attachment":[{"href":"https:\/\/portalfloresnoar.com\/floresnoar\/wp-json\/wp\/v2\/media?parent=39011"}],"wp:term":[{"taxonomy":"category","embeddable":true,"href":"https:\/\/portalfloresnoar.com\/floresnoar\/wp-json\/wp\/v2\/categories?post=39011"},{"taxonomy":"post_tag","embeddable":true,"href":"https:\/\/portalfloresnoar.com\/floresnoar\/wp-json\/wp\/v2\/tags?post=39011"}],"curies":[{"name":"wp","href":"https:\/\/api.w.org\/{rel}","templated":true}]}}