

{"id":39009,"date":"2020-08-08T08:38:02","date_gmt":"2020-08-08T11:38:02","guid":{"rendered":"http:\/\/portalfloresnoar.com\/floresnoar\/?p=39009"},"modified":"2021-01-16T09:40:47","modified_gmt":"2021-01-16T12:40:47","slug":"agenda-mini-curso-on-line-de-tarot-dialogando-com-os-arcanos-da-corte-dia-141","status":"publish","type":"post","link":"https:\/\/portalfloresnoar.com\/floresnoar\/agenda-mini-curso-on-line-de-tarot-dialogando-com-os-arcanos-da-corte-dia-141\/","title":{"rendered":"[AGENDA] Mini-curso on-line de Tarot: &#8216;Dialogando com os Arcanos da Corte&#8217;, dia 14\/1"},"content":{"rendered":"<p><img decoding=\"async\" loading=\"lazy\" class=\"alignnone wp-image-39010\" src=\"http:\/\/portalfloresnoar.com\/floresnoar\/wp-content\/uploads\/2021\/01\/arcanos-da-corte-tarot-700x700.jpeg\" alt=\"\" width=\"530\" height=\"530\" srcset=\"https:\/\/portalfloresnoar.com\/floresnoar\/wp-content\/uploads\/2021\/01\/arcanos-da-corte-tarot-700x700.jpeg 700w, https:\/\/portalfloresnoar.com\/floresnoar\/wp-content\/uploads\/2021\/01\/arcanos-da-corte-tarot-150x150.jpeg 150w, https:\/\/portalfloresnoar.com\/floresnoar\/wp-content\/uploads\/2021\/01\/arcanos-da-corte-tarot-300x300.jpeg 300w, https:\/\/portalfloresnoar.com\/floresnoar\/wp-content\/uploads\/2021\/01\/arcanos-da-corte-tarot-768x768.jpeg 768w, https:\/\/portalfloresnoar.com\/floresnoar\/wp-content\/uploads\/2021\/01\/arcanos-da-corte-tarot-100x100.jpeg 100w, https:\/\/portalfloresnoar.com\/floresnoar\/wp-content\/uploads\/2021\/01\/arcanos-da-corte-tarot.jpeg 1080w\" sizes=\"(max-width: 530px) 100vw, 530px\" \/><\/p>\n<p>A Carcar\u00e1 \u2013 Escola de Tarot realiza no dia 14 de janeiro de 2021 (quinta-feira), das 19h \u00e0s 21h, o mini-curso on-line &#8216;Dialogando com os Arcanos da Corte&#8217;. A aula ser\u00e1 ministrada pela tar\u00f3loga Sabrina Carvalho, fundadora da Carcar\u00e1.<\/p>\n<p>Valetes, Cavaleiros, Rainhas e Reis s\u00e3o os personagens principais do encontro, que tem como meta o aprofundamento nos arcanos da corte do tarot e o entendimento de como cada carta se expressa, questiona e aconselha.<\/p>\n<p>O pr\u00e9-requisito para participar \u00e9 ter o conhecimento pr\u00e9vio das cartas do Tarot, para que haja aprofundamento e constru\u00e7\u00e3o a partir dos saberes coletivo da turma.<\/p>\n<p>MINI-CURSO<br \/>\n<strong>Dialogando com os arcanos da corte<\/strong><br \/>\n<strong>Dia:<\/strong> 14.01.2021 (quinta-feira)<br \/>\n<strong>Hora:<\/strong> das 19 \u00e0s 21h<\/p>\n<p>INVESTIMENTO<br \/>\nR$ 150,00<\/p>\n<p>INSCRI\u00c7\u00d5ES E MAIS INFORMA\u00c7\u00d5ES<br \/>\n<strong>E-mail:<\/strong> carcaratarot@gmail.com<br \/>\n<strong>Fone\/Zap:<\/strong> (81) 996345003<br \/>\n<strong>Instagram:<\/strong> <a href=\"https:\/\/www.instagram.com\/carcaratarot\" target=\"_blank\" rel=\"noopener\">@carcaratarot<\/a><\/p>\n<p>VEJA TAMB\u00c9M!<\/p>\n<div class=\"col-lg-6 col-md-6 col-sm-6 col-xs-12\">\n<div class=\"single-content-image\"><a class=\"image-wrap\" href=\"http:\/\/portalfloresnoar.com\/floresnoar\/agenda-mini-curso-on-line-criacao-de-narrativas-com-os-arcanos-do-tarot-dia-211\/\"><img decoding=\"async\" loading=\"lazy\" class=\"lazy imageshow\" src=\"http:\/\/portalfloresnoar.com\/floresnoar\/wp-content\/uploads\/2021\/01\/curso-online-aprofundamento-tarot-335x200@2x.jpg\" alt=\"[AGENDA] Mini-curso on-line \u2018Cria\u00e7\u00e3o de narrativa com os Arcanos do Tarot\u2019, dia 21\/1\" width=\"294\" height=\"175\" \/><\/a><\/div>\n<\/div>\n<div class=\"col-lg-6 col-md-6 col-sm-6 col-xs-12\">\n<h4><a href=\"http:\/\/portalfloresnoar.com\/floresnoar\/agenda-mini-curso-on-line-criacao-de-narrativas-com-os-arcanos-do-tarot-dia-211\/\">[AGENDA] Mini-curso on-line \u2018Cria\u00e7\u00e3o de narrativa com os Arcanos do Tarot\u2019, dia 21\/1<\/a><\/h4>\n<\/div>\n","protected":false},"excerpt":{"rendered":"<p>A Carcar\u00e1 \u2013 Escola de Tarot realiza no dia 14 de janeiro de 2021 (quinta-feira), das 19h \u00e0s 21h, o mini-curso on-line &#8216;Dialogando com os Arcanos da Corte&#8217;. A aula ser\u00e1 ministrada pela tar\u00f3loga Sabrina Carvalho, fundadora da Carcar\u00e1. Valetes, Cavaleiros, Rainhas e Reis s\u00e3o os personagens principais do encontro, que tem como meta o [&hellip;]<\/p>\n","protected":false},"author":1,"featured_media":39013,"comment_status":"open","ping_status":"open","sticky":false,"template":"","format":"standard","meta":{"om_disable_all_campaigns":false,"_monsterinsights_skip_tracking":false,"_monsterinsights_sitenote_active":false,"_monsterinsights_sitenote_note":"","_monsterinsights_sitenote_category":0,"footnotes":""},"categories":[8,214],"tags":[573,296,86],"acf":[],"publishpress_future_action":{"enabled":false,"date":"1969-12-31 21:00:00","action":"","terms":[],"taxonomy":"","browser_timezone_offset":0},"_links":{"self":[{"href":"https:\/\/portalfloresnoar.com\/floresnoar\/wp-json\/wp\/v2\/posts\/39009"}],"collection":[{"href":"https:\/\/portalfloresnoar.com\/floresnoar\/wp-json\/wp\/v2\/posts"}],"about":[{"href":"https:\/\/portalfloresnoar.com\/floresnoar\/wp-json\/wp\/v2\/types\/post"}],"author":[{"embeddable":true,"href":"https:\/\/portalfloresnoar.com\/floresnoar\/wp-json\/wp\/v2\/users\/1"}],"replies":[{"embeddable":true,"href":"https:\/\/portalfloresnoar.com\/floresnoar\/wp-json\/wp\/v2\/comments?post=39009"}],"version-history":[{"count":0,"href":"https:\/\/portalfloresnoar.com\/floresnoar\/wp-json\/wp\/v2\/posts\/39009\/revisions"}],"wp:featuredmedia":[{"embeddable":true,"href":"https:\/\/portalfloresnoar.com\/floresnoar\/wp-json\/wp\/v2\/media\/39013"}],"wp:attachment":[{"href":"https:\/\/portalfloresnoar.com\/floresnoar\/wp-json\/wp\/v2\/media?parent=39009"}],"wp:term":[{"taxonomy":"category","embeddable":true,"href":"https:\/\/portalfloresnoar.com\/floresnoar\/wp-json\/wp\/v2\/categories?post=39009"},{"taxonomy":"post_tag","embeddable":true,"href":"https:\/\/portalfloresnoar.com\/floresnoar\/wp-json\/wp\/v2\/tags?post=39009"}],"curies":[{"name":"wp","href":"https:\/\/api.w.org\/{rel}","templated":true}]}}