

{"id":39004,"date":"2021-01-07T10:03:54","date_gmt":"2021-01-07T13:03:54","guid":{"rendered":"http:\/\/portalfloresnoar.com\/floresnoar\/?p=39004"},"modified":"2021-01-07T10:03:54","modified_gmt":"2021-01-07T13:03:54","slug":"silvia-garcia-o-banho-aromaterapico","status":"publish","type":"post","link":"https:\/\/portalfloresnoar.com\/floresnoar\/silvia-garcia-o-banho-aromaterapico\/","title":{"rendered":"[S\u00cdLVIA GARCIA] O Banho Aromater\u00e1pico"},"content":{"rendered":"<p><img decoding=\"async\" loading=\"lazy\" class=\"alignnone  wp-image-39006\" src=\"http:\/\/portalfloresnoar.com\/floresnoar\/wp-content\/uploads\/2021\/01\/banho-com-oleos-essenciais-700x670.jpg\" alt=\"\" width=\"527\" height=\"504\" srcset=\"https:\/\/portalfloresnoar.com\/floresnoar\/wp-content\/uploads\/2021\/01\/banho-com-oleos-essenciais-700x670.jpg 700w, https:\/\/portalfloresnoar.com\/floresnoar\/wp-content\/uploads\/2021\/01\/banho-com-oleos-essenciais-300x287.jpg 300w, https:\/\/portalfloresnoar.com\/floresnoar\/wp-content\/uploads\/2021\/01\/banho-com-oleos-essenciais.jpg 754w\" sizes=\"(max-width: 527px) 100vw, 527px\" \/><\/p>\n<p>|\u00a0<em>Por S\u00edlvia Garcia\u00a0<\/em>|<\/p>\n<p>A adi\u00e7\u00e3o de \u00f3leos essenciais \u00e0 \u00e1gua do banho \u00e9 frequentemente recomendada como um eficiente tratamento caseiro. Confira abaixo alguns benef\u00edcios do banho aromater\u00e1pico:<\/p>\n<p>&#x1f4a7; \u00c9 revigorante e estimulante para melhorar a m\u00e1 circula\u00e7\u00e3o<br \/>\n&#x1f4a7; Suaviza a dor e ajuda a a regularizar a menstrua\u00e7\u00e3o<br \/>\n&#x1f4a7; Alivia a reten\u00e7\u00e3o de l\u00edquido<br \/>\n&#x1f4a7; Alivia o estresse, a ins\u00f4nia, a ansiedade e o choque<br \/>\n&#x1f4a7; Suaviza a artrite, o reumatismo e a dor de cabe\u00e7a<br \/>\n&#x1f4a7; Alivia a pris\u00e3o de ventre, a indigest\u00e3o e o estresse<br \/>\n&#x1f4a7; Alivia a psor\u00edase, dermatite, eczema, herpes-z\u00f3ster e cistite<br \/>\n&#x1f4a7; Alivia a depress\u00e3o e press\u00e3o alta<\/p>\n<p><strong><em>Orienta\u00e7\u00e3o b\u00e1sica para o banho de banheira<\/em><\/strong><br \/>\n<em>O n\u00famero de gotas sugeridas para uma banheira cheia de \u00e1gua \u00e9 de 6 a 8 gotas e ainda assim dilu\u00eddas em um \u00f3leo carreador (\u00f3leo de gergelim, de semente de uva, de am\u00eandoa doce, de coco&#8230;). Pode parecer muito pouco para ser eficaz, mas a pele super hidratada absorve os \u00f3leos com extrema efic\u00e1cia e o calor e o relaxamento do banho propiciam a penetra\u00e7\u00e3o dos \u00f3leos na pele. Esse banho conta tamb\u00e9m com o b\u00f4nus adicional da inala\u00e7\u00e3o dos \u00f3leos enquanto eles se evaporam no ar.<\/em><\/p>\n<p>Para cada sintoma citado acima existe uma ou v\u00e1rias causas emocionais.<\/p>\n<p>E para tanto existe uma receita espec\u00edfica, combinando \u00f3leos essenciais e ervas curativas.<\/p>\n<p>Al\u00e9m dos poderes fitoter\u00e1picos cada aroma, assim como cada erva, flor, raiz, caule &#8230;tem seu campo vibrat\u00f3rio que nos envolve com toda a sua sabedoria divina.<\/p>\n<p>Agregando a tudo isso, aplico diversas terapias at\u00e9 encontrar o que melhor atende a necessidade do cliente.<\/p>\n<p>\u00c9 com esse abra\u00e7o terap\u00eautico que te espero no <a href=\"http:\/\/portalfloresnoar.com\/floresnoar\/agenda-programa-caminhantes-reune-diversas-tecnicas-terapeuticas-em-4-sessoes-on-line\/\" target=\"_blank\" rel=\"noopener\">Programa Caminhantes<\/a> para o Desenvolvimento Humano e Sa\u00fade Integral!<\/p>\n<p><strong>CONTATOS<\/strong><br \/>\n<strong>S\u00edlvia Garcia<\/strong> &#8211; Terapeuta Integrativa Sist\u00eamica<br \/>\n<strong>WhatsApp:<\/strong>\u00a0(81) 99900.8769<br \/>\n<strong>Instagram:<\/strong>\u00a0@silvia.vieria.garcia<\/p>\n","protected":false},"excerpt":{"rendered":"<p>|\u00a0Por S\u00edlvia Garcia\u00a0| A adi\u00e7\u00e3o de \u00f3leos essenciais \u00e0 \u00e1gua do banho \u00e9 frequentemente recomendada como um eficiente tratamento caseiro. Confira abaixo alguns benef\u00edcios do banho aromater\u00e1pico: &#x1f4a7; \u00c9 revigorante e estimulante para melhorar a m\u00e1 circula\u00e7\u00e3o &#x1f4a7; Suaviza a dor e ajuda a a regularizar a menstrua\u00e7\u00e3o &#x1f4a7; Alivia a reten\u00e7\u00e3o de l\u00edquido &#x1f4a7; [&hellip;]<\/p>\n","protected":false},"author":1,"featured_media":39005,"comment_status":"open","ping_status":"open","sticky":false,"template":"","format":"standard","meta":{"om_disable_all_campaigns":false,"_monsterinsights_skip_tracking":false,"_monsterinsights_sitenote_active":false,"_monsterinsights_sitenote_note":"","_monsterinsights_sitenote_category":0,"footnotes":""},"categories":[220,978],"tags":[73,962,75,349,714,616],"acf":[],"publishpress_future_action":{"enabled":false,"date":"1969-12-31 21:00:00","action":"","terms":[],"taxonomy":"","browser_timezone_offset":0},"_links":{"self":[{"href":"https:\/\/portalfloresnoar.com\/floresnoar\/wp-json\/wp\/v2\/posts\/39004"}],"collection":[{"href":"https:\/\/portalfloresnoar.com\/floresnoar\/wp-json\/wp\/v2\/posts"}],"about":[{"href":"https:\/\/portalfloresnoar.com\/floresnoar\/wp-json\/wp\/v2\/types\/post"}],"author":[{"embeddable":true,"href":"https:\/\/portalfloresnoar.com\/floresnoar\/wp-json\/wp\/v2\/users\/1"}],"replies":[{"embeddable":true,"href":"https:\/\/portalfloresnoar.com\/floresnoar\/wp-json\/wp\/v2\/comments?post=39004"}],"version-history":[{"count":0,"href":"https:\/\/portalfloresnoar.com\/floresnoar\/wp-json\/wp\/v2\/posts\/39004\/revisions"}],"wp:featuredmedia":[{"embeddable":true,"href":"https:\/\/portalfloresnoar.com\/floresnoar\/wp-json\/wp\/v2\/media\/39005"}],"wp:attachment":[{"href":"https:\/\/portalfloresnoar.com\/floresnoar\/wp-json\/wp\/v2\/media?parent=39004"}],"wp:term":[{"taxonomy":"category","embeddable":true,"href":"https:\/\/portalfloresnoar.com\/floresnoar\/wp-json\/wp\/v2\/categories?post=39004"},{"taxonomy":"post_tag","embeddable":true,"href":"https:\/\/portalfloresnoar.com\/floresnoar\/wp-json\/wp\/v2\/tags?post=39004"}],"curies":[{"name":"wp","href":"https:\/\/api.w.org\/{rel}","templated":true}]}}