

{"id":38986,"date":"2020-08-01T11:20:47","date_gmt":"2020-08-01T14:20:47","guid":{"rendered":"http:\/\/portalfloresnoar.com\/floresnoar\/?p=38986"},"modified":"2021-01-19T10:52:52","modified_gmt":"2021-01-19T13:52:52","slug":"agenda-frequencias-de-brilho-com-karina-lira-dia-161","status":"publish","type":"post","link":"https:\/\/portalfloresnoar.com\/floresnoar\/agenda-frequencias-de-brilho-com-karina-lira-dia-161\/","title":{"rendered":"[AGENDA] Frequ\u00eancias de Brilho, com Karina Lira, dia 16\/1"},"content":{"rendered":"<p><img decoding=\"async\" loading=\"lazy\" class=\"alignnone wp-image-38988\" src=\"http:\/\/portalfloresnoar.com\/floresnoar\/wp-content\/uploads\/2021\/01\/atendimentos-frequencias-de-brilho-candeias-pernambuco-700x700.jpg\" alt=\"\" width=\"519\" height=\"519\" srcset=\"https:\/\/portalfloresnoar.com\/floresnoar\/wp-content\/uploads\/2021\/01\/atendimentos-frequencias-de-brilho-candeias-pernambuco-700x700.jpg 700w, https:\/\/portalfloresnoar.com\/floresnoar\/wp-content\/uploads\/2021\/01\/atendimentos-frequencias-de-brilho-candeias-pernambuco-150x150.jpg 150w, https:\/\/portalfloresnoar.com\/floresnoar\/wp-content\/uploads\/2021\/01\/atendimentos-frequencias-de-brilho-candeias-pernambuco-300x300.jpg 300w, https:\/\/portalfloresnoar.com\/floresnoar\/wp-content\/uploads\/2021\/01\/atendimentos-frequencias-de-brilho-candeias-pernambuco-768x768.jpg 768w, https:\/\/portalfloresnoar.com\/floresnoar\/wp-content\/uploads\/2021\/01\/atendimentos-frequencias-de-brilho-candeias-pernambuco-100x100.jpg 100w, https:\/\/portalfloresnoar.com\/floresnoar\/wp-content\/uploads\/2021\/01\/atendimentos-frequencias-de-brilho-candeias-pernambuco.jpg 900w\" sizes=\"(max-width: 519px) 100vw, 519px\" \/><\/p>\n<p>A terapeuta Karina Lira oferece no dia 16 de janeiro de 2021 a terapia de Frequ\u00eancias de Brilho, com valor social. Os atendimentos acontecem das 9h \u00e0s 12h, no Espa\u00e7o Chama Trina, em Candeias.<\/p>\n<p>&#8220;Frequ\u00eancias de Brilho \u00e9 um trabalho corporal multidimensional que nos reconecta \u00e0 nossa pr\u00f3pria luz e com isso a uma sa\u00fade radiante, paz e sabedoria espiritual. Este processo ativa portais existentes em nossa corpo e em nossa aura com um potencial ilimitado de cura e expans\u00e3o espiritual. \u00c9 um trabalho que nos permite ir al\u00e9m da mente do ego e nos conectar com nosso aspecto Divino&#8221;, explica Karina.<\/p>\n<p>A terapia de Frequ\u00eancias de Brilho foi trazida pelos Pleiadianos, atrav\u00e9s do canal da mestra espiritual Christine Day. \u00c9 feita usando toques suaves e sons que ativam portais na aura e no corpo. &#8220;A ativa\u00e7\u00e3o desses portais faz com que ancoremos nos corpos f\u00edsico, et\u00e9rico, astral e mental a luz vinda de nossos corpos mais sutis, do Esp\u00edrito ou centelha divina, proporcionado o aumento do padr\u00e3o vibrat\u00f3rio. Trabalha muito fortemente a energia do cora\u00e7\u00e3o e o sentimento de conex\u00e3o com todos os seres, a Teia da Vida&#8221;.<\/p>\n<figure id=\"attachment_38989\" aria-describedby=\"caption-attachment-38989\" style=\"width: 269px\" class=\"wp-caption alignleft\"><img decoding=\"async\" loading=\"lazy\" class=\" wp-image-38989\" src=\"http:\/\/portalfloresnoar.com\/floresnoar\/wp-content\/uploads\/2021\/01\/terapeuta-Karina-Lira-700x525.jpg\" alt=\"\" width=\"269\" height=\"202\" srcset=\"https:\/\/portalfloresnoar.com\/floresnoar\/wp-content\/uploads\/2021\/01\/terapeuta-Karina-Lira-700x525.jpg 700w, https:\/\/portalfloresnoar.com\/floresnoar\/wp-content\/uploads\/2021\/01\/terapeuta-Karina-Lira-300x225.jpg 300w, https:\/\/portalfloresnoar.com\/floresnoar\/wp-content\/uploads\/2021\/01\/terapeuta-Karina-Lira-160x120.jpg 160w, https:\/\/portalfloresnoar.com\/floresnoar\/wp-content\/uploads\/2021\/01\/terapeuta-Karina-Lira.jpg 720w\" sizes=\"(max-width: 269px) 100vw, 269px\" \/><figcaption id=\"caption-attachment-38989\" class=\"wp-caption-text\">Karina Lira na Montanha da Baleia<\/figcaption><\/figure>\n<p>&#8220;Frequ\u00eancias surgiu na minha vida quando eu morava em Alto Para\u00edso\/GO e estava num processo muito intenso de acolher as minhas sombras e me abrir pra compaix\u00e3o. Eu costumava subir a montanha da Baleia e acampar sozinha l\u00e1 em cima pra meditar. Ter feito o curso de Frequ\u00eancias de Brilho nessa \u00e9poca me deu suporte para esse processo que culminou em dar nascimento a uma capacidade de Amar(incondicionalmente) muito maior do que poderia ter imaginado antes. Tamb\u00e9m foi a \u00e9poca em que eu estava escrevendo meu livro &#8216;Sacerdotisa do Amor&#8217; e me aprofundando no trabalho de canaliza\u00e7\u00e3o da Arte do Amor, e eu realmente precisava me conectar com meu cora\u00e7\u00e3o&#8221;, conta Karina.<\/p>\n<p>TERAPEUTA<br \/>\n<strong>Karina Lira<\/strong> \u00e9 t\u00e9cnica em Agroecologia, arte-educadora, arteterapeuta, mestra de Reiki e terapeuta de Frequ\u00eancias de Brilho desde 2012. Tamb\u00e9m trabalha com Apometria, Resgate de Alma e \u00e9 canalizadora do Sistema Arte do Amor de Expans\u00e3o da Consci\u00eancia.<\/p>\n<p>SERVI\u00c7O<br \/>\n<strong>Atendimentos com Frequ\u00eancias de Brilho<\/strong><br \/>\n<strong>Data:<\/strong> 16\/01\/2021 (s\u00e1bado)<br \/>\n<strong>Hora:<\/strong> 9h \u00e0s 12h<br \/>\n<strong>Local:<\/strong> Espa\u00e7o Chama Trina &#8211; Rua Oscar Pereira, 42, Candeias, Jaboat\u00e3o dos Guararapes\/PE<br \/>\n<strong>Valor social:<\/strong> R$ 60,00<\/p>\n<p><strong>Inscri\u00e7\u00f5es e mais informa\u00e7\u00f5es:<\/strong><br \/>\n<strong>Fone:<\/strong> (81) 994552650<br \/>\n<strong>Instagram:<\/strong> <a href=\"https:\/\/www.instagram.com\/arte_damor\/\" target=\"_blank\" rel=\"noopener\">@arte_damor<\/a><br \/>\n<strong>Site:<\/strong> <a href=\"https:\/\/www.artedoamor.net\/\" target=\"_blank\" rel=\"noopener\">artedoamor.net<\/a><\/p>\n","protected":false},"excerpt":{"rendered":"<p>A terapeuta Karina Lira oferece no dia 16 de janeiro de 2021 a terapia de Frequ\u00eancias de Brilho, com valor social. Os atendimentos acontecem das 9h \u00e0s 12h, no Espa\u00e7o Chama Trina, em Candeias. &#8220;Frequ\u00eancias de Brilho \u00e9 um trabalho corporal multidimensional que nos reconecta \u00e0 nossa pr\u00f3pria luz e com isso a uma sa\u00fade [&hellip;]<\/p>\n","protected":false},"author":1,"featured_media":38987,"comment_status":"open","ping_status":"open","sticky":false,"template":"","format":"standard","meta":{"om_disable_all_campaigns":false,"_monsterinsights_skip_tracking":false,"_monsterinsights_sitenote_active":false,"_monsterinsights_sitenote_note":"","_monsterinsights_sitenote_category":0,"footnotes":""},"categories":[8,214],"tags":[325,319,984,985],"acf":[],"publishpress_future_action":{"enabled":false,"date":"1969-12-31 21:00:00","action":"","terms":[],"taxonomy":"","browser_timezone_offset":0},"_links":{"self":[{"href":"https:\/\/portalfloresnoar.com\/floresnoar\/wp-json\/wp\/v2\/posts\/38986"}],"collection":[{"href":"https:\/\/portalfloresnoar.com\/floresnoar\/wp-json\/wp\/v2\/posts"}],"about":[{"href":"https:\/\/portalfloresnoar.com\/floresnoar\/wp-json\/wp\/v2\/types\/post"}],"author":[{"embeddable":true,"href":"https:\/\/portalfloresnoar.com\/floresnoar\/wp-json\/wp\/v2\/users\/1"}],"replies":[{"embeddable":true,"href":"https:\/\/portalfloresnoar.com\/floresnoar\/wp-json\/wp\/v2\/comments?post=38986"}],"version-history":[{"count":0,"href":"https:\/\/portalfloresnoar.com\/floresnoar\/wp-json\/wp\/v2\/posts\/38986\/revisions"}],"wp:featuredmedia":[{"embeddable":true,"href":"https:\/\/portalfloresnoar.com\/floresnoar\/wp-json\/wp\/v2\/media\/38987"}],"wp:attachment":[{"href":"https:\/\/portalfloresnoar.com\/floresnoar\/wp-json\/wp\/v2\/media?parent=38986"}],"wp:term":[{"taxonomy":"category","embeddable":true,"href":"https:\/\/portalfloresnoar.com\/floresnoar\/wp-json\/wp\/v2\/categories?post=38986"},{"taxonomy":"post_tag","embeddable":true,"href":"https:\/\/portalfloresnoar.com\/floresnoar\/wp-json\/wp\/v2\/tags?post=38986"}],"curies":[{"name":"wp","href":"https:\/\/api.w.org\/{rel}","templated":true}]}}