

{"id":38918,"date":"2020-12-19T11:27:35","date_gmt":"2020-12-19T14:27:35","guid":{"rendered":"http:\/\/portalfloresnoar.com\/floresnoar\/?p=38918"},"modified":"2022-03-04T11:12:30","modified_gmt":"2022-03-04T14:12:30","slug":"estudos-astrologicos-a-conjuncao-de-jupiter-e-saturno-em-aquario","status":"publish","type":"post","link":"https:\/\/portalfloresnoar.com\/floresnoar\/estudos-astrologicos-a-conjuncao-de-jupiter-e-saturno-em-aquario\/","title":{"rendered":"[ARTIGO] A conjun\u00e7\u00e3o de J\u00fapiter e Saturno em Aqu\u00e1rio"},"content":{"rendered":"<figure id=\"attachment_38920\" aria-describedby=\"caption-attachment-38920\" style=\"width: 534px\" class=\"wp-caption alignnone\"><img decoding=\"async\" loading=\"lazy\" class=\"wp-image-38920 \" src=\"http:\/\/portalfloresnoar.com\/floresnoar\/wp-content\/uploads\/2020\/12\/estrela-de-belem_conjuncao-jupiter-saturno_foto-joao-claudiano-700x392.jpg\" alt=\"\" width=\"534\" height=\"299\" srcset=\"https:\/\/portalfloresnoar.com\/floresnoar\/wp-content\/uploads\/2020\/12\/estrela-de-belem_conjuncao-jupiter-saturno_foto-joao-claudiano-700x392.jpg 700w, https:\/\/portalfloresnoar.com\/floresnoar\/wp-content\/uploads\/2020\/12\/estrela-de-belem_conjuncao-jupiter-saturno_foto-joao-claudiano-300x168.jpg 300w, https:\/\/portalfloresnoar.com\/floresnoar\/wp-content\/uploads\/2020\/12\/estrela-de-belem_conjuncao-jupiter-saturno_foto-joao-claudiano-768x430.jpg 768w, https:\/\/portalfloresnoar.com\/floresnoar\/wp-content\/uploads\/2020\/12\/estrela-de-belem_conjuncao-jupiter-saturno_foto-joao-claudiano.jpg 1500w\" sizes=\"(max-width: 534px) 100vw, 534px\" \/><figcaption id=\"caption-attachment-38920\" class=\"wp-caption-text\">Os planetas J\u00fapiter e Saturno, vistos no C\u00e9u de Aldeia (Camaragibe\/PE) | Foto: Jo\u00e3o Claudiano<\/figcaption><\/figure>\n<p>| Por Luciana Rabelo* |<br \/>\n<em>Da Reda\u00e7\u00e3o Flores no Ar<\/em><\/p>\n<p>No dia 21 de dezembro de 2020, dia em que o Sol ingressa em Capric\u00f3rnio, marcando o <strong><a href=\"http:\/\/portalfloresnoar.com\/floresnoar\/solsticio-de-verao\/\" target=\"_blank\" rel=\"noopener\">Solst\u00edcio de Ver\u00e3o c\u00e1 no Hemisf\u00e9rio Sul<\/a><\/strong>, uma conjun\u00e7\u00e3o exata entre os planetas J\u00fapiter e Saturno, no comecinho do Signo de Aqu\u00e1rio, \u00e0s 15h20min (hor\u00e1rio de Bras\u00edlia), simboliza realmente o in\u00edcio de novos tempos. A uni\u00e3o dos\u00a0dois maiores planetas do Sistema Solar pode ser vista a olho nu no poente, logo ao anoitecer, num lindo espet\u00e1culo celeste.<\/p>\n<p>Dizem que foi uma conjun\u00e7\u00e3o de J\u00fapiter e Saturno, chamada de &#8216;A Estrela de Bel\u00e9m&#8217;, que guiou os Reis Magos at\u00e9 o local de nascimento de Jesus, trazendo-nos o simbolismo de uma Estrela Guia, nos direcionando para o surgimento de algo novo.<\/p>\n<p>Com a transi\u00e7\u00e3o capricorniana para aquariana, esses planetas saem de uma energia mais materialista para outra mais humanit\u00e1ria, destacando um ciclo de retra\u00e7\u00e3o (Saturno) e expans\u00e3o (j\u00fapiter) num Signo (Aqu\u00e1rio) de novos ideais e valores.<\/p>\n<p>Logo ap\u00f3s a conjun\u00e7\u00e3o, quando J\u00fapiter ultrapassar Saturno, a tend\u00eancia \u00e9 que haja uma expans\u00e3o energ\u00e9tica (J\u00fapiter), com a quebra de antigos padr\u00f5es, para logo ap\u00f3s as coisas irem se\u00a0condensando, se estruturando, se organizando e solidificando. &#8220;J\u00fapiter vai trazer as ideias, as inspira\u00e7\u00f5es, e Saturno vai dar forma&#8221;, informa a astr\u00f3loga D\u00e9bora Mechica, do canal <strong><a href=\"https:\/\/www.youtube.com\/channel\/UCpr-5UMRg5LdZzsUsTKwbSw\" target=\"_blank\" rel=\"noopener\">Encontros Astrol\u00f3gicos<\/a><\/strong>. Novas oportunidades surgir\u00e3o, e cabe a n\u00f3s, com intelig\u00eancia, nos questionar, nos reinventar e aproveitar as mudan\u00e7as para agir com mais responsabilidade e uni\u00e3o.<\/p>\n<p>Aqu\u00e1rio nos brinda com uma energia de fraternidade, amor, humanitarismo, amizade, independ\u00eancia, avan\u00e7o tecnol\u00f3gico, sendo um Signo vision\u00e1rio, inovador, reformista, futurista e rebelde. Com o rompimento de velhos modelos, somos convidados a termos coragem de sermos originais, verdadeiros e fraternos.<\/p>\n<p>Mas al\u00e9m deste posicionamento, astrologicamente, este ano de 2021 ser\u00e1 um per\u00edodo de muitos desafios, pois outras configura\u00e7\u00f5es celestes, como v\u00e1rias quadraturas logo no in\u00edcio do ano, inclusive com Urano em Touro, poder\u00e3o trazer tempestades e miragens, num\u00a0 momento de questionamentos de cren\u00e7as e dogmas, e quebra de paradigmas.<\/p>\n<p>&#8220;Podemos esperar, para curto e longo prazo, imprevisibilidade e instabilidade; protestos, rebeli\u00f5es, manifesta\u00e7\u00f5es e convuls\u00f5es sociais; tens\u00f5es entre velhas e novas ideias; novas ideologias; uma grande desigualdade social seguida de lutas por equanimidade; novos marcos civilizat\u00f3rios com o avan\u00e7o de leis que salvaguardem os direitos humanos; avan\u00e7o tecnol\u00f3gico como nunca visto; novas maneiras de amar, de se relacionar e de formar fam\u00edlias; processos de expans\u00e3o da consci\u00eancia e percep\u00e7\u00e3o de realidade; o amor pelo conhecimento; a transgress\u00e3o de valores obsoletos, vanguardismo, rebeldia e originalidade&#8221;, declara a astr\u00f3loga <strong><a href=\"http:\/\/www.aastrologa.com.br\/\" target=\"_blank\" rel=\"noopener\">Aline Maccari<\/a><\/strong>.<\/p>\n<p>&#8220;A\u00a0gente precisa come\u00e7ar a entender que n\u00f3s somos irm\u00e3os, que somos fam\u00edlia, que estamos dentro de um mesmo globo, uma mesma casa, e toda essa configura\u00e7\u00e3o celeste vai cobrar da gente responsabilidade social&#8221;, explica a astr\u00f3loga <strong><a href=\"https:\/\/www.youtube.com\/watch?v=b0QIpmttYdw&amp;ab_channel=EncontrosAstrol%C3%B3gicos%3AD%C3%A9boraMechica\" target=\"_blank\" rel=\"noopener\">D\u00e9bora Mechica<\/a>.<\/strong><\/p>\n<p>O encontro de J\u00fapiter e Saturno em Aqu\u00e1rio \u00e9 tamb\u00e9m chamado de <strong><a href=\"http:\/\/www.aastrologa.com.br\/2020\/12\/a-grande-mutacao-conjuncao-historica.html#more\" target=\"_blank\" rel=\"noopener\">&#8216;A Grande Muta\u00e7\u00e3o&#8217;<\/a>,<\/strong> pois reinicia, ap\u00f3s 800 anos, a uni\u00e3o desses dois planetas, durante cerca de 200 anos, em signos do elemento Ar (Aqu\u00e1rio, G\u00eameos e Libra).<\/p>\n<p>Que caiam as velhas estruturas capitalistas, e que esses novos tempos nos conscientizem da import\u00e2ncia de cuidar da nossa casa, a M\u00e3e Terra, e de todos os filhos e filhas que nela residem, preparando um lugar melhor para os nossos descendentes, onde o Respeito e o Amor sejam verdadeiramente vividos.<\/p>\n<p><em>* Luciana Rabelo \u00e9 <a href=\"https:\/\/www.instagram.com\/canto.de.lu\/\" target=\"_blank\" rel=\"noopener\">cantadeira<\/a>, jornalista, arteterapeuta e guardi\u00e3 do Portal Flores no Ar. Estuda Ervas, Cristais, Astrologia, Sonhos e Tarot.<\/em><\/p>\n<p><strong><em>Abaixo seguem v\u00eddeos que inspiraram a escrita deste artigo!<\/em><\/strong><\/p>\n<p><iframe loading=\"lazy\" src=\"https:\/\/www.youtube.com\/embed\/b0QIpmttYdw\" width=\"560\" height=\"315\" frameborder=\"0\" allowfullscreen=\"allowfullscreen\"><\/iframe><\/p>\n<p><iframe loading=\"lazy\" src=\"https:\/\/www.youtube.com\/embed\/AGhZBU5NfKw\" width=\"560\" height=\"315\" frameborder=\"0\" allowfullscreen=\"allowfullscreen\"><\/iframe><\/p>\n<p><iframe loading=\"lazy\" src=\"https:\/\/www.youtube.com\/embed\/mG438fgVvEY\" width=\"560\" height=\"315\" frameborder=\"0\" allowfullscreen=\"allowfullscreen\"><\/iframe><\/p>\n","protected":false},"excerpt":{"rendered":"<p>| Por Luciana Rabelo* | Da Reda\u00e7\u00e3o Flores no Ar No dia 21 de dezembro de 2020, dia em que o Sol ingressa em Capric\u00f3rnio, marcando o Solst\u00edcio de Ver\u00e3o c\u00e1 no Hemisf\u00e9rio Sul, uma conjun\u00e7\u00e3o exata entre os planetas J\u00fapiter e Saturno, no comecinho do Signo de Aqu\u00e1rio, \u00e0s 15h20min (hor\u00e1rio de Bras\u00edlia), simboliza [&hellip;]<\/p>\n","protected":false},"author":1,"featured_media":38920,"comment_status":"open","ping_status":"open","sticky":false,"template":"","format":"standard","meta":{"om_disable_all_campaigns":false,"_monsterinsights_skip_tracking":false,"_monsterinsights_sitenote_active":false,"_monsterinsights_sitenote_note":"","_monsterinsights_sitenote_category":0,"footnotes":""},"categories":[10],"tags":[18,136,650,977,651,787],"acf":[],"publishpress_future_action":{"enabled":false,"date":"1969-12-31 21:00:00","action":"","terms":[],"taxonomy":"","browser_timezone_offset":0},"_links":{"self":[{"href":"https:\/\/portalfloresnoar.com\/floresnoar\/wp-json\/wp\/v2\/posts\/38918"}],"collection":[{"href":"https:\/\/portalfloresnoar.com\/floresnoar\/wp-json\/wp\/v2\/posts"}],"about":[{"href":"https:\/\/portalfloresnoar.com\/floresnoar\/wp-json\/wp\/v2\/types\/post"}],"author":[{"embeddable":true,"href":"https:\/\/portalfloresnoar.com\/floresnoar\/wp-json\/wp\/v2\/users\/1"}],"replies":[{"embeddable":true,"href":"https:\/\/portalfloresnoar.com\/floresnoar\/wp-json\/wp\/v2\/comments?post=38918"}],"version-history":[{"count":0,"href":"https:\/\/portalfloresnoar.com\/floresnoar\/wp-json\/wp\/v2\/posts\/38918\/revisions"}],"wp:featuredmedia":[{"embeddable":true,"href":"https:\/\/portalfloresnoar.com\/floresnoar\/wp-json\/wp\/v2\/media\/38920"}],"wp:attachment":[{"href":"https:\/\/portalfloresnoar.com\/floresnoar\/wp-json\/wp\/v2\/media?parent=38918"}],"wp:term":[{"taxonomy":"category","embeddable":true,"href":"https:\/\/portalfloresnoar.com\/floresnoar\/wp-json\/wp\/v2\/categories?post=38918"},{"taxonomy":"post_tag","embeddable":true,"href":"https:\/\/portalfloresnoar.com\/floresnoar\/wp-json\/wp\/v2\/tags?post=38918"}],"curies":[{"name":"wp","href":"https:\/\/api.w.org\/{rel}","templated":true}]}}