

{"id":38881,"date":"2021-01-08T07:33:09","date_gmt":"2021-01-08T10:33:09","guid":{"rendered":"http:\/\/portalfloresnoar.com\/floresnoar\/?p=38881"},"modified":"2021-01-08T15:50:01","modified_gmt":"2021-01-08T18:50:01","slug":"tarot-em-2021-fortaleca-e-expanda-sua-expressao-divina","status":"publish","type":"post","link":"https:\/\/portalfloresnoar.com\/floresnoar\/tarot-em-2021-fortaleca-e-expanda-sua-expressao-divina\/","title":{"rendered":"[TAROT] Em 2021, fortale\u00e7a e expanda sua express\u00e3o divina!"},"content":{"rendered":"<p><img decoding=\"async\" loading=\"lazy\" class=\"aligncenter wp-image-38883\" src=\"http:\/\/portalfloresnoar.com\/floresnoar\/wp-content\/uploads\/2020\/12\/tarot-2021.jpg\" alt=\"\" width=\"597\" height=\"351\" srcset=\"https:\/\/portalfloresnoar.com\/floresnoar\/wp-content\/uploads\/2020\/12\/tarot-2021.jpg 900w, https:\/\/portalfloresnoar.com\/floresnoar\/wp-content\/uploads\/2020\/12\/tarot-2021-300x176.jpg 300w, https:\/\/portalfloresnoar.com\/floresnoar\/wp-content\/uploads\/2020\/12\/tarot-2021-768x451.jpg 768w, https:\/\/portalfloresnoar.com\/floresnoar\/wp-content\/uploads\/2020\/12\/tarot-2021-700x411.jpg 700w\" sizes=\"(max-width: 597px) 100vw, 597px\" \/><\/p>\n<p>| <em>Por Ronaldo Silva*<\/em> |<\/p>\n<p>Se em 2020, houve o convite ao despertar, para muitos, 2021 ser\u00e1 o ano para fortalecermos nossa trajet\u00f3ria, ou mesmo que encontremos o caminho para expans\u00e3o e express\u00e3o de nossa centelha divina. Sim. Quando falamos em &#8216;Centelha Divina&#8217;, &#8216;Ess\u00eancia Divina&#8217;, &#8216;Eu Infinito&#8217; n\u00e3o tem apenas a ver com a espiritualidade, e tem.<\/p>\n<p>Ao somarmos 2 + 0 + 2 + 1 teremos 5 como resultado. No tarot, o arcano maior de n\u00famero cinco corresponde ao Hierofante ou Sumo Sacerdote. Hierofante \u00e9 o termo usado para designar os sacerdotes da alta hierarquia dos mist\u00e9rios da Gr\u00e9cia e do Egito antigos. Logo, o ano de 2021 \u00e9 o convite para que voc\u00ea se entregue ao caminho no qual acredita, porque funciona e revela o verdadeiro significado \u00e0 sua vida.<\/p>\n<p>Sim, o Sumo Sacerdote nos convida a refletir sobre quais escolhas (ou escolha) podemos fazer para vivenciarmos nossa trajet\u00f3ria de vida com total empolga\u00e7\u00e3o e alegria. Quando escolhemos o que nos satisfaz plenamente, nossas a\u00e7\u00f5es ser\u00e3o pura contribui\u00e7\u00e3o para o Todo, sinal de que estamos em sintonia com o bem maior.<\/p>\n<p><em>\u201cTudo o que move \u00e9 sagrado.\u201d<\/em><br \/>\nPortanto, 2021 sugere sincronia do sagrado na mat\u00e9ria e vice-versa. Seja qual for o nosso of\u00edcio, sejamos contribui\u00e7\u00e3o para o bem comum. Para tanto, a inspira\u00e7\u00e3o ser\u00e1 um instrumento necess\u00e1rio para nos movermos ao longo dos 365 dias. Transcender a mat\u00e9ria para enxergarmos o campo sutil. Pura alquimia.<\/p>\n<p>Quanto de voc\u00ea est\u00e1 disposto a transcender e ir al\u00e9m?<\/p>\n<p>Exercitemos um olhar mais amplo sobre a vida e, consequentemente, sobre os desafios que nela surgem.<\/p>\n<p>Estejamos em permiss\u00e3o por vibrar e ampliar nossa compreens\u00e3o na benevol\u00eancia e na consci\u00eancia de que a humanidade existe para expandir. E todos n\u00f3s, eu e voc\u00ea, estamos nessa jornada; cada qual no seu n\u00edvel e ritmo, podendo coexistir no respeito, na paci\u00eancia e no m\u00fatuo acolhimento.<\/p>\n<p>Assim, percebemos que o pr\u00f3prio ato de existir requer de n\u00f3s essa disposi\u00e7\u00e3o em avan\u00e7armos, para n\u00e3o desperdi\u00e7armos vida, para amarmos mais, para, aos poucos, iluminarmo-nos.<\/p>\n<p><em>* Ronaldo Silva \u00e9 tar\u00f3logo e terapeuta energ\u00e9tico.<\/em><br \/>\n<em>\u00a0 \u00a0Contato: (81) 9.9503.6966 (WhatsApp)<\/em><\/p>\n","protected":false},"excerpt":{"rendered":"<p>| Por Ronaldo Silva* | Se em 2020, houve o convite ao despertar, para muitos, 2021 ser\u00e1 o ano para fortalecermos nossa trajet\u00f3ria, ou mesmo que encontremos o caminho para expans\u00e3o e express\u00e3o de nossa centelha divina. Sim. Quando falamos em &#8216;Centelha Divina&#8217;, &#8216;Ess\u00eancia Divina&#8217;, &#8216;Eu Infinito&#8217; n\u00e3o tem apenas a ver com a espiritualidade, [&hellip;]<\/p>\n","protected":false},"author":1,"featured_media":38882,"comment_status":"open","ping_status":"open","sticky":false,"template":"","format":"standard","meta":{"om_disable_all_campaigns":false,"_monsterinsights_skip_tracking":false,"_monsterinsights_sitenote_active":false,"_monsterinsights_sitenote_note":"","_monsterinsights_sitenote_category":0,"footnotes":""},"categories":[10],"tags":[388,499,136,390,296,86],"acf":[],"publishpress_future_action":{"enabled":false,"date":"1969-12-31 21:00:00","action":"","terms":[],"taxonomy":"","browser_timezone_offset":0},"_links":{"self":[{"href":"https:\/\/portalfloresnoar.com\/floresnoar\/wp-json\/wp\/v2\/posts\/38881"}],"collection":[{"href":"https:\/\/portalfloresnoar.com\/floresnoar\/wp-json\/wp\/v2\/posts"}],"about":[{"href":"https:\/\/portalfloresnoar.com\/floresnoar\/wp-json\/wp\/v2\/types\/post"}],"author":[{"embeddable":true,"href":"https:\/\/portalfloresnoar.com\/floresnoar\/wp-json\/wp\/v2\/users\/1"}],"replies":[{"embeddable":true,"href":"https:\/\/portalfloresnoar.com\/floresnoar\/wp-json\/wp\/v2\/comments?post=38881"}],"version-history":[{"count":0,"href":"https:\/\/portalfloresnoar.com\/floresnoar\/wp-json\/wp\/v2\/posts\/38881\/revisions"}],"wp:featuredmedia":[{"embeddable":true,"href":"https:\/\/portalfloresnoar.com\/floresnoar\/wp-json\/wp\/v2\/media\/38882"}],"wp:attachment":[{"href":"https:\/\/portalfloresnoar.com\/floresnoar\/wp-json\/wp\/v2\/media?parent=38881"}],"wp:term":[{"taxonomy":"category","embeddable":true,"href":"https:\/\/portalfloresnoar.com\/floresnoar\/wp-json\/wp\/v2\/categories?post=38881"},{"taxonomy":"post_tag","embeddable":true,"href":"https:\/\/portalfloresnoar.com\/floresnoar\/wp-json\/wp\/v2\/tags?post=38881"}],"curies":[{"name":"wp","href":"https:\/\/api.w.org\/{rel}","templated":true}]}}