

{"id":38878,"date":"2020-12-17T09:51:13","date_gmt":"2020-12-17T12:51:13","guid":{"rendered":"http:\/\/portalfloresnoar.com\/floresnoar\/?p=38878"},"modified":"2020-12-17T09:56:25","modified_gmt":"2020-12-17T12:56:25","slug":"silvia-garcia-feng-shui-decoracao-a-porta-de-entrada","status":"publish","type":"post","link":"https:\/\/portalfloresnoar.com\/floresnoar\/silvia-garcia-feng-shui-decoracao-a-porta-de-entrada\/","title":{"rendered":"[S\u00cdLVIA GARCIA] Feng Shui &#8216;DeCora\u00e7\u00e3o&#8217;: A porta de entrada"},"content":{"rendered":"<p><img decoding=\"async\" loading=\"lazy\" class=\"aligncenter wp-image-38889\" src=\"http:\/\/portalfloresnoar.com\/floresnoar\/wp-content\/uploads\/2020\/12\/feng-shui-porta-de-entrada.jpg\" alt=\"\" width=\"600\" height=\"600\" srcset=\"https:\/\/portalfloresnoar.com\/floresnoar\/wp-content\/uploads\/2020\/12\/feng-shui-porta-de-entrada.jpg 1080w, https:\/\/portalfloresnoar.com\/floresnoar\/wp-content\/uploads\/2020\/12\/feng-shui-porta-de-entrada-150x150.jpg 150w, https:\/\/portalfloresnoar.com\/floresnoar\/wp-content\/uploads\/2020\/12\/feng-shui-porta-de-entrada-300x300.jpg 300w, https:\/\/portalfloresnoar.com\/floresnoar\/wp-content\/uploads\/2020\/12\/feng-shui-porta-de-entrada-768x768.jpg 768w, https:\/\/portalfloresnoar.com\/floresnoar\/wp-content\/uploads\/2020\/12\/feng-shui-porta-de-entrada-700x700.jpg 700w, https:\/\/portalfloresnoar.com\/floresnoar\/wp-content\/uploads\/2020\/12\/feng-shui-porta-de-entrada-100x100.jpg 100w\" sizes=\"(max-width: 600px) 100vw, 600px\" \/><\/p>\n<p>| <em>Por S\u00edlvia Garcia*<\/em> |<\/p>\n<p>&#8216;Meu mundo e nada mais&#8217; &#8211; esse t\u00edtulo \u00e9 de uma m\u00fasica do Guilherme Arantes, de 1976, na qual ele lamenta a distor\u00e7\u00e3o do mundo exterior com o seu mundo interno. Naquela \u00e9poca, ele era bem jovem e queria se esconder num quarto escuro: <em>\u201cEu queria tanto estar no escuro do meu quarto a meia-noite, a meia luz, sonhando, daria tudo por meu mundo e nada mais.&#8221;<\/em><\/p>\n<p>Mas se esconder num quarto escuro n\u00e3o vai resolver as nossas dores, pelo contr\u00e1rio, os ambientes escuros atraem energias mal qualificadas, de baixa vibra\u00e7\u00e3o, que nos levam para pensamentos depressivos que nos fazem acreditar que a vida n\u00e3o tem mais jeito, nossos problemas n\u00e3o tem solu\u00e7\u00e3o e que o mundo est\u00e1 perdido.<\/p>\n<p>Ent\u00e3o, te convido a fazermos juntas uma analogia dos ambientes da nossa casa (teto, piso, m\u00f3veis&#8230;) com o nosso espa\u00e7o interno, pensamentos, emo\u00e7\u00f5es, sentimentos, sonhos&#8230;<\/p>\n<p>Comecemos pela &#8216;Porta de Entrada&#8217;!<\/p>\n<p>Quem n\u00e3o nos conhece por dentro tira algumas conclus\u00f5es j\u00e1 pela fachada. O que tenho ao lado da porta de entrada da minha casa? Plantas secas, mal tratadas, uma porta desbotada, fechadura ressecada, a porta range e faz um barulho irritante ao mov\u00ea-la, um capacho feio, rasgado, cad\u00ea a numera\u00e7\u00e3o da casa ou apartamento?<\/p>\n<p>Sabe aquela correspond\u00eancia que faria uma baita diferen\u00e7a na sua vida? O chamado de um emprego novo, a convoca\u00e7\u00e3o de um cargo ap\u00f3s passar num concurso p\u00fablico, o sorteio de um presente significativo&#8230;enfim, algo de valor que fa\u00e7a toda a diferen\u00e7a na sua prosperidade, pois \u00e9, n\u00e3o vai chegar, sabe por que? Porque o seu endere\u00e7o est\u00e1 descuidado, sujo, desleixado.<\/p>\n<p>Qual energia voc\u00ea est\u00e1 convidando para adentrar no seu lar com esse tipo de recep\u00e7\u00e3o? A porta \u00e9 o elo entre o exterior e o interior. Isso \u00e9 sinal de que voc\u00ea n\u00e3o quer ser vista, voc\u00ea n\u00e3o quer ser achada, voc\u00ea se esconde do mundo.<\/p>\n<p>Posso sugerir v\u00e1rios motivos, como: medo de sair pro mundo, medo de n\u00e3o corresponder \u00e0s altas expectativas que voc\u00ea mesma se imp\u00f4s, medo de ser julgada, vergonha de ser quem \u00e9, vergonha do seu corpo&#8230;<\/p>\n<p>Quando n\u00e3o damos a devida import\u00e2ncia para a porta de entrada, podem acontecer problemas de relacionamentos, de carreira e desequil\u00edbrios emocionais.<\/p>\n<p>Respondendo a tudo isso, te ofere\u00e7o outra m\u00fasica. Essa \u00e9 do Paulo Soledade, cantada pelo meu querido e saudoso Emilio Santiago:<\/p>\n<p><em>&#8220;Est\u00e3o voltando as Flores<\/em><br \/>\n<em> V\u00ea, est\u00e3o voltando as flores<\/em><br \/>\n<em> V\u00ea, nessa manh\u00e3 t\u00e3o linda<\/em><br \/>\n<em> V\u00ea, como \u00e9 bonita a vida<\/em><br \/>\n<em> V\u00ea, h\u00e1 esperan\u00e7a ainda<\/em><br \/>\n<em> V\u00ea, as nuvens v\u00e3o passando<\/em><br \/>\n<em> V\u00ea, um novo c\u00e9u se abrindo<\/em><br \/>\n<em> V\u00ea, o sol iluminando<\/em><br \/>\n<em> Por onde n\u00f3s vamos indo<\/em><br \/>\n<em> Por onde n\u00f3s vamos indo&#8221;<\/em><\/p>\n<p>\u00c9 com essa \u201cvibe boa\u201d, que te sugiro dicas para a sua porta de entrada, convidando energias de leveza, alegria e esperan\u00e7a, ou seja, um bom &#8216;Chi&#8217;:<\/p>\n<p>\u2022 Mantenha o hall de entrada sempre limpo;<br \/>\n\u2022 \u00c9 pela porta que entra a nossa prosperidade, ent\u00e3o esta precisa ser proporcional ao tamanho da nossa casa;<br \/>\n\u2022 Decore com cores leves e alegres;<br \/>\n\u2022 Se a porta de entrada n\u00e3o te agradar, ou estiver j\u00e1 muito desgastada, troque-a por uma porta imponente e aproveite para pintar de branco, essa cor causa um forte impacto positivo a quem chega e tamb\u00e9m serve como bloqueio\/blindagem a qualquer energia mal qualificada, mostrando que neste lar reina vibra\u00e7\u00f5es elevadas;<br \/>\n\u2022 Ma\u00e7anetas ou puxadores dourados fazem uma combina\u00e7\u00e3o perfeita, causando beleza e atraindo a prosperidade;<br \/>\n\u2022 Aten\u00e7\u00e3o para que a porta transmita seguran\u00e7a, afinal, ela est\u00e1 ali para proteger seu lar de ser invadido;<br \/>\n\u2022 Use um bagu\u00e1 como s\u00edmbolo de prote\u00e7\u00e3o: deve ser colocado acima da porta de entrada, no centro, para repelir energias nocivas de qualquer origem e atrair as energias ben\u00e9ficas;<br \/>\n\u2022 Plantas tamb\u00e9m s\u00e3o bem vindas, como: zamioculca, l\u00edrio da paz, arruda&#8230;essas atraem prosperidade, paz e prote\u00e7\u00e3o. N\u00e3o use a espada de S\u00e3o Jorge grudada a porta, nem dentro de casa. Ela \u00e9 \u00f3tima para cortar energias negativas, por isso torna-se um pouco agressiva para ficar dentro do nosso lar, e encostada na porta de entrada afasta todas as energias, inclusive as positivas.<\/p>\n<p>Te convido a se cuidar por dentro e por fora, porque estamos totalmente integrados, mente, corpo e esp\u00edrito.<\/p>\n<p>Sinta, pense e aja com alegria e determina\u00e7\u00e3o. Fa\u00e7a as mudan\u00e7as na sua casa que voc\u00ea quer que reflitam na sua vida. Tenho certeza que isso atrair\u00e1 fatos e pessoas auspiciosas, um jeito novo de enxergar a vida, coragem para se arriscar e perceber que todos n\u00f3s temos muito a ensinar e a aprender.<\/p>\n<p>Feliz Vida Nova!<\/p>\n<p>* Silvia Garcia \u00e9 terapeuta Cone Hindu, t\u00e9cnica Emilyn Hasbeni, Thetahealer, praticante de Barras de Access e Processos Corporais de Access, Leitora de Aura e Registros Ak\u00e1shicos, Rebalancing (Massagem Profunda) formada pela Osho Bahia, e Reikiana. Estudiosa encantada por Fitoterapia, Florais, Aromaterapia, Ci\u00eancias Hol\u00edsticas e Sabedoria Xam\u00e2nica.<\/p>\n<p><strong>CONTATOS<\/strong><br \/>\n<strong>WhatsApp:<\/strong> (81) 99900.8769<br \/>\n<strong>Instagram:<\/strong> @silvia.vieria.garcia<\/p>\n<p>*******<\/p>\n<p>Confira no link abaixo a #livefloresnoar com S\u00edliva Garcia:<br \/>\n<a href=\"https:\/\/www.instagram.com\/tv\/CGEBChgno4j\/?utm_source=ig_web_copy_link\" target=\"_blank\" rel=\"noopener\">https:\/\/www.instagram.com\/tv\/CGEBChgno4j\/?utm_source=ig_web_copy_link<\/a><\/p>\n","protected":false},"excerpt":{"rendered":"<p>| Por S\u00edlvia Garcia* | &#8216;Meu mundo e nada mais&#8217; &#8211; esse t\u00edtulo \u00e9 de uma m\u00fasica do Guilherme Arantes, de 1976, na qual ele lamenta a distor\u00e7\u00e3o do mundo exterior com o seu mundo interno. Naquela \u00e9poca, ele era bem jovem e queria se esconder num quarto escuro: \u201cEu queria tanto estar no escuro [&hellip;]<\/p>\n","protected":false},"author":1,"featured_media":38890,"comment_status":"open","ping_status":"open","sticky":false,"template":"","format":"standard","meta":{"om_disable_all_campaigns":false,"_monsterinsights_skip_tracking":false,"_monsterinsights_sitenote_active":false,"_monsterinsights_sitenote_note":"","_monsterinsights_sitenote_category":0,"footnotes":""},"categories":[220,978],"tags":[499,102,103,143,349,700,662],"acf":[],"publishpress_future_action":{"enabled":false,"date":"1969-12-31 21:00:00","action":"","terms":[],"taxonomy":"","browser_timezone_offset":0},"_links":{"self":[{"href":"https:\/\/portalfloresnoar.com\/floresnoar\/wp-json\/wp\/v2\/posts\/38878"}],"collection":[{"href":"https:\/\/portalfloresnoar.com\/floresnoar\/wp-json\/wp\/v2\/posts"}],"about":[{"href":"https:\/\/portalfloresnoar.com\/floresnoar\/wp-json\/wp\/v2\/types\/post"}],"author":[{"embeddable":true,"href":"https:\/\/portalfloresnoar.com\/floresnoar\/wp-json\/wp\/v2\/users\/1"}],"replies":[{"embeddable":true,"href":"https:\/\/portalfloresnoar.com\/floresnoar\/wp-json\/wp\/v2\/comments?post=38878"}],"version-history":[{"count":0,"href":"https:\/\/portalfloresnoar.com\/floresnoar\/wp-json\/wp\/v2\/posts\/38878\/revisions"}],"wp:featuredmedia":[{"embeddable":true,"href":"https:\/\/portalfloresnoar.com\/floresnoar\/wp-json\/wp\/v2\/media\/38890"}],"wp:attachment":[{"href":"https:\/\/portalfloresnoar.com\/floresnoar\/wp-json\/wp\/v2\/media?parent=38878"}],"wp:term":[{"taxonomy":"category","embeddable":true,"href":"https:\/\/portalfloresnoar.com\/floresnoar\/wp-json\/wp\/v2\/categories?post=38878"},{"taxonomy":"post_tag","embeddable":true,"href":"https:\/\/portalfloresnoar.com\/floresnoar\/wp-json\/wp\/v2\/tags?post=38878"}],"curies":[{"name":"wp","href":"https:\/\/api.w.org\/{rel}","templated":true}]}}