

{"id":38862,"date":"2020-07-12T10:30:38","date_gmt":"2020-07-12T13:30:38","guid":{"rendered":"http:\/\/portalfloresnoar.com\/floresnoar\/?p=38862"},"modified":"2020-12-21T09:53:52","modified_gmt":"2020-12-21T12:53:52","slug":"agenda-mostra-de-artes-cenicas-a-porta-aberta-de-14-a-1912-on-line","status":"publish","type":"post","link":"https:\/\/portalfloresnoar.com\/floresnoar\/agenda-mostra-de-artes-cenicas-a-porta-aberta-de-14-a-1912-on-line\/","title":{"rendered":"[AGENDA] Mostra de Artes C\u00eanicas &#8216;A Porta Aberta&#8217;, de 14 a 19\/12, On-line"},"content":{"rendered":"<p><img decoding=\"async\" loading=\"lazy\" class=\"aligncenter wp-image-38864\" src=\"http:\/\/portalfloresnoar.com\/floresnoar\/wp-content\/uploads\/2020\/12\/a-porta-aberta_joao-pernambuco.jpeg\" alt=\"\" width=\"597\" height=\"870\" srcset=\"https:\/\/portalfloresnoar.com\/floresnoar\/wp-content\/uploads\/2020\/12\/a-porta-aberta_joao-pernambuco.jpeg 878w, https:\/\/portalfloresnoar.com\/floresnoar\/wp-content\/uploads\/2020\/12\/a-porta-aberta_joao-pernambuco-206x300.jpeg 206w, https:\/\/portalfloresnoar.com\/floresnoar\/wp-content\/uploads\/2020\/12\/a-porta-aberta_joao-pernambuco-768x1120.jpeg 768w, https:\/\/portalfloresnoar.com\/floresnoar\/wp-content\/uploads\/2020\/12\/a-porta-aberta_joao-pernambuco-480x700.jpeg 480w\" sizes=\"(max-width: 597px) 100vw, 597px\" \/><\/p>\n<p>A Escola Municipal de Arte Jo\u00e3o Pernambuco apresenta\u00a014 a 19 de dezembro de 2020 a 21\u00ba Mostra de Artes C\u00eanicas &#8216;A Porta Aberta&#8217;, da Escola Municipal de Arte Jo\u00e3o Pernambuco. As apresenta\u00e7\u00f5es ser\u00e3o on-line, sempre \u00e0s 19h30.<\/p>\n<p>Para assistir, acesse este link:\u00a0<a href=\"https:\/\/www.youtube.com\/channel\/UC420X8VYiB2W98Z6lBmQ2jg\" target=\"_blank\" rel=\"noopener\">https:\/\/www.youtube.com\/channel\/UC420X8VYiB2W98Z6lBmQ2jg<\/a><\/p>\n<p><strong>\/\/\/*PROGRAMA\u00c7\u00c3O*\/\/\/<\/strong><\/p>\n<p>SEGUNDA-FEIRA (dia 14) &#8211; Classifica\u00e7\u00e3o Indicativa: 16 anos<br \/>\n<strong>Maria Carlota Am\u00e9lia Augustina Vit\u00f3ria Clementina Leopoldina<\/strong><br \/>\n[Pollyanna Monteiro \/ d&#8217;Improvizzo Gang (dig)]<\/p>\n<p><em>Obs.: Seguido de debate<\/em><\/p>\n<p>TER\u00c7A-FEIRA (dia 15) &#8211; Classifica\u00e7\u00e3o Indicativa: 14 anos<br \/>\n<strong>Somos as netas das bruxas que voc\u00eas n\u00e3o conseguiram queimar<\/strong><br \/>\n[Jade Alves]<\/p>\n<p><strong>H\u00e1gata 1986<\/strong><br \/>\n[Paula Mendon\u00e7a]<\/p>\n<p><strong>PersonaDuo<\/strong><br \/>\n[Paloma Maria]<\/p>\n<p><strong>Sil\u00eancio! Meu nome \u00e9 amor<\/strong><br \/>\n[R\u00e1ule Pluma]<\/p>\n<p><em>Obs.: Seguido de debate<\/em><\/p>\n<p>QUARTA-FEIRA (dia 16) &#8211; Classifica\u00e7\u00e3o Indicativa: 14 anos<\/p>\n<p><strong>Meu nome \u00e9 Corpo<\/strong><br \/>\n[Renata Borges]<\/p>\n<p><strong>Z\u00e9zim<\/strong><br \/>\n[Jefferson]<\/p>\n<p><strong>Um Canto de Saudade<\/strong><br \/>\n[Ari Fernandes]<\/p>\n<p><strong>No Est\u00f4mago da Exaust\u00e3o<\/strong><br \/>\n[Guta Cavalcanti]<\/p>\n<p><em>Obs.: Seguido de debate<\/em><\/p>\n<p>QUINTA-FEIRA (dia 17) &#8211; Classifica\u00e7\u00e3o Indicativa: 14 anos<\/p>\n<p><strong>A Carta<\/strong><br \/>\n[ Washington]<\/p>\n<p><strong>Ant\u00f4nio e Cle\u00f3patra, Ato V, Cena 2<\/strong><br \/>\n[Renata Barros]<\/p>\n<p><strong>Manifesto do MeuRIO<\/strong><br \/>\n[Franklin Menezes]<\/p>\n<p><strong>Toda a minha vida \u00e9 feita de papel<\/strong><br \/>\n[Luan Amim]<\/p>\n<p><em>Obs.: Seguido de debate<\/em><\/p>\n<p>SEXTA-FEIRA (dia 18) &#8211; Classifica\u00e7\u00e3o Indicativa: 18 anos<\/p>\n<p><strong>O que eu n\u00e3o falo?<\/strong><br \/>\n[Alcid\u00e9sio J\u00fanior]<\/p>\n<p><strong>Lis\u00edsTrava: A Greve das Putas<\/strong><br \/>\n[Ava Reina B\u00e1rbara]<\/p>\n<p><strong>Bicho-Mulher<\/strong><br \/>\n[Ligia Ribeiro Ferreira]<\/p>\n<p><strong>Const\u00e2ncias da Carentena<\/strong><br \/>\n[ Josu\u00e9 Buarque]<\/p>\n<p><em>Obs.: Seguido de debate<\/em><\/p>\n<p>S\u00c1BADO (dia 19) &#8211; Classifica\u00e7\u00e3o Indicativa: 18 anos<\/p>\n<p><strong>Ubu Rei (Livre Licen\u00e7a Po\u00e9tica)<\/strong><br \/>\nLaborat\u00f3rio de Aprofundamento C\u00eanico (LAC EMAJPE) \/ Dire\u00e7\u00e3o: Fred Nascimento<br \/>\nCom: El Maria \/ Franklin Menezes \/ Leonardo Marinho \/ Luan Amim \/ Nicoli Lima \/ Ronaldo Pereira \/ Simone Maria<\/p>\n<p><em>Obs.: Seguido de debate<\/em><\/p>\n<p><strong>REALIZA\u00c7\u00c3O<\/strong><br \/>\nEscola Municipal de Arte Jo\u00e3o Pernambuco<br \/>\nLaborat\u00f3rio de Produ\u00e7\u00e3o Cultural Comunit\u00e1ria<\/p>\n","protected":false},"excerpt":{"rendered":"<p>A Escola Municipal de Arte Jo\u00e3o Pernambuco apresenta\u00a014 a 19 de dezembro de 2020 a 21\u00ba Mostra de Artes C\u00eanicas &#8216;A Porta Aberta&#8217;, da Escola Municipal de Arte Jo\u00e3o Pernambuco. As apresenta\u00e7\u00f5es ser\u00e3o on-line, sempre \u00e0s 19h30. Para assistir, acesse este link:\u00a0https:\/\/www.youtube.com\/channel\/UC420X8VYiB2W98Z6lBmQ2jg \/\/\/*PROGRAMA\u00c7\u00c3O*\/\/\/ SEGUNDA-FEIRA (dia 14) &#8211; Classifica\u00e7\u00e3o Indicativa: 16 anos Maria Carlota Am\u00e9lia Augustina [&hellip;]<\/p>\n","protected":false},"author":1,"featured_media":38863,"comment_status":"open","ping_status":"open","sticky":false,"template":"","format":"standard","meta":{"om_disable_all_campaigns":false,"_monsterinsights_skip_tracking":false,"_monsterinsights_sitenote_active":false,"_monsterinsights_sitenote_note":"","_monsterinsights_sitenote_category":0,"footnotes":""},"categories":[8,214],"tags":[657,577,64],"acf":[],"publishpress_future_action":{"enabled":false,"date":"1969-12-31 21:00:00","action":"","terms":[],"taxonomy":"","browser_timezone_offset":0},"_links":{"self":[{"href":"https:\/\/portalfloresnoar.com\/floresnoar\/wp-json\/wp\/v2\/posts\/38862"}],"collection":[{"href":"https:\/\/portalfloresnoar.com\/floresnoar\/wp-json\/wp\/v2\/posts"}],"about":[{"href":"https:\/\/portalfloresnoar.com\/floresnoar\/wp-json\/wp\/v2\/types\/post"}],"author":[{"embeddable":true,"href":"https:\/\/portalfloresnoar.com\/floresnoar\/wp-json\/wp\/v2\/users\/1"}],"replies":[{"embeddable":true,"href":"https:\/\/portalfloresnoar.com\/floresnoar\/wp-json\/wp\/v2\/comments?post=38862"}],"version-history":[{"count":0,"href":"https:\/\/portalfloresnoar.com\/floresnoar\/wp-json\/wp\/v2\/posts\/38862\/revisions"}],"wp:featuredmedia":[{"embeddable":true,"href":"https:\/\/portalfloresnoar.com\/floresnoar\/wp-json\/wp\/v2\/media\/38863"}],"wp:attachment":[{"href":"https:\/\/portalfloresnoar.com\/floresnoar\/wp-json\/wp\/v2\/media?parent=38862"}],"wp:term":[{"taxonomy":"category","embeddable":true,"href":"https:\/\/portalfloresnoar.com\/floresnoar\/wp-json\/wp\/v2\/categories?post=38862"},{"taxonomy":"post_tag","embeddable":true,"href":"https:\/\/portalfloresnoar.com\/floresnoar\/wp-json\/wp\/v2\/tags?post=38862"}],"curies":[{"name":"wp","href":"https:\/\/api.w.org\/{rel}","templated":true}]}}