

{"id":38835,"date":"2021-01-01T05:20:45","date_gmt":"2021-01-01T08:20:45","guid":{"rendered":"http:\/\/portalfloresnoar.com\/floresnoar\/?p=38835"},"modified":"2021-08-04T09:30:07","modified_gmt":"2021-08-04T12:30:07","slug":"sabraccadabra-arcano-xxi-os-auspicios-do-universo-para-2021","status":"publish","type":"post","link":"https:\/\/portalfloresnoar.com\/floresnoar\/sabraccadabra-arcano-xxi-os-auspicios-do-universo-para-2021\/","title":{"rendered":"[CARCAR\u00c1 TAROT] Arcano XXI &#8211; Os ausp\u00edcios d&#8217;O Universo para 2021"},"content":{"rendered":"<p>|<em> Por Sabrina Carvalho<\/em> |<\/p>\n<figure id=\"attachment_38836\" aria-describedby=\"caption-attachment-38836\" style=\"width: 257px\" class=\"wp-caption alignleft\"><img decoding=\"async\" loading=\"lazy\" class=\"wp-image-38836\" src=\"http:\/\/portalfloresnoar.com\/floresnoar\/wp-content\/uploads\/2020\/12\/O-Universo_tarot-da-maumau_-Bia-Melo.jpg\" alt=\"\" width=\"257\" height=\"485\" srcset=\"https:\/\/portalfloresnoar.com\/floresnoar\/wp-content\/uploads\/2020\/12\/O-Universo_tarot-da-maumau_-Bia-Melo.jpg 800w, https:\/\/portalfloresnoar.com\/floresnoar\/wp-content\/uploads\/2020\/12\/O-Universo_tarot-da-maumau_-Bia-Melo-159x300.jpg 159w, https:\/\/portalfloresnoar.com\/floresnoar\/wp-content\/uploads\/2020\/12\/O-Universo_tarot-da-maumau_-Bia-Melo-768x1450.jpg 768w, https:\/\/portalfloresnoar.com\/floresnoar\/wp-content\/uploads\/2020\/12\/O-Universo_tarot-da-maumau_-Bia-Melo-371x700.jpg 371w\" sizes=\"(max-width: 257px) 100vw, 257px\" \/><figcaption id=\"caption-attachment-38836\" class=\"wp-caption-text\">Arcano &#8216;O Universo&#8217;, por Bia Melo (Tarot da MauMau)<\/figcaption><\/figure>\n<p>De acordo com as an\u00e1lises da carta do ano que venho fazendo desde 2017, no ano de 2021 vivenciaremos o grande Arcano XXI, &#8216;O Mundo&#8217;, tamb\u00e9m nomeada em alguns baralhos como &#8216;O Universo&#8217;.<\/p>\n<p>Assim como venho fazendo h\u00e1 4 anos, analiso o Arcano do ano levando em considera\u00e7\u00e3o que estamos na Era do arcano XX saindo do ano XX para o XXI. No Tarot, temos as cartas : &#8216;O Julgamento&#8217;\/ &#8216;O Ju\u00edzo&#8217; (XX) e &#8216;O Mundo&#8217;\/ &#8216;O Universo&#8217; (XXI).<\/p>\n<figure id=\"attachment_38840\" aria-describedby=\"caption-attachment-38840\" style=\"width: 157px\" class=\"wp-caption alignright\"><img decoding=\"async\" loading=\"lazy\" class=\"wp-image-38840\" src=\"http:\/\/portalfloresnoar.com\/floresnoar\/wp-content\/uploads\/2020\/12\/O-Ju\u00edzo.jpg\" alt=\"\" width=\"157\" height=\"301\" srcset=\"https:\/\/portalfloresnoar.com\/floresnoar\/wp-content\/uploads\/2020\/12\/O-Ju\u00edzo.jpg 500w, https:\/\/portalfloresnoar.com\/floresnoar\/wp-content\/uploads\/2020\/12\/O-Ju\u00edzo-157x300.jpg 157w, https:\/\/portalfloresnoar.com\/floresnoar\/wp-content\/uploads\/2020\/12\/O-Ju\u00edzo-366x700.jpg 366w\" sizes=\"(max-width: 157px) 100vw, 157px\" \/><figcaption id=\"caption-attachment-38840\" class=\"wp-caption-text\">&#8216;O Ju\u00edzo&#8217;, por Moca (Tarot da MauMau)<\/figcaption><\/figure>\n<p>As imagens que vemos no arcano 20 n\u00e3o s\u00e3o diferentes das viv\u00eancias apocal\u00edpticas que que vimos no ano de 2020, cujos desencarnes em massa foram vistos por todo o mundo. Esse desencarne evidencia a separa\u00e7\u00e3o de uma etapa material para a espiritual.<\/p>\n<p>Neste ano tamb\u00e9m ficou claro, para os seres humanos, que se faz extremamente necess\u00e1ria a quebra de padr\u00f5es do nosso comportamento, nocivas ao planeta terra e \u00e0 nossa pr\u00f3pria exist\u00eancia. A espiritualidade, assim como a ci\u00eancia, tem despertado mais nossa f\u00e9 e esperan\u00e7a em n\u00f3s mesmos, ao mesmo tempo que vivemos uma sensa\u00e7\u00e3o de batalha contra os opositores que n\u00e3o querem permitir nossa evolu\u00e7\u00e3o.<\/p>\n<p>Mas n\u00e3o vim aqui para falar de 2020, que precisa e vai terminar. Vim trazer os ausp\u00edcios do Arcano XXI, t\u00e3o desejado nessa jornada! Sim, o recado \u00e9 lindo, por\u00e9m precisamos fazer nossa parte: o que seria?<\/p>\n<p>Se em 2020 tivemos a oportunidade\/necessidade de descartar e liberar padr\u00f5es nocivos, em 2021 precisaremos revisar tudo o que aprendemos nessa jornada para que possamos gerar o novo. Para isso, precisamos olhar a vida como um todo, e quando nos vemos em nosso aspecto particular, partiremos do conhecimento elementar para entendermos como funcionamos at\u00e9 aqui e como funcionaremos a partir de ent\u00e3o:<br \/>\n1. Comemorar o fato de termos sa\u00eddos vivas de 2020 \u00e9 um bom passo de reconhecimento do nosso eu material. Aqui estamos falando do elemento &#8216;terra&#8217;. devemos honrar e agradecer o que nos alimenta e nos acolhe.<br \/>\n2. Reparar que na mente projetamos e parimos o mundo em suas modifica\u00e7\u00f5es. Acolher e entender o racional. Acolher e sentir o emocional. Valorizar o &#8216;ar&#8217; que respiramos.<br \/>\n3. Beber da &#8216;\u00e1gua&#8217; do conhecimento, conectar nossa espiritualidade atrav\u00e9s do amor, oferecer nutri\u00e7\u00e3o atrav\u00e9s do afeto. Transmitir e receber intui\u00e7\u00e3o, imagina\u00e7\u00e3o, e deixar nossa \u00e1gua fluir.<br \/>\n4. Expandir atrav\u00e9s da nossa criatividade, ativando a capacidade de realizar e curar. Transmutar, purificar e criar uma nova realidade (&#8216;fogo&#8217;).<\/p>\n<p>TERRA &#8211; AR &#8211; \u00c1GUA &#8211; FOGO- Eis nossa consci\u00eancia elementar.<\/p>\n<p>Em outras palavras, o ano de 2021 pede para que estejamos despertas e conscientes da nossa presen\u00e7a no mundo, e do mundo de possibilidades que a partir da aceita\u00e7\u00e3o da finaliza\u00e7\u00e3o avan\u00e7a para que nosso estado de consci\u00eancia esteja conectado com os novos tempos que vir\u00e3o.<\/p>\n<p>Fa\u00e7amos por merecer.<\/p>\n<p>CONTATOS<br \/>\n<strong>Fone\/ WhatsApp:<\/strong>\u00a0(81) 99634.5003<br \/>\n<strong>E-mail:<\/strong>\u00a0carcaratarot@gmail.com<br \/>\n<strong>Instagram:<\/strong>\u00a0<a href=\"https:\/\/www.instagram.com\/carcaratarot\/\" target=\"_blank\" rel=\"noopener\">@carcaratarot<\/a><\/p>\n","protected":false},"excerpt":{"rendered":"<p>| Por Sabrina Carvalho | De acordo com as an\u00e1lises da carta do ano que venho fazendo desde 2017, no ano de 2021 vivenciaremos o grande Arcano XXI, &#8216;O Mundo&#8217;, tamb\u00e9m nomeada em alguns baralhos como &#8216;O Universo&#8217;. Assim como venho fazendo h\u00e1 4 anos, analiso o Arcano do ano levando em considera\u00e7\u00e3o que estamos [&hellip;]<\/p>\n","protected":false},"author":1,"featured_media":38837,"comment_status":"open","ping_status":"open","sticky":false,"template":"","format":"standard","meta":{"om_disable_all_campaigns":false,"_monsterinsights_skip_tracking":false,"_monsterinsights_sitenote_active":false,"_monsterinsights_sitenote_note":"","_monsterinsights_sitenote_category":0,"footnotes":""},"categories":[1035,220],"tags":[390,296,86],"acf":[],"publishpress_future_action":{"enabled":false,"date":"1969-12-31 21:00:00","action":"","terms":[],"taxonomy":"","browser_timezone_offset":0},"_links":{"self":[{"href":"https:\/\/portalfloresnoar.com\/floresnoar\/wp-json\/wp\/v2\/posts\/38835"}],"collection":[{"href":"https:\/\/portalfloresnoar.com\/floresnoar\/wp-json\/wp\/v2\/posts"}],"about":[{"href":"https:\/\/portalfloresnoar.com\/floresnoar\/wp-json\/wp\/v2\/types\/post"}],"author":[{"embeddable":true,"href":"https:\/\/portalfloresnoar.com\/floresnoar\/wp-json\/wp\/v2\/users\/1"}],"replies":[{"embeddable":true,"href":"https:\/\/portalfloresnoar.com\/floresnoar\/wp-json\/wp\/v2\/comments?post=38835"}],"version-history":[{"count":0,"href":"https:\/\/portalfloresnoar.com\/floresnoar\/wp-json\/wp\/v2\/posts\/38835\/revisions"}],"wp:featuredmedia":[{"embeddable":true,"href":"https:\/\/portalfloresnoar.com\/floresnoar\/wp-json\/wp\/v2\/media\/38837"}],"wp:attachment":[{"href":"https:\/\/portalfloresnoar.com\/floresnoar\/wp-json\/wp\/v2\/media?parent=38835"}],"wp:term":[{"taxonomy":"category","embeddable":true,"href":"https:\/\/portalfloresnoar.com\/floresnoar\/wp-json\/wp\/v2\/categories?post=38835"},{"taxonomy":"post_tag","embeddable":true,"href":"https:\/\/portalfloresnoar.com\/floresnoar\/wp-json\/wp\/v2\/tags?post=38835"}],"curies":[{"name":"wp","href":"https:\/\/api.w.org\/{rel}","templated":true}]}}