

{"id":38713,"date":"2020-11-12T09:04:23","date_gmt":"2020-11-12T12:04:23","guid":{"rendered":"http:\/\/portalfloresnoar.com\/floresnoar\/?p=38713"},"modified":"2021-01-21T13:15:50","modified_gmt":"2021-01-21T16:15:50","slug":"artigo-o-poder-oculto-dos-banhos","status":"publish","type":"post","link":"https:\/\/portalfloresnoar.com\/floresnoar\/artigo-o-poder-oculto-dos-banhos\/","title":{"rendered":"[ARTIGO] O poder oculto dos banhos"},"content":{"rendered":"<p><img decoding=\"async\" loading=\"lazy\" class=\"aligncenter wp-image-38714\" src=\"http:\/\/portalfloresnoar.com\/floresnoar\/wp-content\/uploads\/2020\/11\/banhos-de-ervas.jpg\" alt=\"\" width=\"600\" height=\"600\" srcset=\"https:\/\/portalfloresnoar.com\/floresnoar\/wp-content\/uploads\/2020\/11\/banhos-de-ervas.jpg 1080w, https:\/\/portalfloresnoar.com\/floresnoar\/wp-content\/uploads\/2020\/11\/banhos-de-ervas-150x150.jpg 150w, https:\/\/portalfloresnoar.com\/floresnoar\/wp-content\/uploads\/2020\/11\/banhos-de-ervas-300x300.jpg 300w, https:\/\/portalfloresnoar.com\/floresnoar\/wp-content\/uploads\/2020\/11\/banhos-de-ervas-768x768.jpg 768w, https:\/\/portalfloresnoar.com\/floresnoar\/wp-content\/uploads\/2020\/11\/banhos-de-ervas-700x700.jpg 700w, https:\/\/portalfloresnoar.com\/floresnoar\/wp-content\/uploads\/2020\/11\/banhos-de-ervas-100x100.jpg 100w\" sizes=\"(max-width: 600px) 100vw, 600px\" \/><\/p>\n<p>| <em>Por S\u00edlvia Garcia*<\/em> |<\/p>\n<p>O momento do banho sempre foi associado a intimidade, limpeza, alegria, beleza&#8230;mas na antiguidade, por v\u00e1rias civiliza\u00e7\u00f5es, esse momento era quase religioso. Era um momento de reconex\u00e3o com o sagrado.<\/p>\n<p>O elemento \u00e1gua tem v\u00e1rios simbolismos, como: elemento passivo e feminino, a matriz primordial de vida, regenera\u00e7\u00e3o, transforma\u00e7\u00e3o e inicia\u00e7\u00e3o&#8230; e tamb\u00e9m representa os nossos sentimentos.<\/p>\n<p>Os povos antigos, como tinham mais envolvimento com a natureza, sabiam desse poder transcendente, que nos leva ao \u00fatero, que nos convida \u00e0 regress\u00e3o at\u00e9 chegarmos na nossa ess\u00eancia primordial.<\/p>\n<p>Agora, imagina a uni\u00e3o desse elemento poderos\u00edssimo \u00e0 Sabedoria do Reino Vegetal.<\/p>\n<p>Ao se entregar para o poder vibracional das ervas, o alcance de mergulho interior \u00e9 infinito e imprevis\u00edvel.<\/p>\n<p>Sim, imprevis\u00edvel. Recebo relatos di\u00e1rios sobre revela\u00e7\u00f5es profundas a cada cliente que se entrega a esta viv\u00eancia.<\/p>\n<p>Esse \u00e9 o convite do <a href=\"http:\/\/portalfloresnoar.com\/floresnoar\/agenda-silvia-garcia-lanca-caminhantes-programa-de-desenvolvimento-humano-para-a-saude-integral\/\" target=\"_blank\" rel=\"noopener\">Programa Caminhantes<\/a> ao oferecer esse abra\u00e7o terap\u00eautico.<\/p>\n<p>Cada banho \u00e9 intu\u00eddo e estudado de maneira personalizada para as necessidades f\u00edsicas, emocionais e espirituais do cliente.<\/p>\n<p>N\u00e3o s\u00e3o receitas generalizadas, copiadas de internet, para isso n\u00e3o precisaria desse programa.<\/p>\n<p>Durante todo o processo, estarei do seu lado, te acompanhando nessa aventura que \u00e9 conhecer a si mesma!<\/p>\n<p><em>* Silvia Garcia, idealizadora do <strong><a href=\"http:\/\/portalfloresnoar.com\/floresnoar\/agenda-silvia-garcia-lanca-caminhantes-programa-de-desenvolvimento-humano-para-a-saude-integral\/\" target=\"_blank\" rel=\"noopener\">Programa Caminhantes<\/a><\/strong>, \u00e9 terapeuta Cone Hindu (t\u00e9cnica Emilyn Hasbeni), Thetahealer, praticante de Barras de Access\u00ae e Processos Corporais de Access\u00ae, Leitora de Aura e Registros Ak\u00e1shicos, Reikiana e Rebalancing (Massagem Profunda), formada pela Osho Bahia. Estudiosa, encantada por Fitoenerg\u00e9tica, Florais, Aromaterapia, Ci\u00eancias Hol\u00edsticas e Sabedoria Xam\u00e2nica.<\/em><\/p>\n<p><strong>AGENDAMENTOS E MAIS INFORMA\u00c7\u00d5ES<\/strong><br \/>\n<strong>WhatsApp:<\/strong> (81) 99900.8769<br \/>\n<strong>Instagram:<\/strong> @silvia.vieria.garcia<\/p>\n<p>*******<\/p>\n<p><strong>Confira no link abaixo a #livefloresnoar com S\u00edliva Garcia:<\/strong><br \/>\n<a href=\"https:\/\/www.instagram.com\/tv\/CGEBChgno4j\/?utm_source=ig_web_copy_link\" target=\"_blank\" rel=\"noopener\">https:\/\/www.instagram.com\/tv\/CGEBChgno4j\/?utm_source=ig_web_copy_link<\/a><\/p>\n","protected":false},"excerpt":{"rendered":"<p>| Por S\u00edlvia Garcia* | O momento do banho sempre foi associado a intimidade, limpeza, alegria, beleza&#8230;mas na antiguidade, por v\u00e1rias civiliza\u00e7\u00f5es, esse momento era quase religioso. Era um momento de reconex\u00e3o com o sagrado. O elemento \u00e1gua tem v\u00e1rios simbolismos, como: elemento passivo e feminino, a matriz primordial de vida, regenera\u00e7\u00e3o, transforma\u00e7\u00e3o e inicia\u00e7\u00e3o&#8230; [&hellip;]<\/p>\n","protected":false},"author":1,"featured_media":38715,"comment_status":"open","ping_status":"open","sticky":false,"template":"","format":"standard","meta":{"om_disable_all_campaigns":false,"_monsterinsights_skip_tracking":false,"_monsterinsights_sitenote_active":false,"_monsterinsights_sitenote_note":"","_monsterinsights_sitenote_category":0,"footnotes":""},"categories":[220,978],"tags":[75,326,133,349,126,700,662,363],"acf":[],"publishpress_future_action":{"enabled":false,"date":"1969-12-31 21:00:00","action":"","terms":[],"taxonomy":"","browser_timezone_offset":0},"_links":{"self":[{"href":"https:\/\/portalfloresnoar.com\/floresnoar\/wp-json\/wp\/v2\/posts\/38713"}],"collection":[{"href":"https:\/\/portalfloresnoar.com\/floresnoar\/wp-json\/wp\/v2\/posts"}],"about":[{"href":"https:\/\/portalfloresnoar.com\/floresnoar\/wp-json\/wp\/v2\/types\/post"}],"author":[{"embeddable":true,"href":"https:\/\/portalfloresnoar.com\/floresnoar\/wp-json\/wp\/v2\/users\/1"}],"replies":[{"embeddable":true,"href":"https:\/\/portalfloresnoar.com\/floresnoar\/wp-json\/wp\/v2\/comments?post=38713"}],"version-history":[{"count":0,"href":"https:\/\/portalfloresnoar.com\/floresnoar\/wp-json\/wp\/v2\/posts\/38713\/revisions"}],"wp:featuredmedia":[{"embeddable":true,"href":"https:\/\/portalfloresnoar.com\/floresnoar\/wp-json\/wp\/v2\/media\/38715"}],"wp:attachment":[{"href":"https:\/\/portalfloresnoar.com\/floresnoar\/wp-json\/wp\/v2\/media?parent=38713"}],"wp:term":[{"taxonomy":"category","embeddable":true,"href":"https:\/\/portalfloresnoar.com\/floresnoar\/wp-json\/wp\/v2\/categories?post=38713"},{"taxonomy":"post_tag","embeddable":true,"href":"https:\/\/portalfloresnoar.com\/floresnoar\/wp-json\/wp\/v2\/tags?post=38713"}],"curies":[{"name":"wp","href":"https:\/\/api.w.org\/{rel}","templated":true}]}}