

{"id":38617,"date":"2020-11-03T11:21:38","date_gmt":"2020-11-03T14:21:38","guid":{"rendered":"http:\/\/portalfloresnoar.com\/floresnoar\/?p=38617"},"modified":"2020-11-03T13:06:06","modified_gmt":"2020-11-03T16:06:06","slug":"curso-on-line-de-terapia-floral-com-andie-maciel","status":"publish","type":"post","link":"https:\/\/portalfloresnoar.com\/floresnoar\/curso-on-line-de-terapia-floral-com-andie-maciel\/","title":{"rendered":"Curso On-line de Terapia Floral, com Andie Maciel"},"content":{"rendered":"<figure id=\"attachment_38618\" aria-describedby=\"caption-attachment-38618\" style=\"width: 500px\" class=\"wp-caption aligncenter\"><img decoding=\"async\" loading=\"lazy\" class=\"wp-image-38618\" src=\"http:\/\/portalfloresnoar.com\/floresnoar\/wp-content\/uploads\/2020\/11\/curso-online-florais-de-bach-foto-pixabay-free.jpg\" alt=\"\" width=\"500\" height=\"333\" srcset=\"https:\/\/portalfloresnoar.com\/floresnoar\/wp-content\/uploads\/2020\/11\/curso-online-florais-de-bach-foto-pixabay-free.jpg 1280w, https:\/\/portalfloresnoar.com\/floresnoar\/wp-content\/uploads\/2020\/11\/curso-online-florais-de-bach-foto-pixabay-free-300x200.jpg 300w, https:\/\/portalfloresnoar.com\/floresnoar\/wp-content\/uploads\/2020\/11\/curso-online-florais-de-bach-foto-pixabay-free-768x512.jpg 768w, https:\/\/portalfloresnoar.com\/floresnoar\/wp-content\/uploads\/2020\/11\/curso-online-florais-de-bach-foto-pixabay-free-700x466.jpg 700w\" sizes=\"(max-width: 500px) 100vw, 500px\" \/><figcaption id=\"caption-attachment-38618\" class=\"wp-caption-text\">Imagem de <a href=\"https:\/\/pixabay.com\/pt\/users\/stux-12364\/?utm_source=link-attribution&amp;utm_medium=referral&amp;utm_campaign=image&amp;utm_content=1543139\">Thanks for your Like \u2022 donations welcome<\/a> por <a href=\"https:\/\/pixabay.com\/pt\/?utm_source=link-attribution&amp;utm_medium=referral&amp;utm_campaign=image&amp;utm_content=1543139\">Pixabay<\/a><\/figcaption><\/figure>\n<p>A terapeuta Andie Maciel est\u00e1 oferecendo o Curso On-line de Terapia Floral, com foco no Sistema Floral de Bach. O curso \u00e9 voltado tanto para terapeutas, como tamb\u00e9m para qualquer pessoa interessada.<\/p>\n<p>Criado pelo m\u00e9dico ingl\u00eas Edward Bach, os Florais de Bach s\u00e3o ess\u00eancias energ\u00e9ticas extra\u00eddas das flores. Um dos princ\u00edpios dos florais de Bach \u00e9 que o estado emocional do indiv\u00edduo influencia o bem-estar f\u00edsico produzindo ou curando doen\u00e7as. O objetivo dos florais \u00e9 tratar a pessoa e n\u00e3o a doen\u00e7a ou seus sintomas. As ess\u00eancias atuam na condi\u00e7\u00e3o emocional do indiv\u00edduo afetado.<\/p>\n<p>De acordo com Andie Maciel, o curso tem como objetivo capacitar o profissional a atuar e atender clinicamente com a terapia floral, que \u00e9 reconhecida pela Organiza\u00e7\u00e3o Mundial de Sa\u00fade desde 1970 e incentivada pela Pol\u00edtica Nacional de Pr\u00e1ticas Integrativas e Complementares e no Sistema \u00danico de Sa\u00fade, no Brasil.<\/p>\n<p>O curso conta com 20 videoaulas e pdf completo sobre as ess\u00eancias florais, indica\u00e7\u00e3o terap\u00eautica, preparo do floral e todos os detalhes para utilizar as ess\u00eancias como terapia integrativa.<\/p>\n<p><em>Obs.: Todos os links das 20 videoaulas s\u00e3o enviados por e-mail ap\u00f3s a confirma\u00e7\u00e3o de compra.<\/em><\/p>\n<p><strong>CONTE\u00daDO PROGRAM\u00c1TICO DO CURSO<\/strong><br \/>\n&#8211; Introdu\u00e7\u00e3o aos doze curadores<br \/>\n&#8211; A vida do Dr. Bach<br \/>\n&#8211; Conceitos sobre sa\u00fade e doen\u00e7a<br \/>\n&#8211; Os Florais de Bach<br \/>\n&#8211; Rescue: a f\u00f3rmula emergencial<br \/>\n&#8211; Preparo do floral<br \/>\n&#8211; As sete categorias de floral<\/p>\n<p><strong>ACESSO<\/strong><br \/>\nO acesso ao curso fica dispon\u00edvel por 4 meses, podendo assistir quantas vezes quiser e em qualquer hor\u00e1rio, durante este per\u00edodo.<\/p>\n<p><strong>CERTIFICADO<\/strong><br \/>\nOs participantes do curso recebem Certificado de Conclus\u00e3o digital, em conformidade com a Lei n\u00ba 9394\/96; Decreto n\u00ba 5.154\/04; Delibera\u00e7\u00e3o CEE 14\/97 (Indica\u00e7\u00e3o CEE 14\/97), e que \u00e9 aceito por empresas e institui\u00e7\u00f5es de ensino de todo o Brasil como curso de capacita\u00e7\u00e3o ou extens\u00e3o.<\/p>\n<h4>INSCRI\u00c7\u00c3O E VALOR DO CURSO, NESTE LINK: <a href=\"https:\/\/p.eduzz.com\/344156?a=816299\" target=\"_blank\" rel=\"noopener\">https:\/\/p.eduzz.com\/344156?a=816299<\/a><\/h4>\n","protected":false},"excerpt":{"rendered":"<p>A terapeuta Andie Maciel est\u00e1 oferecendo o Curso On-line de Terapia Floral, com foco no Sistema Floral de Bach. O curso \u00e9 voltado tanto para terapeutas, como tamb\u00e9m para qualquer pessoa interessada. Criado pelo m\u00e9dico ingl\u00eas Edward Bach, os Florais de Bach s\u00e3o ess\u00eancias energ\u00e9ticas extra\u00eddas das flores. Um dos princ\u00edpios dos florais de Bach [&hellip;]<\/p>\n","protected":false},"author":1,"featured_media":38619,"comment_status":"open","ping_status":"open","sticky":false,"template":"","format":"standard","meta":{"om_disable_all_campaigns":false,"_monsterinsights_skip_tracking":false,"_monsterinsights_sitenote_active":false,"_monsterinsights_sitenote_note":"","_monsterinsights_sitenote_category":0,"footnotes":""},"categories":[9],"tags":[167,374,934,70,648,435],"acf":[],"publishpress_future_action":{"enabled":false,"date":"1969-12-31 21:00:00","action":"","terms":[],"taxonomy":"","browser_timezone_offset":0},"_links":{"self":[{"href":"https:\/\/portalfloresnoar.com\/floresnoar\/wp-json\/wp\/v2\/posts\/38617"}],"collection":[{"href":"https:\/\/portalfloresnoar.com\/floresnoar\/wp-json\/wp\/v2\/posts"}],"about":[{"href":"https:\/\/portalfloresnoar.com\/floresnoar\/wp-json\/wp\/v2\/types\/post"}],"author":[{"embeddable":true,"href":"https:\/\/portalfloresnoar.com\/floresnoar\/wp-json\/wp\/v2\/users\/1"}],"replies":[{"embeddable":true,"href":"https:\/\/portalfloresnoar.com\/floresnoar\/wp-json\/wp\/v2\/comments?post=38617"}],"version-history":[{"count":0,"href":"https:\/\/portalfloresnoar.com\/floresnoar\/wp-json\/wp\/v2\/posts\/38617\/revisions"}],"wp:featuredmedia":[{"embeddable":true,"href":"https:\/\/portalfloresnoar.com\/floresnoar\/wp-json\/wp\/v2\/media\/38619"}],"wp:attachment":[{"href":"https:\/\/portalfloresnoar.com\/floresnoar\/wp-json\/wp\/v2\/media?parent=38617"}],"wp:term":[{"taxonomy":"category","embeddable":true,"href":"https:\/\/portalfloresnoar.com\/floresnoar\/wp-json\/wp\/v2\/categories?post=38617"},{"taxonomy":"post_tag","embeddable":true,"href":"https:\/\/portalfloresnoar.com\/floresnoar\/wp-json\/wp\/v2\/tags?post=38617"}],"curies":[{"name":"wp","href":"https:\/\/api.w.org\/{rel}","templated":true}]}}