

{"id":38613,"date":"2022-01-09T05:56:47","date_gmt":"2022-01-09T08:56:47","guid":{"rendered":"http:\/\/portalfloresnoar.com\/floresnoar\/?p=38613"},"modified":"2022-02-25T10:39:11","modified_gmt":"2022-02-25T13:39:11","slug":"curso-quimica-descomplicada-dos-oleos-essenciais","status":"publish","type":"post","link":"https:\/\/portalfloresnoar.com\/floresnoar\/curso-quimica-descomplicada-dos-oleos-essenciais\/","title":{"rendered":"Curso &#8216;Qu\u00edmica Descomplicada dos \u00d3leos Essenciais&#8217;"},"content":{"rendered":"<p><img decoding=\"async\" loading=\"lazy\" class=\"aligncenter wp-image-38614\" src=\"http:\/\/portalfloresnoar.com\/floresnoar\/wp-content\/uploads\/2020\/11\/curso-quimica-dos-oleos-essenciais.jpg\" alt=\"\" width=\"501\" height=\"277\" srcset=\"https:\/\/portalfloresnoar.com\/floresnoar\/wp-content\/uploads\/2020\/11\/curso-quimica-dos-oleos-essenciais.jpg 720w, https:\/\/portalfloresnoar.com\/floresnoar\/wp-content\/uploads\/2020\/11\/curso-quimica-dos-oleos-essenciais-300x166.jpg 300w, https:\/\/portalfloresnoar.com\/floresnoar\/wp-content\/uploads\/2020\/11\/curso-quimica-dos-oleos-essenciais-700x387.jpg 700w, https:\/\/portalfloresnoar.com\/floresnoar\/wp-content\/uploads\/2020\/11\/curso-quimica-dos-oleos-essenciais-672x372.jpg 672w\" sizes=\"(max-width: 501px) 100vw, 501px\" \/><\/p>\n<p>Quem estuda Aromaterapia geralmente sente vontade de se aprofundar no entendimento da qu\u00edmica dos \u00f3leos essenciais. Mas ao mesmo tempo que vem esta vontade, surge tamb\u00e9m um receio em adentrar nesse mundo da qu\u00edmica, por achar que \u00e9 um tema muito complexo e dif\u00edcil de aprender. Para essas pessoas, o aromaterapeuta Yan Oberlaender, certificado pela CertAroma (Associa\u00e7\u00e3o Brasileira de Aromaterapia) e AIA (Alliance of International Aromatherapists), e mestrando em Ci\u00eancias Naturop\u00e1ticas, est\u00e1 oferecendo o <a href=\"https:\/\/edzz.la\/TRTZL?a=816299\" target=\"_blank\" rel=\"noopener\">Curso &#8216;Qu\u00edmica Descomplicada dos \u00d3leos Essenciais&#8217;<\/a>.<\/p>\n<p>&#8220;Em nossa jornada no mundo da Aromaterapia, \u00e9 muito comum encontrarmos inseguran\u00e7a e d\u00favidas quanto \u00e0 aplica\u00e7\u00e3o e uso dos \u00d3leos Essenciais. Mas como conquistar a autonomia necess\u00e1ria para usar estes \u00f3leos? Esta autonomia depende de uma chave important\u00edssima: a Qu\u00edmica Arom\u00e1tica. Em geral, esta disciplina \u00e9 apresentada como algo complicado e inacess\u00edvel. Por isso, neste curso, condensamos apenas o conhecimento essencial de Qu\u00edmica Arom\u00e1tica&#8221;, explica o professor Yan Oberlaender.<\/p>\n<p>O curso parte do n\u00edvel mais elementar, com os conceitos iniciais de qu\u00edmica, passando pela bioss\u00edntese dos \u00d3leos Essenciais, at\u00e9 chegar aos grupos funcionais e aos efeitos terap\u00eauticos de cada um destes grupos.<\/p>\n<p>&#8220;Iremos do simples ao complexo, at\u00e9 que o aluno chegue ao dom\u00ednio da qu\u00edmica arom\u00e1tica e conquiste a sua autonomia no uso dos \u00d3leos Essenciais. Nosso objetivo n\u00e3o \u00e9 que voc\u00ea tenha somente um entendimento te\u00f3rico da qu\u00edmica. Queremos tamb\u00e9m lhe dar as ferramentas para que a qu\u00edmica arom\u00e1tica seja uma base concreta atrav\u00e9s da qual voc\u00ea possa fazer escolhas conscientes quanto ao uso terap\u00eautico dos \u00d3leos Essenciais&#8221;, declara Yan.<\/p>\n<p>O curso tem carga-hor\u00e1ria de 16 horas, organizado em 45 aulas, com apostila. Ao ingressar no curso, o aluno receber\u00e1 acesso \u00e0 uma plataforma de conte\u00fados, por onde acessar\u00e1 as v\u00eddeo-aulas e apostila. O inscrito ter\u00e1 acesso ao curso pelo per\u00edodo de 3 Anos, para que possa curs\u00e1-lo no seu ritmo, podendo ver e rever sempre que quiser. Todas as d\u00favidas poder\u00e3o ser esclarecidas diretamente com o professor Yan Oberlaender, via e-mail.<\/p>\n<p>Al\u00e9m das v\u00eddeo-aulas, tamb\u00e9m s\u00e3o oferecidos aos inscritos apostila e materiais complementares, e a vers\u00e3o em \u00e1udio MP3 de todas as aulas, para fazer download e escutar em qualquer lugar de sua prefer\u00eancia.<\/p>\n<p>PROFESSOR<br \/>\n<strong>Yan Oberlaender<\/strong> &#8211; Bi\u00f3logo, empreendedor, Mestrando em Ci\u00eancias Naturop\u00e1ticas e Aromaterapeuta Certificado pela CertAroma (Associa\u00e7\u00e3o Brasileira de Aromaterapia) e AIA (Alliance of International Aromatherapists).<\/p>\n<p><strong>CONTE\u00daDO PROGRAM\u00c1TICO<\/strong><br \/>\n<strong>M\u00f3dulo 1 &#8211; \u00d3leo Essencial<\/strong><br \/>\nAula 1 &#8211; Introdu\u00e7\u00e3o<br \/>\nAula 2 &#8211; Realidade Concreta<br \/>\nAula 3 &#8211; Olfato: O Sentido Esquecido<br \/>\n<em>Aqui, voc\u00ea ser\u00e1 apresentada(o) \u00e0 proposta de nosso curso. Mostraremos o mapa de nossa jornada ao universo fascinante da Qu\u00edmica Arom\u00e1tica. Veremos a import\u00e2ncia da olfa\u00e7\u00e3o de um \u00d3leo Essencial, como e porque ele nos encanta.<\/em><\/p>\n<p><strong>M\u00f3dulo 2 &#8211; Muito Prazer, Qu\u00edmica!<\/strong><br \/>\nAula 1 &#8211; O Que \u00e9 a Qu\u00edmica?<br \/>\nAula 2 &#8211; Os \u00c1tomos<br \/>\nAula 3 &#8211; S\u00edmbolos e F\u00f3rmulas<br \/>\nAula 4 &#8211; Carbono, Hidrog\u00eanio e Oxig\u00eanio<br \/>\n<em>Neste m\u00f3dulo, voc\u00ea ser\u00e1 apresentado \u00e0 Qu\u00edmica. Calma&#8230; isto n\u00e3o significa dor e complica\u00e7\u00f5es. Come\u00e7aremos dos conceitos elementares, numa linguagem simples e did\u00e1tica. A partir destes conceitos, todo o horizonte da Qu\u00edmica Arom\u00e1tica ganhar\u00e1 mais clareza e solidez.<\/em><\/p>\n<p><strong>M\u00f3dulo 3 &#8211; F\u00e1bricas Verdes de Luz Perfumada<\/strong><br \/>\nAula 1 &#8211; Classifica\u00e7\u00f5es no Reino Vegetal<br \/>\nAula 2 &#8211; Anatomia Vegetal<br \/>\nAula 3 &#8211; Fisiologia Vegetal<br \/>\nAula 4 &#8211; Vias Metab\u00f3licas<br \/>\n<em>Em nosso terceiro m\u00f3dulo, voc\u00ea ser\u00e1 conduzido aos mecanismos internos das plantas arom\u00e1ticas: F\u00e1bricas Verdes de Luz Perfumada. Nesta viagem pela Fisiologia Vegetal, voc\u00ea conhecer\u00e1 os reinos vegetais, a bioss\u00edntese das mol\u00e9culas arom\u00e1ticas, as vias metab\u00f3licas e como tudo isto influencia os quimiotipos e as varia\u00e7\u00f5es e composi\u00e7\u00f5es qu\u00edmicas dos \u00d3leos Essenciais.<\/em><\/p>\n<p><strong>M\u00f3dulo 4 &#8211; Caracter\u00edsticas F\u00edsicas<\/strong><br \/>\nAula 1 &#8211; Polaridade<br \/>\nAula 2 &#8211; Solubilidade<br \/>\nAula 3 &#8211; Densidade<br \/>\nAula 4 &#8211; Volatilidade<br \/>\nAula 5 &#8211; Reatividade e Toxicidade<br \/>\nAula 6 &#8211; Rea\u00e7\u00f5es D\u00e9rmicas Adversas<br \/>\n<em>Neste m\u00f3dulo, voc\u00ea ser\u00e1 introduzido aos diferentes marcadores f\u00edsicos dos \u00d3leos Essenciais. Atrav\u00e9s deles, voc\u00ea conhecer\u00e1 as caracter\u00edsticas espec\u00edficas dos compostos arom\u00e1ticos. Voc\u00ea compreender\u00e1 a polaridade, a solubilidade, a densidade e a volatilidade caracter\u00edsticas aos compostos arom\u00e1ticos. Isto lhe dar\u00e1 uma base s\u00f3lida para compreender a reatividade e a toxicidade dos \u00d3leos Essenciais. Deste modo, voc\u00ea poder\u00e1 manejar as rea\u00e7\u00f5es d\u00e9rmicas e adversas com conhecimento de causa.<\/em><\/p>\n<p><strong>M\u00f3dulo 5 &#8211; Obten\u00e7\u00e3o e Qualidade<\/strong><br \/>\nAula 1 &#8211; Destila\u00e7\u00e3o<br \/>\nAula 2 &#8211; Prensagem \u00e0 Frio<br \/>\nAula 3 &#8211; Solventes<br \/>\nAula 4 &#8211; CO2<br \/>\nAula 5 &#8211; Cromatografia<br \/>\nAula 6 &#8211; Espectrometria de Massa<br \/>\nAula 7 &#8211; Rota\u00e7\u00e3o \u00d3ptica<br \/>\n<em>Quais os m\u00e9todos de obten\u00e7\u00e3o dos \u00d3leos Essenciais? Uma vez obtidos, quais an\u00e1lises nos revelam sua composi\u00e7\u00e3o qu\u00edmica? Como interpretar estas an\u00e1lises? S\u00e3o estas e muitas outras perguntas que responderemos neste m\u00f3dulo. Voc\u00ea receber\u00e1 todas as informa\u00e7\u00f5es necess\u00e1rias para que, por si pr\u00f3pria, possa avaliar a qualidade dos \u00d3leos Essenciais.<\/em><\/p>\n<p><strong>M\u00f3dulo 6 &#8211; Terpenos<\/strong><br \/>\nAula 1 &#8211; Hidrocarbonetos<br \/>\nAula 2 &#8211; Terpenos e Terpen\u00f3ides<br \/>\nAula 3 &#8211; Monoterpenos<br \/>\nAula 4 &#8211; Sesquiterpenos<br \/>\n<em>Aqui, voc\u00ea entra no beab\u00e1 da Qu\u00edmica Arom\u00e1tica. Veremos a diferen\u00e7a estrutural entre os monoterpenos e os sesquiterpenos. Voc\u00ea aprender\u00e1 a nomear os compostos arom\u00e1ticos a partir do reconhecimento de sua estrutura. Al\u00e9m disto, ver\u00e1 os efeitos terap\u00eauticos relacionados a cada um destes componentes e os \u00d3leos Essenciais em que eles est\u00e3o mais presentes.<\/em><\/p>\n<p><strong>M\u00f3dulo 7 &#8211; Grupos Funcionais<\/strong><br \/>\nAula 1 &#8211; Grupos Funcionais<br \/>\nAula 2 &#8211; TGF sem generalizar<br \/>\nAula 3 &#8211; Monoterpen\u00f3is<br \/>\nAula 4 &#8211; Sesquiterpen\u00f3is<br \/>\nAula 5 &#8211; Fen\u00f3is<br \/>\nAula 6 &#8211; Alde\u00eddos<br \/>\nAula 7 &#8211; Cetonas<br \/>\nAula 8 &#8211; \u00c1cidos<br \/>\nAula 9 &#8211; \u00c9steres<br \/>\nAula 10 &#8211; \u00c9teres<br \/>\nAula 11 &#8211; \u00d3xidos<br \/>\nAula 12 &#8211; Lactonas, Cumarinas e Outros Compostos<br \/>\n<em>Neste m\u00f3dulo, voc\u00ea ser\u00e1 introduzido \u00e0 uma das teorias mais influentes dentro da Aromaterapia: a teoria dos Grupos Funcionais. Veremos cada um dos Grupos Funcionais, observando sua estrutura qu\u00edmica, comportamento e efeitos terap\u00eauticos. Contudo, tamb\u00e9m alertaremos para o risco do mau uso desta importante teoria: o reducionismo. O conhecimento qu\u00edmico dos \u00d3leos Essenciais n\u00e3o pode fechar-se em si mesmo, ele deve integrar-se em uma Vis\u00e3o Hol\u00edstica.<\/em><\/p>\n<p><strong>M\u00f3dulo 8 &#8211; Is\u00f4meros<\/strong><br \/>\nAula 1 &#8211; Is\u00f4meros Estruturais<br \/>\nAula 2 &#8211; Is\u00f4meros Geom\u00e9tricos<br \/>\nAula 3 &#8211; Enanti\u00f4meros<br \/>\n<em>Em nosso oitavo m\u00f3dulo, voc\u00ea descobrir\u00e1 o que s\u00e3o os Is\u00f4meros e qual \u00e9 sua import\u00e2ncia. A Isomeria introduz uma importante distin\u00e7\u00e3o qu\u00edmica, onde mol\u00e9culas qu\u00edmicas com os mesmos compostos diferenciam-se gra\u00e7as ao seu posicionamento. Estes pequenos detalhes fazem grande diferen\u00e7a no efeito terap\u00eautico destes componentes.<\/em><\/p>\n<p><strong>M\u00f3dulo 9 &#8211; Marcadores, Quimiotipos e Sint\u00e9ticos<\/strong><br \/>\nAula 1 &#8211; Marcadores e Componentes Tra\u00e7o<br \/>\nAula 2 &#8211; Quimiotipos e Varia\u00e7\u00f5es Qu\u00edmicas<br \/>\nAula 3 &#8211; Natural X Sint\u00e9tico<br \/>\n<em>Em nossa \u00faltimo m\u00f3dulo, veremos a import\u00e2ncia dos Marcadores e Componentes Tra\u00e7o, que s\u00e3o elementos acessados atrav\u00e9s da an\u00e1lise dos \u00d3leos Essenciais. Veremos tamb\u00e9m o que s\u00e3o, e as raz\u00f5es por detr\u00e1s, dos quimiotipos e das varia\u00e7\u00f5es qu\u00edmicas. Para concluir, voc\u00ea aprender\u00e1 a fundamenta\u00e7\u00e3o qu\u00edmica pela qual podemos diferenciar, objetivamente, um composto arom\u00e1tico sint\u00e9tico de um composto arom\u00e1tico natural.<\/em><\/p>\n<p><strong>B\u00d4NUS<\/strong><br \/>\n<strong>Apostila Exclusiva<\/strong><br \/>\nVoc\u00ea receber\u00e1 uma apostila completa, que n\u00e3o \u00e9 uma mera transcri\u00e7\u00e3o das aulas do curso. Ela \u00e9 um material did\u00e1tico independente, que fornece ricas informa\u00e7\u00f5es de consulta e aprofundamento da Qu\u00edmica Arom\u00e1tica.<\/p>\n<p><strong>Fichas dos Principais Componentes<\/strong><br \/>\nReunimos as informa\u00e7\u00f5es de mais de 30 componentes qu\u00edmicos presentes nos \u00f3leos essenciais. Efeitos terap\u00eauticos, pesquisas cient\u00edficas, quest\u00f5es de seguran\u00e7a e os principais \u00f3leos essenciais que cont\u00e9m aquele composto. Um material super completo, que foi organizado para poupar muito tempo de pesquisa.<\/p>\n<p><strong>Cromatografias de 120 \u00d3leos<\/strong><br \/>\nTamb\u00e9m iremos disponibilizar para voc\u00ea uma \u00e1rea onde voc\u00ea poder\u00e1 acessar a cromatografia de 120 \u00f3leos essenciais. Atrav\u00e9s delas, voc\u00ea poder\u00e1 utilizar o conhecimento adquirido ao longo do curso para avaliar cada \u00d3leo Essencial.<\/p>\n<p><strong>Certificado de Qualifica\u00e7\u00e3o<\/strong><br \/>\nO Certificado \u00e9 aceito pela Abraroma e v\u00e1lido em todo o Brasil, com conte\u00fado program\u00e1tico e carga hor\u00e1ria de 16 horas, comprovando a sua qualifica\u00e7\u00e3o na \u00e1rea.<\/p>\n<h4>INSCRI\u00c7\u00d5ES ATRAV\u00c9S DESTE LINK: <a href=\"https:\/\/edzz.la\/TRTZL?a=816299\" target=\"_blank\" rel=\"noopener\">https:\/\/p.eduzz.com\/444402?a=816299<\/a><\/h4>\n","protected":false},"excerpt":{"rendered":"<p>Quem estuda Aromaterapia geralmente sente vontade de se aprofundar no entendimento da qu\u00edmica dos \u00f3leos essenciais. Mas ao mesmo tempo que vem esta vontade, surge tamb\u00e9m um receio em adentrar nesse mundo da qu\u00edmica, por achar que \u00e9 um tema muito complexo e dif\u00edcil de aprender. Para essas pessoas, o aromaterapeuta Yan Oberlaender, certificado pela [&hellip;]<\/p>\n","protected":false},"author":1,"featured_media":38614,"comment_status":"open","ping_status":"open","sticky":false,"template":"","format":"standard","meta":{"om_disable_all_campaigns":false,"_monsterinsights_skip_tracking":false,"_monsterinsights_sitenote_active":false,"_monsterinsights_sitenote_note":"","_monsterinsights_sitenote_category":0,"footnotes":""},"categories":[8,9],"tags":[73,167,374,934,616,969],"acf":[],"publishpress_future_action":{"enabled":false,"date":"1969-12-31 21:00:00","action":"","terms":[],"taxonomy":"","browser_timezone_offset":0},"_links":{"self":[{"href":"https:\/\/portalfloresnoar.com\/floresnoar\/wp-json\/wp\/v2\/posts\/38613"}],"collection":[{"href":"https:\/\/portalfloresnoar.com\/floresnoar\/wp-json\/wp\/v2\/posts"}],"about":[{"href":"https:\/\/portalfloresnoar.com\/floresnoar\/wp-json\/wp\/v2\/types\/post"}],"author":[{"embeddable":true,"href":"https:\/\/portalfloresnoar.com\/floresnoar\/wp-json\/wp\/v2\/users\/1"}],"replies":[{"embeddable":true,"href":"https:\/\/portalfloresnoar.com\/floresnoar\/wp-json\/wp\/v2\/comments?post=38613"}],"version-history":[{"count":0,"href":"https:\/\/portalfloresnoar.com\/floresnoar\/wp-json\/wp\/v2\/posts\/38613\/revisions"}],"wp:featuredmedia":[{"embeddable":true,"href":"https:\/\/portalfloresnoar.com\/floresnoar\/wp-json\/wp\/v2\/media\/38614"}],"wp:attachment":[{"href":"https:\/\/portalfloresnoar.com\/floresnoar\/wp-json\/wp\/v2\/media?parent=38613"}],"wp:term":[{"taxonomy":"category","embeddable":true,"href":"https:\/\/portalfloresnoar.com\/floresnoar\/wp-json\/wp\/v2\/categories?post=38613"},{"taxonomy":"post_tag","embeddable":true,"href":"https:\/\/portalfloresnoar.com\/floresnoar\/wp-json\/wp\/v2\/tags?post=38613"}],"curies":[{"name":"wp","href":"https:\/\/api.w.org\/{rel}","templated":true}]}}