

{"id":38609,"date":"2018-09-30T06:00:15","date_gmt":"2018-09-30T09:00:15","guid":{"rendered":"http:\/\/portalfloresnoar.com\/floresnoar\/?p=38609"},"modified":"2021-10-29T09:15:40","modified_gmt":"2021-10-29T12:15:40","slug":"curso-on-line-aromaterapia-na-gestacao-parto-e-puerperio","status":"publish","type":"post","link":"https:\/\/portalfloresnoar.com\/floresnoar\/curso-on-line-aromaterapia-na-gestacao-parto-e-puerperio\/","title":{"rendered":"Curso On-line &#8216;Aromaterapia na Gesta\u00e7\u00e3o, Parto e Puerp\u00e9rio&#8217;"},"content":{"rendered":"<p><img decoding=\"async\" loading=\"lazy\" class=\"aligncenter size-full wp-image-38610\" src=\"http:\/\/portalfloresnoar.com\/floresnoar\/wp-content\/uploads\/2020\/11\/curso-online-de-aromaterapia-para-gestantes.jpg\" alt=\"\" width=\"720\" height=\"400\" srcset=\"https:\/\/portalfloresnoar.com\/floresnoar\/wp-content\/uploads\/2020\/11\/curso-online-de-aromaterapia-para-gestantes.jpg 720w, https:\/\/portalfloresnoar.com\/floresnoar\/wp-content\/uploads\/2020\/11\/curso-online-de-aromaterapia-para-gestantes-300x167.jpg 300w, https:\/\/portalfloresnoar.com\/floresnoar\/wp-content\/uploads\/2020\/11\/curso-online-de-aromaterapia-para-gestantes-700x389.jpg 700w, https:\/\/portalfloresnoar.com\/floresnoar\/wp-content\/uploads\/2020\/11\/curso-online-de-aromaterapia-para-gestantes-672x372.jpg 672w\" sizes=\"(max-width: 720px) 100vw, 720px\" \/><\/p>\n<p>A aromaterapeuta Raissa Mendes, especializada no cuidado com os ciclos femininos, est\u00e1 oferecendo o Curso On-line Aromaterapia na Gesta\u00e7\u00e3o, Parto e Puerp\u00e9rio. \u00c9 um curso completo, onde a participante aprender\u00e1 tudo o que precisa para come\u00e7ar a aplicar de forma segura os \u00f3leos essenciais durante o ciclo grav\u00eddico-puerperal, proporcionando uma experi\u00eancia saud\u00e1vel e tranquila nessa fase t\u00e3o cheia de transforma\u00e7\u00f5es na vida da mulher.<\/p>\n<p>&#8220;A Aromaterapia \u00e9 uma ferramenta terap\u00eautica \u00edmpar por meio da qual \u00e9 poss\u00edvel combinar as mais puras e potentes subt\u00e2ncias encontradas na Natureza em benef\u00edcio da nossa sa\u00fade e bem-estar f\u00edsico e emocional. Aplicados no ciclo grav\u00eddico-puerperal, os \u00f3leos essenciais usados em Aromaterapia n\u00e3o somente oferecem bem-estar f\u00edsico e emocional para a mulher, como aliviam dores, equilibram horm\u00f4nios, facilitam o parto, favorecem a conex\u00e3o consigo mesma e com o beb\u00ea, e promovem empoderamento nessa etapa de transforma\u00e7\u00f5es e desafios&#8221;, explica Raissa Mendes.<\/p>\n<p><strong>P\u00daBLICO-ALVO<\/strong><br \/>\n\u00c9 um curso voltado tanto para aromaterapeutas, terapeutas integrativos e profissionais da perinatalidade (doulas, enfermeiras\/os, m\u00e9dicas\/os, psic\u00f3logas\/os etc.), quanto para futuras m\u00e3es, gr\u00e1vidas, pu\u00e9rperas, lactantes, e seus respectivos companheiros\/as e pessoas que a acompanhar\u00e3o nessa jornada.<\/p>\n<p><strong>CONTE\u00daDO PROGRAMATICO<\/strong><\/p>\n<p><strong>M\u00f3dulo 1: A AROMATERAPIA E OS \u00d3LEOS ESSENCIAIS\u200b<\/strong><br \/>\n* Introdu\u00e7\u00e3o \u00e0 Aromaterapia<br \/>\n* Introdu\u00e7\u00e3o aos \u00d3leos Essenciais<\/p>\n<p>Voc\u00ea vai aprender sobre os fundamentos da Aromaterapia, compreendendo as principais defini\u00e7\u00f5es, sua hist\u00f3ria e panorama geral. Al\u00e9m disso, tamb\u00e9m vai aprender o que s\u00e3o \u00f3leos essenciais, como s\u00e3o formados nas plantas, os m\u00e9todos de extra\u00e7\u00e3o mais utilizados e sua complexidade molecular.<\/p>\n<p><strong>M\u00f3dulo 2: AROMATERAPIA APLICADA AO CICLO GRAV\u00cdDICO-PUERPERAL\u200b<\/strong><br \/>\n* Os \u00d3leos Essenciais na Gesta\u00e7\u00e3o, Parto, Puerp\u00e9rio e Amamenta\u00e7\u00e3o<br \/>\n* Formas de Uso<br \/>\n* Sinergias Poderosas e Dilui\u00e7\u00f5es Seguras<br \/>\n* Toxicidade dos \u00d3leos Essenciais<br \/>\n* Anamnese, Avalia\u00e7\u00e3o e Indica\u00e7\u00e3o Aromaterap\u00eautica<br \/>\n\u200b<br \/>\nNeste m\u00f3dulo \u00e9 a vez de entender como os \u00f3leos essenciais podem atuar desde a gesta\u00e7\u00e3o aos primeiros anos de maternidade, como interagem com o corpo humano, suas formas de aplica\u00e7\u00e3o corretas, como us\u00e1-los em sinergia e como fazer as dilui\u00e7\u00f5es nas propor\u00e7\u00f5es seguras para cada fase. Tamb\u00e9m aprender\u00e1 sobre toxicidade de alguns \u00f3leos essenciais e como fazer uma anamnese aromaterap\u00eautica para fazer avalia\u00e7\u00f5es e indica\u00e7\u00f5es seguras.<\/p>\n<p><strong>M\u00f3dulo 3: AROMATERAPIA PARA A GESTA\u00c7\u00c3O<\/strong><br \/>\n* \u00d3leos Essenciais Indicados para a Gesta\u00e7\u00e3o<br \/>\n* \u00d3leos Essenciais Contraindicados para a Gesta\u00e7\u00e3o<br \/>\n\u200b<br \/>\nVamos fazer um estudo aprofundado dos \u00f3leos essenciais que podem ser usados com seguran\u00e7a na gesta\u00e7\u00e3o, entendendo sua composi\u00e7\u00e3o molecular, propriedades terap\u00eauticas, mecanismos de a\u00e7\u00e3o, situa\u00e7\u00f5es vivenciadas na gesta\u00e7\u00e3o em que s\u00e3o indicados, aplica\u00e7\u00f5es em cada trimestre gestacional e cuidados a serem tomados no uso. Al\u00e9m disso, tamb\u00e9m ser\u00e3o estudados os \u00f3leos essenciais que s\u00e3o contraindicados para a gesta\u00e7\u00e3o e a toxicidade de cada um.<\/p>\n<p><strong>M\u00f3dulo 4: AROMATERAPIA PARA O PARTO<\/strong><br \/>\n* \u00d3leos Essenciais Indicados para o Parto<br \/>\n* \u00d3leos Essenciais Contraindicados para o Parto<\/p>\n<p>Neste m\u00f3dulo, vamos estudar os \u00f3leos essenciais que podem ser usados de forma segura no parto, entendendo sua composi\u00e7\u00e3o molecular, propriedades terap\u00eauticas, mecanismos de a\u00e7\u00e3o, situa\u00e7\u00f5es vivenciadas no parto em que s\u00e3o indicados, aplica\u00e7\u00f5es em cada fase do trabalho de parto, no p\u00f3s-parto imediato, em partos naturais, partos com analgesia, partos induzidos e em ces\u00e1reas, al\u00e9m dos cuidados a serem tomados no uso de cada um. Tamb\u00e9m ser\u00e3o estudados os \u00f3leos essenciais que s\u00e3o contraindicados para o parto e a toxicidade de cada um.<\/p>\n<p><strong>M\u00f3dulo 5: AROMATERAPIA PARA O PUERP\u00c9RIO E AMAMENTA\u00c7\u00c3O<\/strong><br \/>\n* \u00d3leos Essenciais Indicados para o Puerp\u00e9rio e Amamenta\u00e7\u00e3o<br \/>\n* \u00d3leos Essenciais Contraindicados para o Puerp\u00e9rio e Amamenta\u00e7\u00e3o<br \/>\n* Exerc\u00edcios de fixa\u00e7\u00e3o ao final de cada m\u00f3dulo.<\/p>\n<p>Neste \u00faltimo m\u00f3dulo, vamos nos aprofundar no estudo dos \u00f3leos essenciais que podem ser usados com seguran\u00e7a nos primeiros anos ap\u00f3s o parto, \u00fateis para o puerp\u00e9rio e amamenta\u00e7\u00e3o, tamb\u00e9m entendendo sua composi\u00e7\u00e3o molecular, propriedades terap\u00eauticas, mecanismos de a\u00e7\u00e3o, situa\u00e7\u00f5es em que s\u00e3o indicados, suas aplica\u00e7\u00f5es, al\u00e9m dos cuidados a serem tomados no uso de cada um. Tamb\u00e9m ser\u00e3o estudados os \u00f3leos essenciais que s\u00e3o contraindicados para o puerp\u00e9rio e amamenta\u00e7\u00e3o e a toxicidade de cada um.<\/p>\n<p><strong>METODOLOGIA E ACESSO AOS MATERIAIS DO CURSO<\/strong><br \/>\nO curso \u00e9 composto por 5 m\u00f3dulos e as aulas s\u00e3o 100% on-line, em idioma Portugu\u00eas (BR). Ao se inscrever, a participante vai receber o acesso a uma plataforma digital exclusiva, onde vai encontrar todo o conte\u00fado do curso para acessar sempre que quiser, pelo per\u00edodo de 1 ano.<\/p>\n<p><strong>B\u00d4NUS OFERECIDOS<\/strong><br \/>\n* E-book: Aromaterapia no Ciclo Grav\u00eddico-Puerperal<br \/>\n* E-book: Fornecedores Confi\u00e1veis e Compra Segura de \u00d3leos Essenciais<br \/>\n* E-book: Fisiologia da Gesta\u00e7\u00e3o, Parto, Puerp\u00e9rio e Amamenta\u00e7\u00e3o<br \/>\n* E-book: Aromaterapia em Situa\u00e7\u00f5es Especiais da Perinatalidade<br \/>\n* E-book: Aromaterapia para Beb\u00eas e Crian\u00e7as Pequenas<br \/>\n* Webin\u00e1rios extras (aulas ao vivo), para tirar d\u00favidas e se aprofundar nas tem\u00e1ticas do curso.<br \/>\n* Grupo VIP secreto, para tirar d\u00favidas, compartilhamento de experi\u00eancias e trocas de materiais extras.<\/p>\n<p><strong>CERTIFICADO<\/strong><br \/>\nAo finalizar todos os 5 m\u00f3dulos, a participante receber\u00e1 o seu certificado, em formato digital, com carga-hor\u00e1ria de 80h e a descri\u00e7\u00e3o do conte\u00fado estudado.<\/p>\n<p><strong>QUEM VAI TE ACOMPANHAR NESTA JORNADA<\/strong><br \/>\n<img decoding=\"async\" loading=\"lazy\" class=\"wp-image-38611 alignleft\" src=\"http:\/\/portalfloresnoar.com\/floresnoar\/wp-content\/uploads\/2020\/11\/raissa-mendes_mulher-ciclica.jpg\" alt=\"\" width=\"208\" height=\"174\" srcset=\"https:\/\/portalfloresnoar.com\/floresnoar\/wp-content\/uploads\/2020\/11\/raissa-mendes_mulher-ciclica.jpg 441w, https:\/\/portalfloresnoar.com\/floresnoar\/wp-content\/uploads\/2020\/11\/raissa-mendes_mulher-ciclica-300x252.jpg 300w\" sizes=\"(max-width: 208px) 100vw, 208px\" \/>Raissa Mendes \u00e9 co-fundadora da Mulher C\u00edclica e da Apotec\u00e1rios da Floresta, aromaterapeuta especializada no cuidado com os ciclos femininos, doula, psic\u00f3loga perinatal, psicoterapeuta de mulheres e alquimista natural. H\u00e1 5 anos facilita cursos, forma\u00e7\u00f5es, viv\u00eancias e jornadas terap\u00eauticas envolvendo Aromaterapia, cuidados femininos e pr\u00e1ticas naturais de autocuidado.<\/p>\n<p>A Aromaterapia e as plantas medicinais arom\u00e1ticas sempre estiveram presentes em sua trajet\u00f3ria pessoal e profissional, inclusive em sua gesta\u00e7\u00e3o, parto, puerp\u00e9rio, amamenta\u00e7\u00e3o e cuidados com sua filha. Como doula e aromaterapeuta, utiliza os \u00f3leos essenciais para trazer conex\u00e3o, sa\u00fade e bem-estar f\u00edsico e emocional \u00e0s mulheres em seus transformadores processos de gestar, parir, nutrir e maternar, confirmando mais uma vez o poder da Natureza.<\/p>\n<p><strong>INVESTIMENTO<\/strong><br \/>\nR$ 497,00 \u00e0 vista, ou em 12x de R$ 49,70<\/p>\n<p><em>Obs.: Ap\u00f3s a confirma\u00e7\u00e3o de pagamento da inscri\u00e7\u00e3o, em at\u00e9 48h \u00fateis a inscrita receber\u00e1 em seu e-mail o acesso \u00e0 plataforma, enviado pela Eduzz. Atrav\u00e9s do link recebido por e-mail, voc\u00ea precisar\u00e1 cadastrar uma senha individual na plataforma e, ent\u00e3o, poder\u00e1 acessar. Lembre-se que as confirma\u00e7\u00f5es de pagamentos feitos via cart\u00e3o de cr\u00e9dito costumam acontecer em poucas horas ap\u00f3s a transa\u00e7\u00e3o, j\u00e1 os pagamentos feitos por boleto banc\u00e1rio podem levar at\u00e9 72 horas \u00fateis para serem processados pelo banco e s\u00f3 ent\u00e3o s\u00e3o confirmados.<\/em><\/p>\n<h4><strong>INSCRI\u00c7\u00d5ES ATRAV\u00c9S DESTE LINK:<\/strong> <a href=\"https:\/\/p.eduzz.com\/275573?a=816299\" target=\"_blank\" rel=\"noopener\">https:\/\/p.eduzz.com\/275573?a=816299<\/a><\/h4>\n","protected":false},"excerpt":{"rendered":"<p>A aromaterapeuta Raissa Mendes, especializada no cuidado com os ciclos femininos, est\u00e1 oferecendo o Curso On-line Aromaterapia na Gesta\u00e7\u00e3o, Parto e Puerp\u00e9rio. \u00c9 um curso completo, onde a participante aprender\u00e1 tudo o que precisa para come\u00e7ar a aplicar de forma segura os \u00f3leos essenciais durante o ciclo grav\u00eddico-puerperal, proporcionando uma experi\u00eancia saud\u00e1vel e tranquila nessa [&hellip;]<\/p>\n","protected":false},"author":1,"featured_media":38610,"comment_status":"open","ping_status":"open","sticky":false,"template":"","format":"standard","meta":{"om_disable_all_campaigns":false,"_monsterinsights_skip_tracking":false,"_monsterinsights_sitenote_active":false,"_monsterinsights_sitenote_note":"","_monsterinsights_sitenote_category":0,"footnotes":""},"categories":[9],"tags":[73,167,374,934,375,616],"acf":[],"publishpress_future_action":{"enabled":false,"date":"1969-12-31 21:00:00","action":"","terms":[],"taxonomy":"","browser_timezone_offset":0},"_links":{"self":[{"href":"https:\/\/portalfloresnoar.com\/floresnoar\/wp-json\/wp\/v2\/posts\/38609"}],"collection":[{"href":"https:\/\/portalfloresnoar.com\/floresnoar\/wp-json\/wp\/v2\/posts"}],"about":[{"href":"https:\/\/portalfloresnoar.com\/floresnoar\/wp-json\/wp\/v2\/types\/post"}],"author":[{"embeddable":true,"href":"https:\/\/portalfloresnoar.com\/floresnoar\/wp-json\/wp\/v2\/users\/1"}],"replies":[{"embeddable":true,"href":"https:\/\/portalfloresnoar.com\/floresnoar\/wp-json\/wp\/v2\/comments?post=38609"}],"version-history":[{"count":0,"href":"https:\/\/portalfloresnoar.com\/floresnoar\/wp-json\/wp\/v2\/posts\/38609\/revisions"}],"wp:featuredmedia":[{"embeddable":true,"href":"https:\/\/portalfloresnoar.com\/floresnoar\/wp-json\/wp\/v2\/media\/38610"}],"wp:attachment":[{"href":"https:\/\/portalfloresnoar.com\/floresnoar\/wp-json\/wp\/v2\/media?parent=38609"}],"wp:term":[{"taxonomy":"category","embeddable":true,"href":"https:\/\/portalfloresnoar.com\/floresnoar\/wp-json\/wp\/v2\/categories?post=38609"},{"taxonomy":"post_tag","embeddable":true,"href":"https:\/\/portalfloresnoar.com\/floresnoar\/wp-json\/wp\/v2\/tags?post=38609"}],"curies":[{"name":"wp","href":"https:\/\/api.w.org\/{rel}","templated":true}]}}