

{"id":38595,"date":"2022-02-25T05:42:31","date_gmt":"2022-02-25T08:42:31","guid":{"rendered":"http:\/\/portalfloresnoar.com\/floresnoar\/?p=38595"},"modified":"2022-02-25T10:36:56","modified_gmt":"2022-02-25T13:36:56","slug":"formacao-on-line-em-aromaterapia","status":"publish","type":"post","link":"https:\/\/portalfloresnoar.com\/floresnoar\/formacao-on-line-em-aromaterapia\/","title":{"rendered":"Forma\u00e7\u00e3o On-line em Aromaterapia"},"content":{"rendered":"<figure id=\"attachment_38596\" aria-describedby=\"caption-attachment-38596\" style=\"width: 501px\" class=\"wp-caption aligncenter\"><img decoding=\"async\" loading=\"lazy\" class=\"wp-image-38596\" src=\"http:\/\/portalfloresnoar.com\/floresnoar\/wp-content\/uploads\/2020\/10\/formacao-online-em-aromaterapia.jpg\" alt=\"\" width=\"501\" height=\"410\" srcset=\"https:\/\/portalfloresnoar.com\/floresnoar\/wp-content\/uploads\/2020\/10\/formacao-online-em-aromaterapia.jpg 1280w, https:\/\/portalfloresnoar.com\/floresnoar\/wp-content\/uploads\/2020\/10\/formacao-online-em-aromaterapia-300x246.jpg 300w, https:\/\/portalfloresnoar.com\/floresnoar\/wp-content\/uploads\/2020\/10\/formacao-online-em-aromaterapia-768x629.jpg 768w, https:\/\/portalfloresnoar.com\/floresnoar\/wp-content\/uploads\/2020\/10\/formacao-online-em-aromaterapia-700x573.jpg 700w\" sizes=\"(max-width: 501px) 100vw, 501px\" \/><figcaption id=\"caption-attachment-38596\" class=\"wp-caption-text\">Imagem de <a href=\"https:\/\/pixabay.com\/pt\/users\/cenczi-1854246\/?utm_source=link-attribution&amp;utm_medium=referral&amp;utm_campaign=image&amp;utm_content=1738161\">cenczi<\/a> por <a href=\"https:\/\/pixabay.com\/pt\/?utm_source=link-attribution&amp;utm_medium=referral&amp;utm_campaign=image&amp;utm_content=1738161\">Pixabay<\/a><\/figcaption><\/figure>\n<p>A <a href=\"https:\/\/edzz.la\/EW3I5?a=816299\" target=\"_blank\" rel=\"noopener\">Forma\u00e7\u00e3o Online em Aromaterapia<\/a>\u00a0aborda desde os conceitos fundamentais da Aromaterapia, sua hist\u00f3ria, benef\u00edcios, propriedades, at\u00e9 os aspectos mais pr\u00e1ticos desta ci\u00eancia arom\u00e1tica, al\u00e9m de um estudo aprofundado dos \u00d3leos Essenciais e Vegetais.<\/p>\n<p>&#8220;Essa Forma\u00e7\u00e3o em Aromaterapia foi criada para que o participante conhece\u00e7a e utilize de forma qualificada e consciente o poder terap\u00eautico e energ\u00e9tico dos \u00d3leos Essenciais. Ao concluir a Forma\u00e7\u00e3o, o aluno ter\u00e1 adquirido um conhecimento abrangente das potencialidades da Aromaterapia em diferentes \u00e1reas, sendo capaz de criar seus pr\u00f3prios produtos naturais para promover o bem-estar f\u00edsico, emocional e energ\u00e9tico&#8221;, declaram os professores Yan Oberlaender e Carla V\u00e9scovi.<\/p>\n<p><strong>CONTE\u00daDO PROGRAMATICO<\/strong><br \/>\nA Forma\u00e7\u00e3o Online em Aromaterapia \u00e9 composta por 6 grandes m\u00f3dulos, com mais de 100 v\u00eddeoaulas, onde de forma gradativa o aluno ir\u00e1 conhecer os aspectos mais profundos e pr\u00e1ticos desta Ci\u00eancia. Confira os principais temas:<\/p>\n<p><strong>Introdu\u00e7\u00e3o \u00e0 Aromaterapia<\/strong><br \/>\nNas v\u00eddeoaulas que comp\u00f5em a parte introdut\u00f3ria, o aluno ir\u00e1 aprender os conceitos b\u00e1sicos para iniciar sua viagem arom\u00e1tica.<\/p>\n<p><strong>Hist\u00f3ria da Aromaterapia<\/strong><br \/>\nAs plantas medicinais e arom\u00e1ticas acompanham o ser humano desde as civiliza\u00e7\u00f5es mais antigas. Seu uso terap\u00eautico e religioso tem um papel importante em seu desenvolvimento at\u00e9 os dias de hoje. Descubra quais os acontecimentos e personagens mais marcantes desta hist\u00f3ria.<\/p>\n<p><strong>Anatomia e Fisiologia Vegetal<\/strong><br \/>\nJ\u00e1 que as ferramentas principais de um Aromaterapeuta s\u00e3o os \u00f3leos essenciais, \u00e9 importante entender de que forma as plantas produzem estas joias da Natureza. Conheceremos quais as estruturas e fun\u00e7\u00f5es relacionadas com a produ\u00e7\u00e3o dos compostos arom\u00e1ticos.<\/p>\n<p><strong>Anatomia e Fisiologia Humana<\/strong><br \/>\nCom o objetivo de utilizar a Aromaterapia de forma segura e eficaz, \u00e9 importante ter um conhecimento b\u00e1sico sobre os sistemas que comp\u00f5e o nosso organismo, assim como a fun\u00e7\u00e3o de cada um.<\/p>\n<p><strong>M\u00e9todos de Obten\u00e7\u00e3o<\/strong><br \/>\nCompreendendo como e porque as plantas produzem compostos arom\u00e1ticos, iremos descobrir os diferentes m\u00e9todos que podemos utilizar para extrair os \u00f3leos essenciais das plantas arom\u00e1ticas.<\/p>\n<p><strong>Sistema Olfativo<\/strong><br \/>\nNosso olfato possui um papel muito importante na Aromaterapia: \u00e9 atrav\u00e9s dele que percebemos os aromas e podemos ativar rea\u00e7\u00f5es que ir\u00e3o influenciar os estados emocionais. Aprofundar o conhecimento do Sistema Olfativo \u00e9 fazer uma viagem fascinante ao interior do nosso c\u00e9rebro.<\/p>\n<p><strong>Estudo dos \u00d3leos Essenciais<\/strong><br \/>\nConhecer os principais \u00f3leos essenciais utilizados na Aromaterapia nos dias de hoje \u00e9 fundamental para um estudioso da \u00e1rea. Caracter\u00edsticas f\u00edsicas, energ\u00e9ticas, proced\u00eancia e outros atributos far\u00e3o com que o aluno realmente possa sentir cada planta apresentada.<\/p>\n<p><strong>Estudo dos \u00d3leos Fixos Vegetais<\/strong><br \/>\nPor serem altamente concentrados, geralmente os \u00f3leos essenciais s\u00e3o dilu\u00eddos em um \u00f3leo fixo vegetal, com a finalidade de facilitar sua aplica\u00e7\u00e3o e evitar riscos para a pele. Conhe\u00e7a os principais \u00f3leos carreadores e suas caracter\u00edsticas.<\/p>\n<p><strong>Estudo dos Hidrolatos<\/strong><br \/>\nHidrolato \u00e9 a \u00e1gua arom\u00e1tica resultante do processo de destila\u00e7\u00e3o. Diferentemente dos \u00f3leos essenciais (altamente concentrados), os Hidrolatos s\u00e3o bem mais suaves e possuem efeitos terap\u00eauticos importantes e cada vez mais valorizados na Aromaterapia.<\/p>\n<p><strong>Aromaterapia Qu\u00edmica<\/strong><br \/>\nOs \u00f3leos essenciais s\u00e3o formados por centenas de componentes qu\u00edmicos, princ\u00edpios ativos que ir\u00e3o trazer os efeitos terap\u00eauticos relacionados. Entendendo a parte qu\u00edmica, podemos encontrar mais facilidades para saber quais \u00f3leos utilizar nas situa\u00e7\u00f5es do dia a dia.<\/p>\n<p><strong>Aromaterapia Aplicada<\/strong><br \/>\nDe nada adianta todo o conhecimento te\u00f3rico sem saber como utiliz\u00e1-lo. Atrav\u00e9s de diversas v\u00eddeoaulas o aluno ir\u00e1 descobrir quais as formas de uso e pr\u00e1ticas adequadas para utilizar os \u00f3leos essenciais.<\/p>\n<p><strong>Receitas<\/strong><br \/>\nConhe\u00e7a na pr\u00e1tica diversas Receitas Aromater\u00e1picas consagradas. Teste-as e se inspire para voc\u00ea mesmo criar as suas.<\/p>\n<p><strong>A INSCRI\u00c7\u00c3O NO CURSO INCLUI:<\/strong><\/p>\n<p><strong>Plataforma Exclusiva<\/strong><br \/>\nAo inscrever-se voc\u00ea receber\u00e1 o acesso \u00e0 sua Plataforma de Aluno, onde todos os conte\u00fados estar\u00e3o organizados para voc\u00ea usufruir sempre que quiser.<\/p>\n<p><strong>Kit Sensorial<\/strong><br \/>\nKit preparado exclusivamente para a sua Experi\u00eancia Sensorial, s\u00e3o mais de 20 aromas para voc\u00ea sentir a energia de cada \u00f3leo que ser\u00e1 estudado na Forma\u00e7\u00e3o.<\/p>\n<p><strong>Certificado de Qualifica\u00e7\u00e3o<\/strong><br \/>\nO Certificado de Conclus\u00e3o \u00e9 v\u00e1lido em todo o Brasil, com conte\u00fado program\u00e1tico e carga hor\u00e1ria descrita, comprovando a sua qualifica\u00e7\u00e3o como Aromaterapeuta.<\/p>\n<p><strong>PROFESSORES<\/strong><\/p>\n<p><strong> <img decoding=\"async\" loading=\"lazy\" class=\"size-full wp-image-38599 alignleft\" src=\"http:\/\/portalfloresnoar.com\/floresnoar\/wp-content\/uploads\/2020\/10\/yan-oberlaender_formacao-em-aromaterapia.jpg\" alt=\"\" width=\"160\" height=\"160\" srcset=\"https:\/\/portalfloresnoar.com\/floresnoar\/wp-content\/uploads\/2020\/10\/yan-oberlaender_formacao-em-aromaterapia.jpg 160w, https:\/\/portalfloresnoar.com\/floresnoar\/wp-content\/uploads\/2020\/10\/yan-oberlaender_formacao-em-aromaterapia-150x150.jpg 150w, https:\/\/portalfloresnoar.com\/floresnoar\/wp-content\/uploads\/2020\/10\/yan-oberlaender_formacao-em-aromaterapia-100x100.jpg 100w\" sizes=\"(max-width: 160px) 100vw, 160px\" \/><\/strong><\/p>\n<p><strong>Yan Oberlaender<\/strong><br \/>\n\u00c9 bi\u00f3logo, Co-fundador do Conaroma (Congresso Online de Aromaterapia), empreendedor e aromaterapeuta certificado pela AIA (Alliance of International Aromatherapists). Dedica sua vida \u00e0 pesquisa de plantas arom\u00e1ticas e divulga\u00e7\u00e3o dos \u00f3leos essenciais como forma de trazer mais sa\u00fade e bem-estar.<\/p>\n<p>&nbsp;<\/p>\n<p><strong><img decoding=\"async\" loading=\"lazy\" class=\"size-full wp-image-38598 alignleft\" src=\"http:\/\/portalfloresnoar.com\/floresnoar\/wp-content\/uploads\/2020\/10\/carla-vescovi_-formacao-em-aromaterapia.jpg\" alt=\"\" width=\"160\" height=\"160\" srcset=\"https:\/\/portalfloresnoar.com\/floresnoar\/wp-content\/uploads\/2020\/10\/carla-vescovi_-formacao-em-aromaterapia.jpg 160w, https:\/\/portalfloresnoar.com\/floresnoar\/wp-content\/uploads\/2020\/10\/carla-vescovi_-formacao-em-aromaterapia-150x150.jpg 150w, https:\/\/portalfloresnoar.com\/floresnoar\/wp-content\/uploads\/2020\/10\/carla-vescovi_-formacao-em-aromaterapia-100x100.jpg 100w\" sizes=\"(max-width: 160px) 100vw, 160px\" \/><\/strong><\/p>\n<p>&nbsp;<\/p>\n<p><strong>Carla V\u00e9scovi<\/strong><br \/>\nAromaterapeuta e facilitadora de cursos de forma\u00e7\u00e3o em Aromaterapia\/Aromatologia. Pesquisadora dos efeitos dos \u00d3leos Essenciais dilu\u00eddos. Possui mais de 15 anos de experi\u00eancia com \u00d3leos Essenciais, sendo fundadora da Aromaluz em Campinas-SP.<\/p>\n<p>&nbsp;<\/p>\n<p>M\u00d3DULOS<\/p>\n<p><strong>M\u00f3dulo Raiz<\/strong><br \/>\nNo in\u00edcio da nossa Jornada voc\u00ea vai aprender conceitos b\u00e1sicos sobre os principais assuntos que iremos estudar ao longo de nossa forma\u00e7\u00e3o, construindo uma boa base para o desenvolvimento crescente dos seus estudos.<\/p>\n<p><strong>M\u00f3dulo Caule<\/strong><br \/>\nNeste movimento crescente, o M\u00f3dulo Caule inicia um aprofundamento de alguns assuntos trazidos anteriormente, uma quantidade maior de \u00f3leos estudados, al\u00e9m de iniciar a parte de Qu\u00edmica da Aromaterapia.<\/p>\n<p><strong>M\u00f3dulo Folhas<\/strong><br \/>\nAssim como a planta utiliza suas folhas para a respira\u00e7\u00e3o, neste M\u00f3dulo iremos seguir nos inspirando com novos conhecimentos. Entre os temas abordados vamos ver de forma mais detalhada sobre o Sistema Olfativo.<\/p>\n<p><strong>M\u00f3dulo Flores<\/strong><br \/>\nNeste momento, nossa inten\u00e7\u00e3o \u00e9 que todo este conhecimento j\u00e1 esteja florindo em voc\u00ea. Seguiremos nossos estudos conhecendo mais sobre os Hidrolatos, tamb\u00e9m conhecidos como \u00c1gua Floral.<\/p>\n<p><strong>M\u00f3dulo Frutos<\/strong><br \/>\nA fun\u00e7\u00e3o dos frutos \u00e9 de proteger e trazer seguran\u00e7a as sementes. Nesta parte seguiremos nossos estudos, para que voc\u00ea possa chegar ao \u00faltimo m\u00f3dulo com seguran\u00e7a e bem preparado.<\/p>\n<p><strong>M\u00f3dulo Sementes<\/strong><br \/>\nConcluindo este M\u00f3dulo voc\u00ea j\u00e1 ter\u00e1 condi\u00e7\u00f5es de espalhar as sementes do conhecimento adquirido na Forma\u00e7\u00e3o, para transform\u00e1-lo em sa\u00fade e bem-estar a todos em sua volta.<\/p>\n<p><strong>INSCRI\u00c7\u00d5ES E MAIS INFORMA\u00c7\u00d5ES:\u00a0<a href=\"https:\/\/edzz.la\/EW3I5?a=816299\" target=\"_blank\" rel=\"noopener\">https:\/\/sun.eduzz.com\/30879?a=816299<\/a><\/strong><\/p>\n","protected":false},"excerpt":{"rendered":"<p>A Forma\u00e7\u00e3o Online em Aromaterapia\u00a0aborda desde os conceitos fundamentais da Aromaterapia, sua hist\u00f3ria, benef\u00edcios, propriedades, at\u00e9 os aspectos mais pr\u00e1ticos desta ci\u00eancia arom\u00e1tica, al\u00e9m de um estudo aprofundado dos \u00d3leos Essenciais e Vegetais. &#8220;Essa Forma\u00e7\u00e3o em Aromaterapia foi criada para que o participante conhece\u00e7a e utilize de forma qualificada e consciente o poder terap\u00eautico e [&hellip;]<\/p>\n","protected":false},"author":1,"featured_media":38597,"comment_status":"open","ping_status":"open","sticky":false,"template":"","format":"standard","meta":{"om_disable_all_campaigns":false,"_monsterinsights_skip_tracking":false,"_monsterinsights_sitenote_active":false,"_monsterinsights_sitenote_note":"","_monsterinsights_sitenote_category":0,"footnotes":""},"categories":[9],"tags":[73,1112,167,374,934,616],"acf":[],"publishpress_future_action":{"enabled":false,"date":"1969-12-31 21:00:00","action":"","terms":[],"taxonomy":"","browser_timezone_offset":0},"_links":{"self":[{"href":"https:\/\/portalfloresnoar.com\/floresnoar\/wp-json\/wp\/v2\/posts\/38595"}],"collection":[{"href":"https:\/\/portalfloresnoar.com\/floresnoar\/wp-json\/wp\/v2\/posts"}],"about":[{"href":"https:\/\/portalfloresnoar.com\/floresnoar\/wp-json\/wp\/v2\/types\/post"}],"author":[{"embeddable":true,"href":"https:\/\/portalfloresnoar.com\/floresnoar\/wp-json\/wp\/v2\/users\/1"}],"replies":[{"embeddable":true,"href":"https:\/\/portalfloresnoar.com\/floresnoar\/wp-json\/wp\/v2\/comments?post=38595"}],"version-history":[{"count":0,"href":"https:\/\/portalfloresnoar.com\/floresnoar\/wp-json\/wp\/v2\/posts\/38595\/revisions"}],"wp:featuredmedia":[{"embeddable":true,"href":"https:\/\/portalfloresnoar.com\/floresnoar\/wp-json\/wp\/v2\/media\/38597"}],"wp:attachment":[{"href":"https:\/\/portalfloresnoar.com\/floresnoar\/wp-json\/wp\/v2\/media?parent=38595"}],"wp:term":[{"taxonomy":"category","embeddable":true,"href":"https:\/\/portalfloresnoar.com\/floresnoar\/wp-json\/wp\/v2\/categories?post=38595"},{"taxonomy":"post_tag","embeddable":true,"href":"https:\/\/portalfloresnoar.com\/floresnoar\/wp-json\/wp\/v2\/tags?post=38595"}],"curies":[{"name":"wp","href":"https:\/\/api.w.org\/{rel}","templated":true}]}}