

{"id":38577,"date":"2020-07-19T05:07:16","date_gmt":"2020-07-19T08:07:16","guid":{"rendered":"http:\/\/portalfloresnoar.com\/floresnoar\/?p=38577"},"modified":"2020-11-30T19:53:26","modified_gmt":"2020-11-30T22:53:26","slug":"agenda-1o-congresso-brasileiro-de-praticas-antroposoficas-de-23-a-2911-on-line","status":"publish","type":"post","link":"https:\/\/portalfloresnoar.com\/floresnoar\/agenda-1o-congresso-brasileiro-de-praticas-antroposoficas-de-23-a-2911-on-line\/","title":{"rendered":"[AGENDA] 1\u00ba Congresso Brasileiro das Pr\u00e1ticas Antropos\u00f3ficas"},"content":{"rendered":"<p><img decoding=\"async\" loading=\"lazy\" class=\"aligncenter wp-image-38578\" src=\"http:\/\/portalfloresnoar.com\/floresnoar\/wp-content\/uploads\/2020\/10\/congresso-online-antroposofia.jpg\" alt=\"\" width=\"545\" height=\"286\" srcset=\"https:\/\/portalfloresnoar.com\/floresnoar\/wp-content\/uploads\/2020\/10\/congresso-online-antroposofia.jpg 685w, https:\/\/portalfloresnoar.com\/floresnoar\/wp-content\/uploads\/2020\/10\/congresso-online-antroposofia-300x157.jpg 300w\" sizes=\"(max-width: 545px) 100vw, 545px\" \/><\/p>\n<p>Est\u00e1 acontecendo at\u00e9 o dia 29 de novembro de 2020 o\u00a01\u00ba Congresso Brasileiro das Pr\u00e1ticas Antropos\u00f3ficas (CBPA), totalmente on-line. O convite \u00e9 para a expans\u00e3o da consci\u00eancia, na constru\u00e7\u00e3o de um novo mundo, sendo uma verdadeira imers\u00e3o nas pr\u00e1ticas antropos\u00f3ficas, com medita\u00e7\u00f5es, palestras, mesas redondas, viv\u00eancias e apresenta\u00e7\u00f5es de trabalhos cient\u00edficos.<\/p>\n<p>O congresso come\u00e7ou no dia 23\/11, mas quem quiser ainda pode participar, pois todos os conte\u00fados est\u00e3o sendo gravados e ser\u00e3o disponibilizados para todos os congressistas, alguns dias ap\u00f3s encerrado o evento, ficando acess\u00edveis por 90 dias. Ou seja, o inscrito no congresso poder\u00e1 ver, rever e estudar detalhadamente cada uma das palestras, mesas redondas, pain\u00e9is ou quaisquer outras atra\u00e7\u00f5es do CBPA.<\/p>\n<p>O congresso \u00e9 voltado para estudantes e profissionais da \u00e1rea da Sa\u00fade, assim como para qualquer pessoa interessada no tema.<\/p>\n<p>ANTROPOSOFIA<br \/>\nA Antroposofia (palavra derivada do grego anthrop\u00f3s, homem, e sophia, sabedoria) \u00e9 uma filosofia de vida que re\u00fane os pensamentos cient\u00edfico, art\u00edstico e espiritual numa unidade e que responde \u00e0s quest\u00f5es mais profundas do homem moderno sobre si mesmo e sobre suas rela\u00e7\u00f5es com o universo.<\/p>\n<p>Elaborada no in\u00edcio do s\u00e9culo XX pelo fil\u00f3sofo austr\u00edaco Rudolf Steiner (1861-1925), a Antroposofia \u00e9 um m\u00e9todo de conhecimento que aborda o ser humano em seus n\u00edveis f\u00edsico, vital, an\u00edmico e espiritual e, mostra como essas naturezas, absolutamente distintas entre si, atuam em constante inter-rela\u00e7\u00e3o.<\/p>\n<p>PROGRAMA\u00c7\u00c3O DO I CBPA<br \/>\n<strong>Medita\u00e7\u00f5es Matinais<\/strong> &#8211; 06 dias de Medita\u00e7\u00f5es para trabalho pessoal durante o CBPA.<\/p>\n<p><strong>Palestras<\/strong> &#8211; 15 palestras com diversos temas e \u00e1reas da Antroposofia, com uma linguagem moderna e acess\u00edvel.<\/p>\n<p><strong>Caf\u00e9 Antropos\u00f3fico<\/strong> &#8211; entrevistas e apresenta\u00e7\u00f5es culturais.<\/p>\n<p><strong>Movimento de Corpo, Movimento de Alma<\/strong> &#8211; Um momento de cuidado e conex\u00e3o do corpo e da alma \u00e0 luz da Antroposofia.<\/p>\n<p><strong>Pain\u00e9is Cient\u00edficos<\/strong> &#8211; apresenta\u00e7\u00e3o dos trabalhos selecionados.<\/p>\n<p><strong>Mesa Redonda<\/strong> &#8211; Conversa entre profissionais antropos\u00f3ficos com a participa\u00e7\u00e3o do p\u00fablico.<\/p>\n<p><strong>CONFIRA A PROGRAMA\u00c7\u00c3O COMPLETA, NESTE LINK:\u00a0<\/strong><a href=\"https:\/\/1cbpa.com.br\/wp-content\/uploads\/2020\/11\/Cronograma-1CBPA-2020-Quarta-a-Domingo-1.pdf\" target=\"_blank\" rel=\"noopener\">https:\/\/1cbpa.com.br\/wp-content\/uploads\/2020\/11\/Cronograma-1CBPA-2020-Quarta-a-Domingo-1.pdf<\/a><\/p>\n<p><strong>INSCRI\u00c7\u00d5ES<\/strong><br \/>\n<strong>Valor ideal:<\/strong> <a href=\"https:\/\/p.eduzz.com\/624625?a=816299\" target=\"_blank\" rel=\"noopener\">https:\/\/p.eduzz.com\/624625?a=816299<\/a><br \/>\n<strong>Valor real:<\/strong> <a href=\"https:\/\/p.eduzz.com\/624624?a=816299\" target=\"_blank\" rel=\"noopener\">https:\/\/p.eduzz.com\/624624?a=816299<\/a><br \/>\n<strong>Contribui\u00e7\u00e3o consciente:<\/strong> <a href=\"https:\/\/p.eduzz.com\/624623?a=816299\" target=\"_blank\" rel=\"noopener\">https:\/\/p.eduzz.com\/624623?a=816299<\/a><\/p>\n<p><strong><em>Obs.: Parte do valor das inscri\u00e7\u00f5es no I CBPA ser\u00e1 doado para as seguintes institui\u00e7\u00f5es:<\/em><\/strong><\/p>\n<p>* Associa\u00e7\u00e3o Beneficente Parsival &#8211; Trabalho educacional junto a crian\u00e7as, jovens e adultos portadores de capacidades especiais.<\/p>\n<p>* Associa\u00e7\u00e3o Comunit\u00e1ria Yochanan &#8211; Fundada legalmente em 2001, a associa\u00e7\u00e3o tem como objetivo levar a medicina e a pedagogia antropos\u00f3fica ao meio popular.<\/p>\n","protected":false},"excerpt":{"rendered":"<p>Est\u00e1 acontecendo at\u00e9 o dia 29 de novembro de 2020 o\u00a01\u00ba Congresso Brasileiro das Pr\u00e1ticas Antropos\u00f3ficas (CBPA), totalmente on-line. O convite \u00e9 para a expans\u00e3o da consci\u00eancia, na constru\u00e7\u00e3o de um novo mundo, sendo uma verdadeira imers\u00e3o nas pr\u00e1ticas antropos\u00f3ficas, com medita\u00e7\u00f5es, palestras, mesas redondas, viv\u00eancias e apresenta\u00e7\u00f5es de trabalhos cient\u00edficos. O congresso come\u00e7ou no [&hellip;]<\/p>\n","protected":false},"author":1,"featured_media":38578,"comment_status":"open","ping_status":"open","sticky":false,"template":"","format":"standard","meta":{"om_disable_all_campaigns":false,"_monsterinsights_skip_tracking":false,"_monsterinsights_sitenote_active":false,"_monsterinsights_sitenote_note":"","_monsterinsights_sitenote_category":0,"footnotes":""},"categories":[8,214],"tags":[23,321,522,624],"acf":[],"publishpress_future_action":{"enabled":false,"date":"1969-12-31 21:00:00","action":"","terms":[],"taxonomy":"","browser_timezone_offset":0},"_links":{"self":[{"href":"https:\/\/portalfloresnoar.com\/floresnoar\/wp-json\/wp\/v2\/posts\/38577"}],"collection":[{"href":"https:\/\/portalfloresnoar.com\/floresnoar\/wp-json\/wp\/v2\/posts"}],"about":[{"href":"https:\/\/portalfloresnoar.com\/floresnoar\/wp-json\/wp\/v2\/types\/post"}],"author":[{"embeddable":true,"href":"https:\/\/portalfloresnoar.com\/floresnoar\/wp-json\/wp\/v2\/users\/1"}],"replies":[{"embeddable":true,"href":"https:\/\/portalfloresnoar.com\/floresnoar\/wp-json\/wp\/v2\/comments?post=38577"}],"version-history":[{"count":0,"href":"https:\/\/portalfloresnoar.com\/floresnoar\/wp-json\/wp\/v2\/posts\/38577\/revisions"}],"wp:featuredmedia":[{"embeddable":true,"href":"https:\/\/portalfloresnoar.com\/floresnoar\/wp-json\/wp\/v2\/media\/38578"}],"wp:attachment":[{"href":"https:\/\/portalfloresnoar.com\/floresnoar\/wp-json\/wp\/v2\/media?parent=38577"}],"wp:term":[{"taxonomy":"category","embeddable":true,"href":"https:\/\/portalfloresnoar.com\/floresnoar\/wp-json\/wp\/v2\/categories?post=38577"},{"taxonomy":"post_tag","embeddable":true,"href":"https:\/\/portalfloresnoar.com\/floresnoar\/wp-json\/wp\/v2\/tags?post=38577"}],"curies":[{"name":"wp","href":"https:\/\/api.w.org\/{rel}","templated":true}]}}