

{"id":38495,"date":"2020-06-09T11:27:57","date_gmt":"2020-06-09T14:27:57","guid":{"rendered":"http:\/\/portalfloresnoar.com\/floresnoar\/?p=38495"},"modified":"2020-10-22T09:48:27","modified_gmt":"2020-10-22T12:48:27","slug":"agenda-roda-de-estudos-on-line-de-xamanismo-universal-com-leo-artese-tem-inicio-dia-2010","status":"publish","type":"post","link":"https:\/\/portalfloresnoar.com\/floresnoar\/agenda-roda-de-estudos-on-line-de-xamanismo-universal-com-leo-artese-tem-inicio-dia-2010\/","title":{"rendered":"[AGENDA] Roda de Estudos On-line de Xamanismo Universal com L\u00e9o Artese, tem in\u00edcio dia 20\/10"},"content":{"rendered":"<p><img decoding=\"async\" loading=\"lazy\" class=\"aligncenter wp-image-38496\" src=\"http:\/\/portalfloresnoar.com\/floresnoar\/wp-content\/uploads\/2020\/10\/roda-xamanismo-com-leo-artese.jpg\" alt=\"\" width=\"501\" height=\"501\" srcset=\"https:\/\/portalfloresnoar.com\/floresnoar\/wp-content\/uploads\/2020\/10\/roda-xamanismo-com-leo-artese.jpg 670w, https:\/\/portalfloresnoar.com\/floresnoar\/wp-content\/uploads\/2020\/10\/roda-xamanismo-com-leo-artese-150x150.jpg 150w, https:\/\/portalfloresnoar.com\/floresnoar\/wp-content\/uploads\/2020\/10\/roda-xamanismo-com-leo-artese-300x300.jpg 300w, https:\/\/portalfloresnoar.com\/floresnoar\/wp-content\/uploads\/2020\/10\/roda-xamanismo-com-leo-artese-100x100.jpg 100w\" sizes=\"(max-width: 501px) 100vw, 501px\" \/><\/p>\n<p>No dia 20 de outubro de 2020 tem in\u00edcio a pr\u00f3xima turma da Roda de Estudos de Xamanismo Universal, com L\u00e9o Artese. Os encontros ser\u00e3o realizados via plataforma de videoconfer\u00eancia Zoom. Esta \u00e9 a \u00faltima turma do ano.<\/p>\n<p>A Roda \u00e9 composta por 16 aulas, on-line e ao vivo, sendo duas aulas por semana, nas ter\u00e7as e quintas-feiras, das 20h \u00e0s 22h. As aulas ficam gravadas e dispon\u00edveis para quem n\u00e3o puder assistir ao vivo.<\/p>\n<p>&#8220;Dentro do Xamanismo, a Roda Medicinal simboliza todos os ciclos da vida [in\u00edcios e t\u00e9rminos, germina\u00e7\u00f5es e colheitas, decomposi\u00e7\u00e3o e renova\u00e7\u00e3o, nascimento e crescimento, crescimento e morte, morte e decomposi\u00e7\u00e3o, decomposi\u00e7\u00e3o e renova\u00e7\u00e3o, renova\u00e7\u00e3o e germina\u00e7\u00e3o, nascimento e fertiliza\u00e7\u00e3o, fertiliza\u00e7\u00e3o e crescimento], que constituem cami\u00adnhos sagrados que nos levam a novos en\u00adtendimentos do nosso padr\u00e3o evolutivo e ainda resgata a mem\u00f3ria da nossa liga\u00e7\u00e3o com todos os aspectos do universo, o respeito ancestral a todos os seres (mine\u00adral, vegetal, animal, espiritual), com todas as rela\u00e7\u00f5es. E cada posi\u00e7\u00e3o sua repercute em algum ponto da nossa exist\u00eancia. Por isso realizar um estudo da Roda simboliza tanto em nossas vidas&#8221;, declara Leo Artese.<\/p>\n<p><strong>O QUE EST\u00c1 INCLUSO NA RODA DE ESTUDOS:<\/strong><br \/>\n* As 16 aulas te\u00f3ricas e vivenciais<br \/>\n* Medita\u00e7\u00f5es xam\u00e2nicas<br \/>\n* Apostilas<br \/>\n* Acompanhamento em grupo para d\u00favidas e partilhas por 2 meses<br \/>\n* Certificado<br \/>\n* E-book Esp\u00edrito Animal (B\u00f4nus para os 50 primeiros inscritos)<\/p>\n<p><strong>PROGRAMA\u00c7\u00c3O:<\/strong><\/p>\n<p><strong>M\u00d3DULO 1 &#8211; Dia 20 de outubro de 2020<\/strong><br \/>\n\u2022 Cerim\u00f4nia de Limpeza e Purifica\u00e7\u00e3o<br \/>\n\u2022 O que \u00e9 Xamanismo ?<br \/>\n\u2022 Origens \u2013 O Xamanismo Universal<br \/>\n\u2022 Zonas C\u00f3smicas<br \/>\n\u2022 Grandes Lumin\u00e1rias e os Elementos<br \/>\n\u2022 Estados Alterados de Consci\u00eancia<br \/>\n\u2022 Apresenta\u00e7\u00e3o da Roda Medicinal adaptada ao Hemisf\u00e9rio Sul<br \/>\n\u2022 Perguntas e Respostas<br \/>\n\u2022 Encontrar Nome do grupo<\/p>\n<p><strong>M\u00d3DULO 2 &#8211; Dia 22 de outubro\u00a0de 2020<\/strong><br \/>\n\u2022 Forma\u00e7\u00e3o do grupo Boas Vindas<br \/>\n\u2022 Apresenta\u00e7\u00e3o dos participantes<br \/>\n\u2022 Como fazer limpezas e purifica\u00e7\u00f5es atrav\u00e9s dos quatro elementos<br \/>\n\u2022 O Altar Xam\u00e2nico<br \/>\n\u2022 Abrindo e Fechando Rituais<br \/>\n\u2022 Invocando os poderes das dire\u00e7\u00f5es<br \/>\n\u2022 Medita\u00e7\u00e3o Xam\u00e2nica \u2013 Conex\u00e3o com os Ancestrais \/ Carta de inten\u00e7\u00e3o<\/p>\n<p><strong>M\u00d3DULO 3 &#8211; Dia 27 de outubro\u00a0de 2020<\/strong><br \/>\n\u2022 A Miss\u00e3o da Alma<br \/>\n\u2022Declara\u00e7\u00e3o do \u201cEu Sou\u201d e a Miss\u00e3o da Alma<br \/>\n\u2022 O Esp\u00edrito Animal<br \/>\nOs Animais de Poder \u2013 Animais Auxiliares \u2013 Aprendendo com os S\u00edmbolos da Jornada \u2013 Jornada do Animal Guardi\u00e3o (Buscando seu Totem Animal)<\/p>\n<p><strong>M\u00d3DULO 4 &#8211; Dia 29 de outubro\u00a0de 2020<\/strong><br \/>\n\u2022 Dire\u00e7\u00e3o OESTE<br \/>\nElemento Terra \u2013 Outono \u2013 Corpo F\u00edsico \u2013 A Morte \u2013 O Poder dos Ancestrais \u2013 Os Alimentos \u2013 Os T\u00e9rminos<br \/>\n\u2022 Medita\u00e7\u00e3o do Urso &#8211; Os Ancestrais<br \/>\nHonrando as ra\u00edzes familiares \u2013 Programa\u00e7\u00f5es Negativas<br \/>\n\u2022 Viv\u00eancia: Curando os tra\u00e7os negativos da ancestralidade<br \/>\n\u2022 DESAFIO: Cura da Genealogia \u2013 A cura pelo perd\u00e3o e pela harmonia<\/p>\n<p><strong>M\u00d3DULO 5 \u2013 Dia 3 de novembro\u00a0de 2020<\/strong><br \/>\n\u2022 Dire\u00e7\u00e3o SUDOESTE<br \/>\nO momento da decomposi\u00e7\u00e3o, da destrui\u00e7\u00e3o apropriada.<br \/>\n\u2022 O Reino Mineral \u2013 O Poder das Pedras e dos Minerais<br \/>\n\u2022 Viv\u00eancia: Jornada em Busca do Totem Mineral<br \/>\n\u2022 Tarefa: Praticar a viv\u00eancia durante a semana e pesquisar o mineral das vis\u00f5es<\/p>\n<p><strong>M\u00d3DULO 6 &#8211; Dia 5 de novembro\u00a0de 2020<\/strong><br \/>\n\u2022 Apresenta\u00e7\u00e3o: Os talentos de seu Totem Mineral<br \/>\n\u2022 Instrumentos de Poder<br \/>\nTambor \u2013 Marac\u00e1s \u2013 Pau-Falante \u2013 Teias \u2013 Bolsas de Medicina \u2013 Penas \u2013 Cachimbo<br \/>\n\u2022 Dire\u00e7\u00e3o SUL<br \/>\nElemento Ar \u2013 Inverno \u2013 Corpo Mental \u2013 Reino Animal \u2013 Renova\u00e7\u00e3o \u2013 Sabedoria \u2013 Anci\u00f5es \u2013 O Poder da Palavra \u2013 Contadores de Hist\u00f3ria<br \/>\n\u2022 Medita\u00e7\u00e3o do B\u00fafalo Branco<\/p>\n<p><strong>M\u00d3DULO 7 \u2013 Dia 10 de novembro\u00a0de 2020<\/strong><br \/>\n\u2022 Cerim\u00f4nia do Pau-Falante<br \/>\n\u2022 Programas Mentais \u2013 Como perceber padr\u00f5es negativos herdados<br \/>\n\u2022 Dire\u00e7\u00e3o SUDESTE<br \/>\nA Germina\u00e7\u00e3o \u2013 Prepara\u00e7\u00e3o do Crescimento Interior<br \/>\n\u2022 Viv\u00eancia: Roda da Transforma\u00e7\u00e3o<br \/>\nTarefa: Obter seu pr\u00f3prio pau-falante<\/p>\n<p><strong>M\u00d3DULO 8 &#8211; Dia 12 de novembro\u00a0de 2020<\/strong><br \/>\n\u2022 Dire\u00e7\u00e3o LESTE<br \/>\nElemento Fogo \u2013 Primavera \u2013 Corpo Espiritual \u2013 Renascimento \u2013 Claridade \u2013 Vis\u00e3o \u2013 Imagina\u00e7\u00e3o<br \/>\n\u2022 Medita\u00e7\u00e3o da \u00c1guia Dourada<br \/>\nDESAFIO: Destrui\u00e7\u00e3o de H\u00e1bitos e Padr\u00f5es<\/p>\n<p><strong>M\u00d3DULO 9 \u2013 Dia 17 de novembro\u00a0de 2020<\/strong><br \/>\n\u2022 Dire\u00e7\u00e3o NORDESTE<br \/>\nA Fertiliza\u00e7\u00e3o \u2013 A Uni\u00e3o Sagrada<br \/>\n\u2022 Viv\u00eancia: Jornada ao Mundo Superior \u2013 O Guia Xam\u00e2nico<\/p>\n<p><strong>M\u00d3DULO 10 &#8211; Dia 19 de novembro\u00a0de 2020<\/strong><br \/>\n\u2022 Dire\u00e7\u00e3o NORTE<br \/>\nElemento \u00c1gua \u2013 Ver\u00e3o \u2013 Corpo Emocional \u2013 Crescimento \u2013 Crian\u00e7a Interior \u2013 F\u00e9 \u2013 Confian\u00e7a<br \/>\n\u2022 O Poder do Amor \u2013 Cura<br \/>\n\u2022 Reino Vegetal \u2013 Jornada do Totem Vegetal<br \/>\n\u2022 DESAFIO: Praticar a viv\u00eancia durante a semana e pesquisar o totem vegetal das vis\u00f5es<br \/>\n\u2022 Viv\u00eancia: A Roda da Transforma\u00e7\u00e3o<\/p>\n<p><strong>M\u00d3DULO 11 \u2013 Dia 24 de novembro\u00a0de 2020<\/strong><br \/>\n\u2022 Apresenta\u00e7\u00e3o \u2013 Os talentos de seu totem vegetal<br \/>\n\u2022 O Poder das Plantas<br \/>\nEnte\u00f3genos \u2013 Plantas de Poder \u2013 Prepara\u00e7\u00e3o de ch\u00e1s, unguentos, po\u00e7\u00f5es \u2013 Aromaterapia<\/p>\n<p><strong>M\u00d3DULO 12 &#8211; Dia 26 de novembro\u00a0de 2020<\/strong><br \/>\n\u2022 O Encontro com as Sombras<br \/>\n\u2022 O Animal Sombra<br \/>\n\u2022 DESAFIO: Observar a presen\u00e7a<\/p>\n<p><strong>M\u00d3DULO 13 &#8211; Dia 1 de dezembro\u00a0de 2020<\/strong><br \/>\n\u2022 Dire\u00e7\u00e3o NOROESTE<br \/>\nPrimeira Colheita \u2013 Celebra\u00e7\u00e3o de Resultados \u2013 Verifica\u00e7\u00e3o das Inten\u00e7\u00f5es<br \/>\n\u2022 O Heyokah \u2013 A Sagrada Irrever\u00eancia e o Poder do Riso<br \/>\n\u2022 Medita\u00e7\u00e3o do Coiote<\/p>\n<p><strong>M\u00d3DULO 14 &#8211; Dia 8 de dezembro\u00a0de 2020<\/strong><br \/>\n\u2022 Viv\u00eancia: Alinhamento dos T\u00faneis da Consci\u00eancia<br \/>\n\u2022 DESAFIO: Interpreta\u00e7\u00e3o dos s\u00edmbolos da viv\u00eancia<\/p>\n<p><strong>M\u00d3DULO 15 &#8211; Dia 10 de dezembro\u00a0de 2020<\/strong><br \/>\n\u2022 O Feminino Sagrado<br \/>\n\u2022 Xamanismo Feminino<br \/>\n\u2022 Ciclos femininos alinhados com a luna\u00e7\u00e3o<br \/>\n\u2022 Autocuidados com o ciclo<br \/>\n\u2022 Os arqu\u00e9tipos das Deusas dentro da roda medicinal<\/p>\n<p><strong>M\u00d3DULO 16 \u2013 15 de dezembro\u00a0de 2020<\/strong><br \/>\n\u2022Encerramento, revis\u00e3o, roda de conversa.<\/p>\n<p>&nbsp;<\/p>\n<p><strong>INSCRI\u00c7\u00d5ES ATRAV\u00c9S DESTE LINK:<\/strong> <a href=\"https:\/\/forms.gle\/gZgDhTNTuAcgaLEp8\" target=\"_blank\" rel=\"noopener\">https:\/\/forms.gle\/gZgDhTNTuAcgaLEp8<\/a><\/p>\n<p><strong>MAIS INFORMA\u00c7\u00d5ES:<\/strong>\u00a0<a href=\"https:\/\/wa.me\/message\/IJWRUQFKFRXCG1\" target=\"_blank\" rel=\"noopener\">https:\/\/wa.me\/message\/IJWRUQFKFRXCG1<\/a><\/p>\n","protected":false},"excerpt":{"rendered":"<p>No dia 20 de outubro de 2020 tem in\u00edcio a pr\u00f3xima turma da Roda de Estudos de Xamanismo Universal, com L\u00e9o Artese. Os encontros ser\u00e3o realizados via plataforma de videoconfer\u00eancia Zoom. Esta \u00e9 a \u00faltima turma do ano. A Roda \u00e9 composta por 16 aulas, on-line e ao vivo, sendo duas aulas por semana, nas [&hellip;]<\/p>\n","protected":false},"author":1,"featured_media":38497,"comment_status":"open","ping_status":"open","sticky":false,"template":"","format":"standard","meta":{"om_disable_all_campaigns":false,"_monsterinsights_skip_tracking":false,"_monsterinsights_sitenote_active":false,"_monsterinsights_sitenote_note":"","_monsterinsights_sitenote_category":0,"footnotes":""},"categories":[8,290],"tags":[577,966,85],"acf":[],"publishpress_future_action":{"enabled":false,"date":"1969-12-31 21:00:00","action":"","terms":[],"taxonomy":"","browser_timezone_offset":0},"_links":{"self":[{"href":"https:\/\/portalfloresnoar.com\/floresnoar\/wp-json\/wp\/v2\/posts\/38495"}],"collection":[{"href":"https:\/\/portalfloresnoar.com\/floresnoar\/wp-json\/wp\/v2\/posts"}],"about":[{"href":"https:\/\/portalfloresnoar.com\/floresnoar\/wp-json\/wp\/v2\/types\/post"}],"author":[{"embeddable":true,"href":"https:\/\/portalfloresnoar.com\/floresnoar\/wp-json\/wp\/v2\/users\/1"}],"replies":[{"embeddable":true,"href":"https:\/\/portalfloresnoar.com\/floresnoar\/wp-json\/wp\/v2\/comments?post=38495"}],"version-history":[{"count":0,"href":"https:\/\/portalfloresnoar.com\/floresnoar\/wp-json\/wp\/v2\/posts\/38495\/revisions"}],"wp:featuredmedia":[{"embeddable":true,"href":"https:\/\/portalfloresnoar.com\/floresnoar\/wp-json\/wp\/v2\/media\/38497"}],"wp:attachment":[{"href":"https:\/\/portalfloresnoar.com\/floresnoar\/wp-json\/wp\/v2\/media?parent=38495"}],"wp:term":[{"taxonomy":"category","embeddable":true,"href":"https:\/\/portalfloresnoar.com\/floresnoar\/wp-json\/wp\/v2\/categories?post=38495"},{"taxonomy":"post_tag","embeddable":true,"href":"https:\/\/portalfloresnoar.com\/floresnoar\/wp-json\/wp\/v2\/tags?post=38495"}],"curies":[{"name":"wp","href":"https:\/\/api.w.org\/{rel}","templated":true}]}}