

{"id":38461,"date":"2021-01-01T16:27:30","date_gmt":"2021-01-01T19:27:30","guid":{"rendered":"http:\/\/portalfloresnoar.com\/floresnoar\/?p=38461"},"modified":"2021-01-29T10:05:32","modified_gmt":"2021-01-29T13:05:32","slug":"agenda-programa-caminhantes-reune-diversas-tecnicas-terapeuticas-em-4-sessoes-on-line","status":"publish","type":"post","link":"https:\/\/portalfloresnoar.com\/floresnoar\/agenda-programa-caminhantes-reune-diversas-tecnicas-terapeuticas-em-4-sessoes-on-line\/","title":{"rendered":"[AGENDA] Programa Caminhantes oferece diversas t\u00e9cnicas terap\u00eauticas"},"content":{"rendered":"<p><img decoding=\"async\" loading=\"lazy\" class=\"aligncenter wp-image-38464\" src=\"http:\/\/portalfloresnoar.com\/floresnoar\/wp-content\/uploads\/2020\/10\/terapias-com-silvia-garcia.jpg\" alt=\"\" width=\"501\" height=\"278\" srcset=\"https:\/\/portalfloresnoar.com\/floresnoar\/wp-content\/uploads\/2020\/10\/terapias-com-silvia-garcia.jpg 720w, https:\/\/portalfloresnoar.com\/floresnoar\/wp-content\/uploads\/2020\/10\/terapias-com-silvia-garcia-300x167.jpg 300w, https:\/\/portalfloresnoar.com\/floresnoar\/wp-content\/uploads\/2020\/10\/terapias-com-silvia-garcia-700x389.jpg 700w, https:\/\/portalfloresnoar.com\/floresnoar\/wp-content\/uploads\/2020\/10\/terapias-com-silvia-garcia-672x372.jpg 672w\" sizes=\"(max-width: 501px) 100vw, 501px\" \/><\/p>\n<p>A terapeuta Sist\u00eamica Integrativa Silvia Garcia oferece atendimentos reunindo diversas t\u00e9cnicas terap\u00eauticas em \u2018Caminhantes \u2013 Programa de Desenvolvimento Humano para a Sa\u00fade Integral.\u2019\u00a0As terapias s\u00e3o aplicadas em sess\u00f5es on-line, e tamb\u00e9m presencialmente, no Recife.<\/p>\n<p>&#8220;O Programa Caminhantes consiste num abra\u00e7o terap\u00eautico, onde atuo com tratamentos comprovadamente eficazes para conquistar e garantir o Desenvolvimento Humano e a sua Sa\u00fade Integral. O intuito \u00e9 ajud\u00e1-la (lo) a conquistar a t\u00e3o\u00a0desejada expans\u00e3o da consci\u00eancia, sa\u00fade, paz e abund\u00e2ncia em sua vida&#8221;, declara S\u00edlvia.<\/p>\n<p><strong>No programa, s\u00e3o utilizadas as seguintes terapias:<\/strong><\/p>\n<ul>\n<li><strong>Thetahealing\u00ae<\/strong> &#8211; detectando e curando cren\u00e7as limitantes por meio de um mergulho meditativo no subconsciente.<\/li>\n<li><strong>Banhos Sagrados com Ervas de Poder<\/strong> &#8211; Receitas personalizadas para as demandas f\u00edsicas, emocionais e espirituais.<\/li>\n<li><strong>Cone Hindu (Metodologia Emilyn Hasbeni\u00ae)\u00a0 na Mesa Radi\u00f4nica com os S\u00edmbolos Sagrados da Radiestesia<\/strong> &#8211; promovendo equil\u00edbrio e curas profundas nos corpos f\u00edsico, emocional e energ\u00e9tico,\u00a0 e desatando embara\u00e7os energ\u00e9ticos\/espirituais que empatam o fluir natural da vida.<br \/>\n<strong>\u2022 Aromaterapia<\/strong><br \/>\n<strong>\u2022 Barras de Access\u00ae<\/strong><br \/>\n<strong>\u2022 Cuidado Energ\u00e9tico do seu Pet com o uso da Radiestesia<\/strong><br \/>\n<strong>\u2022 Fitoenerg\u00e9tica<\/strong><br \/>\n<strong>\u2022 Floral<\/strong><br \/>\n<strong>\u2022 Harmoniza\u00e7\u00e3o de Ambientes com o uso da Radiestesia<\/strong><br \/>\n<strong>\u2022 Leitura dos Registros Ak\u00e1shicos somado a Apometria<\/strong><br \/>\n<strong>\u2022 Osho Neo-Rebalancing (Massagem Profunda)<\/strong><br \/>\n<strong>\u2022 Processos Corporais de Access\u00ae<\/strong><br \/>\n<strong>\u2022 Reiki<\/strong><\/li>\n<\/ul>\n<p><strong>TERAPEUTA<\/strong><br \/>\nSilvia Garcia, terapeuta Integrativa Sist\u00eamica e idealizadora do Programa Caminhantes, \u00e9 terapeuta Cone Hindu (Metodologia Emilyn Hasbeni), Thetahealer, praticante de Barras de Access e Processos Corporais de Access, Leitora de Aura e Registros Ak\u00e1shicos, Rebalancing (Massagem Profunda), formada pela Osho Bahia e Reikiana. Estudiosa encantada por Fitoterapia, Florais, Aromaterapia, Ci\u00eancias Hol\u00edsticas e Sabedoria Xam\u00e2nica.<\/p>\n<p><b>CONTATOS<\/b><br \/>\n<strong>WhatsApp:<\/strong>\u00a0(81) 99900.8769<br \/>\n<strong>Instagram:<\/strong>\u00a0@silvia.vieria.garcia<br \/>\n<strong>Site:<\/strong>\u00a0<a href=\"http:\/\/www.silviagarciaterapeuta.com.br\/\" target=\"_blank\" rel=\"noopener\">http:\/\/www.silviagarciaterapeuta.com.br\/<\/a><br \/>\n<strong>Local de atendimento:<\/strong>\u00a0Rua do Cupim, 259, sala 203, Gra\u00e7as, Recife\/PE<\/p>\n<p><em><strong>Confira a #livefloresnoar, com S\u00edlvia Garcia, neste link:\u00a0<\/strong><\/em><a href=\"https:\/\/www.instagram.com\/tv\/CGEBChgno4j\" target=\"_blank\" rel=\"noopener\">https:\/\/www.instagram.com\/tv\/CGEBChgno4j<\/a><\/p>\n","protected":false},"excerpt":{"rendered":"<p>A terapeuta Sist\u00eamica Integrativa Silvia Garcia oferece atendimentos reunindo diversas t\u00e9cnicas terap\u00eauticas em \u2018Caminhantes \u2013 Programa de Desenvolvimento Humano para a Sa\u00fade Integral.\u2019\u00a0As terapias s\u00e3o aplicadas em sess\u00f5es on-line, e tamb\u00e9m presencialmente, no Recife. &#8220;O Programa Caminhantes consiste num abra\u00e7o terap\u00eautico, onde atuo com tratamentos comprovadamente eficazes para conquistar e garantir o Desenvolvimento Humano e [&hellip;]<\/p>\n","protected":false},"author":1,"featured_media":38464,"comment_status":"open","ping_status":"open","sticky":false,"template":"","format":"standard","meta":{"om_disable_all_campaigns":false,"_monsterinsights_skip_tracking":false,"_monsterinsights_sitenote_active":false,"_monsterinsights_sitenote_note":"","_monsterinsights_sitenote_category":0,"footnotes":""},"categories":[8,224,214],"tags":[325,962,902,75,286],"acf":[],"publishpress_future_action":{"enabled":false,"date":"1969-12-31 21:00:00","action":"","terms":[],"taxonomy":"","browser_timezone_offset":0},"_links":{"self":[{"href":"https:\/\/portalfloresnoar.com\/floresnoar\/wp-json\/wp\/v2\/posts\/38461"}],"collection":[{"href":"https:\/\/portalfloresnoar.com\/floresnoar\/wp-json\/wp\/v2\/posts"}],"about":[{"href":"https:\/\/portalfloresnoar.com\/floresnoar\/wp-json\/wp\/v2\/types\/post"}],"author":[{"embeddable":true,"href":"https:\/\/portalfloresnoar.com\/floresnoar\/wp-json\/wp\/v2\/users\/1"}],"replies":[{"embeddable":true,"href":"https:\/\/portalfloresnoar.com\/floresnoar\/wp-json\/wp\/v2\/comments?post=38461"}],"version-history":[{"count":0,"href":"https:\/\/portalfloresnoar.com\/floresnoar\/wp-json\/wp\/v2\/posts\/38461\/revisions"}],"wp:featuredmedia":[{"embeddable":true,"href":"https:\/\/portalfloresnoar.com\/floresnoar\/wp-json\/wp\/v2\/media\/38464"}],"wp:attachment":[{"href":"https:\/\/portalfloresnoar.com\/floresnoar\/wp-json\/wp\/v2\/media?parent=38461"}],"wp:term":[{"taxonomy":"category","embeddable":true,"href":"https:\/\/portalfloresnoar.com\/floresnoar\/wp-json\/wp\/v2\/categories?post=38461"},{"taxonomy":"post_tag","embeddable":true,"href":"https:\/\/portalfloresnoar.com\/floresnoar\/wp-json\/wp\/v2\/tags?post=38461"}],"curies":[{"name":"wp","href":"https:\/\/api.w.org\/{rel}","templated":true}]}}