

{"id":38440,"date":"2020-06-25T11:11:47","date_gmt":"2020-06-25T14:11:47","guid":{"rendered":"http:\/\/portalfloresnoar.com\/floresnoar\/?p=38440"},"modified":"2020-10-02T16:36:01","modified_gmt":"2020-10-02T19:36:01","slug":"agenda-curso-on-line-de-iniciacao-a-chama-cristalina-dias-1-2-e-3-de-outubro","status":"publish","type":"post","link":"https:\/\/portalfloresnoar.com\/floresnoar\/agenda-curso-on-line-de-iniciacao-a-chama-cristalina-dias-1-2-e-3-de-outubro\/","title":{"rendered":"[AGENDA] Curso On-line de Inicia\u00e7\u00e3o \u00e0 Chama Cristalina, dias 1, 2 e 3 de outubro"},"content":{"rendered":"<p><img decoding=\"async\" loading=\"lazy\" class=\"aligncenter wp-image-38442\" src=\"http:\/\/portalfloresnoar.com\/floresnoar\/wp-content\/uploads\/2020\/09\/chama-cristalina.jpg\" alt=\"\" width=\"502\" height=\"501\" srcset=\"https:\/\/portalfloresnoar.com\/floresnoar\/wp-content\/uploads\/2020\/09\/chama-cristalina.jpg 900w, https:\/\/portalfloresnoar.com\/floresnoar\/wp-content\/uploads\/2020\/09\/chama-cristalina-150x150.jpg 150w, https:\/\/portalfloresnoar.com\/floresnoar\/wp-content\/uploads\/2020\/09\/chama-cristalina-300x300.jpg 300w, https:\/\/portalfloresnoar.com\/floresnoar\/wp-content\/uploads\/2020\/09\/chama-cristalina-768x768.jpg 768w, https:\/\/portalfloresnoar.com\/floresnoar\/wp-content\/uploads\/2020\/09\/chama-cristalina-700x700.jpg 700w, https:\/\/portalfloresnoar.com\/floresnoar\/wp-content\/uploads\/2020\/09\/chama-cristalina-100x100.jpg 100w\" sizes=\"(max-width: 502px) 100vw, 502px\" \/><\/p>\n<p>O Cora\u00e7\u00e3o de Luz abre uma nova turma de Inicia\u00e7\u00e3o \u00e0 Chama Cristalina, facilitado pelas terapeutas Juliana Cunha e Andr\u00e9a de Paula. O curso ser\u00e1 100% on-line e acontecer\u00e1 nos dias 1, 2 e 3 de outubro de 2020, via videoconfer\u00eancia.\u00a0N\u00e3o h\u00e1 pr\u00e9-requisitos para participar!<\/p>\n<p>&#8220;A Chama Cristalina \u00e9 uma poderosa energia de elevada vibra\u00e7\u00e3o, que remove, dissolve e transmuta todas as camadas de limita\u00e7\u00f5es, medos, aprisionamentos, traumas e nos reconecta ao ser Divino que Somos, a nossa Ess\u00eancia Divina.\u00a0\u00c9 uma energia da Nova Era, que vem nos proporcionar de uma forma simples, leve, r\u00e1pida e amorosa a libera\u00e7\u00e3o de tudo aquilo que nos impede de criarmos e vivermos em uma realidade de alegria, sa\u00fade, amor, prosperidade e plenitude&#8221;, explicam as terapeutas.<\/p>\n<p>Com a Inicia\u00e7\u00e3o na Chama Cristalina, o participante se torna um canal da energia da Chama Cristalina, que poder\u00e1 ser usada n\u00e3o somente em seu benef\u00edcio, como tamb\u00e9m em benef\u00edcio da evolu\u00e7\u00e3o e ascens\u00e3o da humanidade e do planeta Terra.<\/p>\n<p><strong>Alguns benef\u00edcios que a Chama Cristalina proporciona:<\/strong><br \/>\n&#8211; Reconex\u00e3o com a Ess\u00eancia Divina;<br \/>\n&#8211; Limpeza do campo energ\u00e9tico;<br \/>\n&#8211; Harmoniza\u00e7\u00e3o e alinhamento dos chacras;<br \/>\n&#8211; Equil\u00edbrio mental e emocional;<br \/>\n&#8211; Ativa o poder de autocura do corpo;<br \/>\n&#8211; Libera\u00e7\u00e3o de cren\u00e7as e padr\u00f5es negativos;<br \/>\n&#8211; Amplia a consci\u00eancia;<br \/>\n&#8211; Abre espa\u00e7o para novas possibilidades;<br \/>\n&#8211; Autoconhecimento;<br \/>\n&#8211; Mais clareza acerca do momento presente;<br \/>\n&#8211; Eleva\u00e7\u00e3o do padr\u00e3o vibracional;<br \/>\n&#8211; Ativa\u00e7\u00e3o do nosso DNA e do nosso corpo cristalino;<br \/>\n&#8211; Resolu\u00e7\u00e3o de conflitos;<br \/>\n&#8211; Nos prepara para a ascens\u00e3o.<\/p>\n<p>DATA\/HORA\/LOCAL<br \/>\nDias 1 e 2 de outubro, das 19h \u00e0s 21h, e no dia 3 de outubro, das 9h \u00e0s 12h e das 14h \u00e0s 17h, via videoconfer\u00eancia.<\/p>\n<p>INSCRI\u00c7\u00d5ES<br \/>\n<a href=\"https:\/\/docs.google.com\/forms\/d\/e\/1FAIpQLSc7Piogn6SGEXI3Xj8CQ9iZbVbfTAkUwfPl1kQf0L0IBAPtJA\/viewform?usp=sf_link\" target=\"_blank\" rel=\"noopener\">https:\/\/docs.google.com\/forms\/d\/e\/1FAIpQLSc7Piogn6SGEXI3Xj8CQ9iZbVbfTAkUwfPl1kQf0L0IBAPtJA\/viewform?usp=sf_link<\/a><\/p>\n<p>INVESTIMENTO<br \/>\nR$ 420,00 \u00e0 vista (via dep\u00f3sito) ou R$ 460,00 no cart\u00e3o (via PagSeguro)<\/p>\n<p><strong>MAIS INFORMA\u00c7\u00d5ES<\/strong><br \/>\n(81) 99946-5556<br \/>\n(71) 99377-0408<\/p>\n","protected":false},"excerpt":{"rendered":"<p>O Cora\u00e7\u00e3o de Luz abre uma nova turma de Inicia\u00e7\u00e3o \u00e0 Chama Cristalina, facilitado pelas terapeutas Juliana Cunha e Andr\u00e9a de Paula. O curso ser\u00e1 100% on-line e acontecer\u00e1 nos dias 1, 2 e 3 de outubro de 2020, via videoconfer\u00eancia.\u00a0N\u00e3o h\u00e1 pr\u00e9-requisitos para participar! &#8220;A Chama Cristalina \u00e9 uma poderosa energia de elevada vibra\u00e7\u00e3o, [&hellip;]<\/p>\n","protected":false},"author":1,"featured_media":38441,"comment_status":"open","ping_status":"open","sticky":false,"template":"","format":"standard","meta":{"om_disable_all_campaigns":false,"_monsterinsights_skip_tracking":false,"_monsterinsights_sitenote_active":false,"_monsterinsights_sitenote_note":"","_monsterinsights_sitenote_category":0,"footnotes":""},"categories":[8,214],"tags":[167,374,934,106,638],"acf":[],"publishpress_future_action":{"enabled":false,"date":"1969-12-31 21:00:00","action":"","terms":[],"taxonomy":"","browser_timezone_offset":0},"_links":{"self":[{"href":"https:\/\/portalfloresnoar.com\/floresnoar\/wp-json\/wp\/v2\/posts\/38440"}],"collection":[{"href":"https:\/\/portalfloresnoar.com\/floresnoar\/wp-json\/wp\/v2\/posts"}],"about":[{"href":"https:\/\/portalfloresnoar.com\/floresnoar\/wp-json\/wp\/v2\/types\/post"}],"author":[{"embeddable":true,"href":"https:\/\/portalfloresnoar.com\/floresnoar\/wp-json\/wp\/v2\/users\/1"}],"replies":[{"embeddable":true,"href":"https:\/\/portalfloresnoar.com\/floresnoar\/wp-json\/wp\/v2\/comments?post=38440"}],"version-history":[{"count":0,"href":"https:\/\/portalfloresnoar.com\/floresnoar\/wp-json\/wp\/v2\/posts\/38440\/revisions"}],"wp:featuredmedia":[{"embeddable":true,"href":"https:\/\/portalfloresnoar.com\/floresnoar\/wp-json\/wp\/v2\/media\/38441"}],"wp:attachment":[{"href":"https:\/\/portalfloresnoar.com\/floresnoar\/wp-json\/wp\/v2\/media?parent=38440"}],"wp:term":[{"taxonomy":"category","embeddable":true,"href":"https:\/\/portalfloresnoar.com\/floresnoar\/wp-json\/wp\/v2\/categories?post=38440"},{"taxonomy":"post_tag","embeddable":true,"href":"https:\/\/portalfloresnoar.com\/floresnoar\/wp-json\/wp\/v2\/tags?post=38440"}],"curies":[{"name":"wp","href":"https:\/\/api.w.org\/{rel}","templated":true}]}}