

{"id":38421,"date":"2020-10-30T05:05:48","date_gmt":"2020-10-30T08:05:48","guid":{"rendered":"http:\/\/portalfloresnoar.com\/floresnoar\/?p=38421"},"modified":"2025-06-18T18:01:19","modified_gmt":"2025-06-18T21:01:19","slug":"andarilhas-jornada-de-autoconhecimento-e-expressao-criativa","status":"publish","type":"post","link":"https:\/\/portalfloresnoar.com\/floresnoar\/andarilhas-jornada-de-autoconhecimento-e-expressao-criativa\/","title":{"rendered":"ANDARILHAS &#8211; Viv\u00eancias Criativas de Autoconhecimento, Autocuidado e Express\u00e3o"},"content":{"rendered":"<p><figure id=\"attachment_38427\" aria-describedby=\"caption-attachment-38427\" style=\"width: 502px\" class=\"wp-caption aligncenter\"><img decoding=\"async\" loading=\"lazy\" class=\"wp-image-38427\" src=\"http:\/\/portalfloresnoar.com\/floresnoar\/wp-content\/uploads\/2020\/09\/Estrela-na-Canela_foto-Luciana.jpg\" alt=\"\" width=\"502\" height=\"628\" srcset=\"https:\/\/portalfloresnoar.com\/floresnoar\/wp-content\/uploads\/2020\/09\/Estrela-na-Canela_foto-Luciana.jpg 1024w, https:\/\/portalfloresnoar.com\/floresnoar\/wp-content\/uploads\/2020\/09\/Estrela-na-Canela_foto-Luciana-240x300.jpg 240w, https:\/\/portalfloresnoar.com\/floresnoar\/wp-content\/uploads\/2020\/09\/Estrela-na-Canela_foto-Luciana-768x960.jpg 768w, https:\/\/portalfloresnoar.com\/floresnoar\/wp-content\/uploads\/2020\/09\/Estrela-na-Canela_foto-Luciana-560x700.jpg 560w\" sizes=\"(max-width: 502px) 100vw, 502px\" \/><figcaption id=\"caption-attachment-38427\" class=\"wp-caption-text\">Estrela descansando debaixo do p\u00e9 de Canela. [Foto: Lu Rabelo]<\/figcaption><\/figure>|<em> Por Lu Rabelo* <\/em>|<\/p>\n<p>A ideia de ANDARILHAS surgiu em 2017, quando senti vontade de vivenciar a Arteterapia, em casa, de uma forma mais aut\u00f4noma. Mas senti falta de algo que me guiasse. Veio ent\u00e3o a ideia de criar CAMINHOS, a partir de ROTAS, e a\u00ed pari ANDARILHAS.<\/p>\n<p>Agora em 2020, sincronicamente, me reconectei com este projeto e decidi coloc\u00e1-lo em pr\u00e1tica.<\/p>\n<p>As rotas prop\u00f5em experimenta\u00e7\u00f5es arteterap\u00eauticas em diversas linguagens [ colagem, pintura, dan\u00e7a, desenho, costura, modelagem, fotografia, teatro, m\u00fasica&#8230;], unidas a t\u00e9cnicas de Respira\u00e7\u00e3o, Medita\u00e7\u00e3o, Consci\u00eancia Corporal, e conex\u00e3o com os Sonhos e com a Natureza. Ch\u00e1s, banhos, escalda-p\u00e9s, p\u00e9s na terra, banho de Sol, de Lua&#8230; s\u00e3o cajados nos caminhos.<\/p>\n<p>Sempre gosto de ressaltar que na Arteterapia n\u00e3o h\u00e1 preocupa\u00e7\u00e3o com &#8216;certo e errado&#8217;, &#8216;feio e bonito&#8217;. \u00c9 se permitir experienciar as linguagens art\u00edsticas, se soltar, deixar vir, se expressar de forma criativa, e olhar pro que surge no agora. As linguagens art\u00edsticas s\u00e3o salva-vidas nas trilhas da Jornada, nos fazendo acessar e expressar a nossa ess\u00eancia.<\/p>\n<p>VIV\u00caNCIAS<br \/>\nEstou propondo no momento as viv\u00eancias a partir de duas TRILHAS (\u2018Os 4 Elementos\u2019 e \u2018As Fases da Lua\u2019). Cada trilha \u00e9 composta por quatro ROTAS (\u2018\u00c1gua, Terra, Fogo, Ar\u2019 \/\u00a0 \u2018Lua Minguante, Lua Nova, Lua Crescente, Lua Cheia\u2019). \u00c9 poss\u00edvel vivenciar uma trilha completa, ou apenas as rotas desejadas.<\/p>\n<p>Cada ROTA inclui dois encontros individuais* on-line, ao vivo (um no in\u00edcio, e outro no final de cada rota), entrega de um \u2018mapa\u2019 com as orienta\u00e7\u00f5es da rota, e acompanhamento virtual das atividades propostas.<\/p>\n<p>GUIA<br \/>\nMe chamo Luciana Rabelo, sou m\u00e3e, canto, escrevo, rezo, dan\u00e7o. Estudo Ervas, Minerais, Astrologia, Sonhos, Tarot, Palha\u00e7aria\u2026 Me formei em Jornalismo, me p\u00f3s-graduei em Arteterapia, e tenho forma\u00e7\u00e3o em Yogaterapia e Aromaterapia. Sou guardi\u00e3 do<a href=\"http:\/\/portalfloresnoar.com\/floresnoar\" target=\"_blank\" rel=\"noopener\"> Portal Flores no Ar <\/a>\u00a0e fa\u00e7o umas magias no <a href=\"https:\/\/www.instagram.com\/feitiolunar\/\" target=\"_blank\" rel=\"noopener\">Feitio Lunar<\/a>.<\/p>\n<p><em>Confira abaixo as trilhas e rotas oferecidas em ANDARILHAS &#8211; VIV\u00caNCIAS CRITAIVAS DE AUTOCONHECIMENTO, AUTOCUIDADO E EXPRESS\u00c3O!<\/em><\/p>\n<p><strong>Trilha: OS 4 ELEMENTOS<\/strong><br \/>\n<strong>Rotas:<\/strong><br \/>\nTerra<br \/>\nAr<br \/>\nFogo<br \/>\n\u00c1gua<\/p>\n<p><strong>Trilha: AS FASES DA LUA E OS ARQU\u00c9TIPOS DO FEMININO<\/strong><br \/>\n<strong>Rotas:<\/strong><br \/>\nLua Minguante (Feiticeira)<br \/>\nLua Nova (Anci\u00e3)<br \/>\nLua Crescente (Menina)<br \/>\nLua Cheia (M\u00e3e)<\/p>\n<p>MAIS INFORMA\u00c7\u00d5ES<br \/>\n<strong>WhatsApp:<\/strong> (81) 99966.9188<br \/>\n<strong>Instagram:<\/strong> <a href=\"https:\/\/www.instagram.com\/jardim.arteterapeutico\/\" target=\"_blank\" rel=\"noopener\">@jardim.arteterapeutico<\/a><\/p>\n<p><em>* Lu Rabelo\u00a0\u00e9\u00a0<a href=\"https:\/\/www.instagram.com\/canto.de.lu\/\" target=\"_blank\" rel=\"noopener\">cantadeira<\/a>, <a href=\"https:\/\/www.instagram.com\/jardim.arteterapeutico\/\" target=\"_blank\" rel=\"noopener\">arteterapeuta<\/a>, jornalista e editora do <a href=\"http:\/\/portalfloresnoar.com\/\" target=\"_blank\" rel=\"noopener\">Portal Flores no Ar.<\/a><\/em><\/p>\n","protected":false},"excerpt":{"rendered":"<p>| Por Lu Rabelo* | A ideia de ANDARILHAS surgiu em 2017, quando senti vontade de vivenciar a Arteterapia, em casa, de uma forma mais aut\u00f4noma. Mas senti falta de algo que me guiasse. Veio ent\u00e3o a ideia de criar CAMINHOS, a partir de ROTAS, e a\u00ed pari ANDARILHAS. Agora em 2020, sincronicamente, me reconectei [&hellip;]<\/p>\n","protected":false},"author":1,"featured_media":38305,"comment_status":"open","ping_status":"open","sticky":false,"template":"","format":"standard","meta":{"om_disable_all_campaigns":false,"_monsterinsights_skip_tracking":false,"_monsterinsights_sitenote_active":false,"_monsterinsights_sitenote_note":"","_monsterinsights_sitenote_category":0,"footnotes":""},"categories":[227,220],"tags":[73,34,18,244,75,850,43,126,86,304,303,21],"acf":[],"publishpress_future_action":{"enabled":false,"date":"1969-12-31 21:00:00","action":"","terms":[],"taxonomy":"","browser_timezone_offset":0},"_links":{"self":[{"href":"https:\/\/portalfloresnoar.com\/floresnoar\/wp-json\/wp\/v2\/posts\/38421"}],"collection":[{"href":"https:\/\/portalfloresnoar.com\/floresnoar\/wp-json\/wp\/v2\/posts"}],"about":[{"href":"https:\/\/portalfloresnoar.com\/floresnoar\/wp-json\/wp\/v2\/types\/post"}],"author":[{"embeddable":true,"href":"https:\/\/portalfloresnoar.com\/floresnoar\/wp-json\/wp\/v2\/users\/1"}],"replies":[{"embeddable":true,"href":"https:\/\/portalfloresnoar.com\/floresnoar\/wp-json\/wp\/v2\/comments?post=38421"}],"version-history":[{"count":3,"href":"https:\/\/portalfloresnoar.com\/floresnoar\/wp-json\/wp\/v2\/posts\/38421\/revisions"}],"predecessor-version":[{"id":45857,"href":"https:\/\/portalfloresnoar.com\/floresnoar\/wp-json\/wp\/v2\/posts\/38421\/revisions\/45857"}],"wp:featuredmedia":[{"embeddable":true,"href":"https:\/\/portalfloresnoar.com\/floresnoar\/wp-json\/wp\/v2\/media\/38305"}],"wp:attachment":[{"href":"https:\/\/portalfloresnoar.com\/floresnoar\/wp-json\/wp\/v2\/media?parent=38421"}],"wp:term":[{"taxonomy":"category","embeddable":true,"href":"https:\/\/portalfloresnoar.com\/floresnoar\/wp-json\/wp\/v2\/categories?post=38421"},{"taxonomy":"post_tag","embeddable":true,"href":"https:\/\/portalfloresnoar.com\/floresnoar\/wp-json\/wp\/v2\/tags?post=38421"}],"curies":[{"name":"wp","href":"https:\/\/api.w.org\/{rel}","templated":true}]}}