

{"id":38412,"date":"2020-09-11T18:46:30","date_gmt":"2020-09-11T21:46:30","guid":{"rendered":"http:\/\/portalfloresnoar.com\/floresnoar\/?p=38412"},"modified":"2020-12-17T10:06:40","modified_gmt":"2020-12-17T13:06:40","slug":"artigo-qual-e-a-egregora-do-seu-lar","status":"publish","type":"post","link":"https:\/\/portalfloresnoar.com\/floresnoar\/artigo-qual-e-a-egregora-do-seu-lar\/","title":{"rendered":"[S\u00cdLVIA GARCIA] Qual \u00e9 a egr\u00e9gora do seu lar?"},"content":{"rendered":"<p><img decoding=\"async\" loading=\"lazy\" class=\"aligncenter wp-image-38413\" src=\"http:\/\/portalfloresnoar.com\/floresnoar\/wp-content\/uploads\/2020\/09\/egregora-do-lar.jpg\" alt=\"\" width=\"502\" height=\"355\" srcset=\"https:\/\/portalfloresnoar.com\/floresnoar\/wp-content\/uploads\/2020\/09\/egregora-do-lar.jpg 760w, https:\/\/portalfloresnoar.com\/floresnoar\/wp-content\/uploads\/2020\/09\/egregora-do-lar-300x212.jpg 300w, https:\/\/portalfloresnoar.com\/floresnoar\/wp-content\/uploads\/2020\/09\/egregora-do-lar-700x496.jpg 700w\" sizes=\"(max-width: 502px) 100vw, 502px\" \/><\/p>\n<p>| <em>Por S\u00edlvia Garcia<\/em> |<\/p>\n<p>Voc\u00ea sabia que cada lar e empresa tem um portal de comunica\u00e7\u00e3o energ\u00e9tico\/espiritual que ao longo do tempo ajudam a compor a sintonia energ\u00e9tica do local, abrindo um v\u00f3rtice que nos comunica com outras esferas dimensionais, mas que, por falta de conhecimento, desperdi\u00e7amos?<\/p>\n<p><strong>Esse portal \u00e9 constitu\u00eddo por uma combina\u00e7\u00e3o de fatores, como:<\/strong><br \/>\n* Origem Hist\u00f3rica<br \/>\n* Atividades desenvolvidas no ambiente<br \/>\n* Fatos impactantes ocorridos nesse ambiente<br \/>\n* Cren\u00e7as pessoais, sociais e religiosas<br \/>\n* Hist\u00f3rias C\u00e1rmicas<br \/>\n* Localiza\u00e7\u00e3o geogr\u00e1fica<\/p>\n<p>Se esses fatores estiverem causando desequil\u00edbrios, \u00e9 necess\u00e1ria a retomada da autoridade espiritual desse ambiente.<\/p>\n<p>Pensando nisso, com base\u00a0em conceitos do Feng Shui, pela Escola do Chap\u00e9u Negro &#8211; ci\u00eancia milenar que considera os elementos da natureza -, e outras linhas de estudo sobre a sa\u00fade integral, criei dentro do\u00a0<a href=\"http:\/\/portalfloresnoar.com\/floresnoar\/agenda-silvia-garcia-lanca-caminhantes-programa-de-desenvolvimento-humano-para-a-saude-integral\/\" target=\"_blank\" rel=\"noopener\">&#8216;Caminhantes &#8211; Programa para Desenvolvimento Humano para a Sa\u00fade Integral&#8217;<\/a> um trabalho de identifica\u00e7\u00e3o e limpeza energ\u00e9tica para que o ambiente tenha a identidade, equil\u00edbrio e beleza que voc\u00ea, sua fam\u00edlia e seus colaboradores merecem, oferecendo assim a harmonia e o fluxo do bem-estar e da prosperidade.<\/p>\n<p>O programa oferece todo um perfil diferenciado sobre o seu lar ou local de trabalho, promovendo uma identidade \u00fanica sobre o portal energ\u00e9tico que ali pulsa, identificando e\u00a0limpando as presen\u00e7as nocivas e mal qualificadas (chips e implantes, casc\u00f5es astrais, larvas astrais, miasmas negativos, obsessores).<\/p>\n<p>\u00c9 identificada tamb\u00e9m a\u00a0 Sintonia Espiritual que paira pelo ambiente, atrav\u00e9s do Portal com Extraterrestres (Pleiadianos, Arcturianos, Sirianos\u2026), Antigas Civiliza\u00e7\u00f5es (Maias, Eg\u00edpcios, Celtas\u2026), Hierarquia Ang\u00e9lica (Anjos, Arcanjos, Querubins\u2026) e Orix\u00e1s.<\/p>\n<p><strong>O trabalho \u00e9 realizado com o apoio de diversas ferramentas terap\u00eauticas, como:<\/strong><br \/>\n* Ervas de poder energ\u00e9tico nos banhos terap\u00eauticos<br \/>\n* O fogo do Cone Hindu, transmutando todas as energias mal qualificadas<br \/>\n* Gr\u00e1ficos de Radiestesia na Mesa Radi\u00f4nica para a identifica\u00e7\u00e3o, limpeza e cura de desequil\u00edbrios energ\u00e9ticos que promovem as doen\u00e7as da alma, doen\u00e7as f\u00edsicas e transtornos emocionais, de relacionamentos e financeiros.<\/p>\n<p>Quem sentiu o chamado, \u00e9 s\u00f3 entrar em contato!<\/p>\n<p><strong>AGENDAMENTO E MAIS INFORMA\u00c7\u00d5ES<\/strong><br \/>\n<strong>WhatsApp:<\/strong>\u00a0(81) 99900.8769<br \/>\n<strong>Instagram:<\/strong>\u00a0<a href=\"https:\/\/www.instagram.com\/silvia.vieira.garcia\/\" target=\"_blank\" rel=\"noopener\">@silvia.vieria.garcia<\/a><br \/>\n<strong>Facebook:<\/strong>\u00a0<a href=\"https:\/\/www.facebook.com\/silvia.vieira.garcia\" target=\"_blank\" rel=\"noopener\">silvia.vieira.garcia<\/a><br \/>\n<strong>Youtube:<\/strong>\u00a0<a href=\"https:\/\/www.youtube.com\/channel\/UCAJoh299BgTUcKtjG1IVMlQ\" target=\"_blank\" rel=\"noopener\">Silvia Garcia Terapeuta<\/a><\/p>\n","protected":false},"excerpt":{"rendered":"<p>| Por S\u00edlvia Garcia | Voc\u00ea sabia que cada lar e empresa tem um portal de comunica\u00e7\u00e3o energ\u00e9tico\/espiritual que ao longo do tempo ajudam a compor a sintonia energ\u00e9tica do local, abrindo um v\u00f3rtice que nos comunica com outras esferas dimensionais, mas que, por falta de conhecimento, desperdi\u00e7amos? Esse portal \u00e9 constitu\u00eddo por uma combina\u00e7\u00e3o [&hellip;]<\/p>\n","protected":false},"author":1,"featured_media":38414,"comment_status":"open","ping_status":"open","sticky":false,"template":"","format":"standard","meta":{"om_disable_all_campaigns":false,"_monsterinsights_skip_tracking":false,"_monsterinsights_sitenote_active":false,"_monsterinsights_sitenote_note":"","_monsterinsights_sitenote_category":0,"footnotes":""},"categories":[220,978],"tags":[499,102,106,143,958,349,662],"acf":[],"publishpress_future_action":{"enabled":false,"date":"1969-12-31 21:00:00","action":"","terms":[],"taxonomy":"","browser_timezone_offset":0},"_links":{"self":[{"href":"https:\/\/portalfloresnoar.com\/floresnoar\/wp-json\/wp\/v2\/posts\/38412"}],"collection":[{"href":"https:\/\/portalfloresnoar.com\/floresnoar\/wp-json\/wp\/v2\/posts"}],"about":[{"href":"https:\/\/portalfloresnoar.com\/floresnoar\/wp-json\/wp\/v2\/types\/post"}],"author":[{"embeddable":true,"href":"https:\/\/portalfloresnoar.com\/floresnoar\/wp-json\/wp\/v2\/users\/1"}],"replies":[{"embeddable":true,"href":"https:\/\/portalfloresnoar.com\/floresnoar\/wp-json\/wp\/v2\/comments?post=38412"}],"version-history":[{"count":0,"href":"https:\/\/portalfloresnoar.com\/floresnoar\/wp-json\/wp\/v2\/posts\/38412\/revisions"}],"wp:featuredmedia":[{"embeddable":true,"href":"https:\/\/portalfloresnoar.com\/floresnoar\/wp-json\/wp\/v2\/media\/38414"}],"wp:attachment":[{"href":"https:\/\/portalfloresnoar.com\/floresnoar\/wp-json\/wp\/v2\/media?parent=38412"}],"wp:term":[{"taxonomy":"category","embeddable":true,"href":"https:\/\/portalfloresnoar.com\/floresnoar\/wp-json\/wp\/v2\/categories?post=38412"},{"taxonomy":"post_tag","embeddable":true,"href":"https:\/\/portalfloresnoar.com\/floresnoar\/wp-json\/wp\/v2\/tags?post=38412"}],"curies":[{"name":"wp","href":"https:\/\/api.w.org\/{rel}","templated":true}]}}