

{"id":38380,"date":"2020-10-08T10:38:31","date_gmt":"2020-10-08T13:38:31","guid":{"rendered":"http:\/\/portalfloresnoar.com\/floresnoar\/?p=38380"},"modified":"2020-12-14T18:29:07","modified_gmt":"2020-12-14T21:29:07","slug":"agenda-limpeza-e-harmonizacao-de-ambientes-com-silvia-garcia","status":"publish","type":"post","link":"https:\/\/portalfloresnoar.com\/floresnoar\/agenda-limpeza-e-harmonizacao-de-ambientes-com-silvia-garcia\/","title":{"rendered":"[AGENDA] Limpeza e Harmoniza\u00e7\u00e3o de Ambientes, com S\u00edlvia Garcia"},"content":{"rendered":"<p><img decoding=\"async\" loading=\"lazy\" class=\"aligncenter wp-image-38382\" src=\"http:\/\/portalfloresnoar.com\/floresnoar\/wp-content\/uploads\/2020\/08\/Limpeza-de-Ambientes.jpg\" alt=\"\" width=\"524\" height=\"291\" srcset=\"https:\/\/portalfloresnoar.com\/floresnoar\/wp-content\/uploads\/2020\/08\/Limpeza-de-Ambientes.jpg 720w, https:\/\/portalfloresnoar.com\/floresnoar\/wp-content\/uploads\/2020\/08\/Limpeza-de-Ambientes-300x167.jpg 300w, https:\/\/portalfloresnoar.com\/floresnoar\/wp-content\/uploads\/2020\/08\/Limpeza-de-Ambientes-700x389.jpg 700w, https:\/\/portalfloresnoar.com\/floresnoar\/wp-content\/uploads\/2020\/08\/Limpeza-de-Ambientes-672x372.jpg 672w\" sizes=\"(max-width: 524px) 100vw, 524px\" \/><\/p>\n<p>A terapeuta Silvia Garcia oferece, dentro do <a href=\"http:\/\/portalfloresnoar.com\/floresnoar\/agenda-silvia-garcia-lanca-caminhantes-programa-de-desenvolvimento-humano-para-a-saude-integral\/\" target=\"_blank\" rel=\"noopener\">Programa Caminhantes<\/a>,\u00a0 a &#8216;Limpeza e Harmoniza\u00e7\u00e3o de Ambientes Residenciais e Corporativos&#8217;.<\/p>\n<p>&#8220;Nossa casa \u00e9 viva e tamb\u00e9m precisa ser cuidada com carinho. Consideramos o lar como um &#8216;templo sagrado&#8217;. J\u00e1 o ambiente\u00a0corporativo, abriga a sua prosperidade sagrada e de todos os seus colaboradores diretos e indiretos. Por isso, estendi o Programa Caminhantes para os ambientes residenciais e corporativos&#8221;, declara S\u00edlvia Garcia.<\/p>\n<p>Com base em conceitos do Feng Shui, pela Escola do Chap\u00e9u Negro, ci\u00eancia milenar que considera os elementos da natureza e outras linhas de estudo sobre a sa\u00fade integral do seu im\u00f3vel, o Programa Caminhantes desenvolve de maneira personalizada \u201co diagn\u00f3stico energ\u00e9tico e espiritual do ambiente e oferece uma s\u00e9rie de solu\u00e7\u00f5es para promover a limpeza, a prosperidade, a harmonia e a potencializa\u00e7\u00e3o energ\u00e9tica do\u00a0 ambiente.<\/p>\n<p>No trabalho, s\u00e3o utilizados\u00a0os s\u00edmbolos sagrados da Radiestesia, potencializados com o fogo sagrado do Cone Hindu,\u00a0agregado ao Banho de Ervas Medicinais.<\/p>\n<p><strong>A limpeza e harmoniza\u00e7\u00e3o do ambiente proporciona:<\/strong><br \/>\n* desbloqueio do fluxo natural da prosperidade;<br \/>\n* harmoniza\u00e7\u00e3o dos ambientes e relacionamentos humanos que ali habitam;<br \/>\n* beleza para os olhos e para a alma;<br \/>\n* sa\u00fade, alegria, leveza e criatividade para a vida di\u00e1ria;<br \/>\n* identifica\u00e7\u00e3o da Sintonia Espiritual que paira pelo seu ambiente;<br \/>\n* Portal com extraterrestres (Pleiadianos, Arcturianos, Sirianos&#8230;), Antigas Civiliza\u00e7\u00f5es (Maias, Eg\u00edpcios, Celtas&#8230;), Hierarquia Ang\u00e9lica (Anjos, Arcanjos, Querubins&#8230;); Orix\u00e1s;<br \/>\n* Identifica\u00e7\u00e3o e limpeza de presen\u00e7as nocivas e mal qualificadas (chips e implantes, casc\u00f5es astrais, larvas astrais, miasmas negativos, obsessores).<\/p>\n<p><strong>AGENDAMENTO E MAIS INFORMA\u00c7\u00d5ES<\/strong><br \/>\n<strong>WhatsApp:<\/strong>\u00a0(81) 99900.8769<br \/>\n<strong>Instagram:<\/strong>\u00a0<a href=\"https:\/\/www.instagram.com\/silvia.vieira.garcia\/\" target=\"_blank\" rel=\"noopener\">@silvia.vieria.garcia<\/a><br \/>\n<strong>Facebook:<\/strong>\u00a0<a href=\"https:\/\/www.facebook.com\/silvia.vieira.garcia\" target=\"_blank\" rel=\"noopener\">silvia.vieira.garcia<\/a><br \/>\n<strong>Youtube:<\/strong>\u00a0<a href=\"https:\/\/www.youtube.com\/channel\/UCAJoh299BgTUcKtjG1IVMlQ\" target=\"_blank\" rel=\"noopener\">Silvia Garcia Terapeuta<\/a><\/p>\n","protected":false},"excerpt":{"rendered":"<p>A terapeuta Silvia Garcia oferece, dentro do Programa Caminhantes,\u00a0 a &#8216;Limpeza e Harmoniza\u00e7\u00e3o de Ambientes Residenciais e Corporativos&#8217;. &#8220;Nossa casa \u00e9 viva e tamb\u00e9m precisa ser cuidada com carinho. Consideramos o lar como um &#8216;templo sagrado&#8217;. J\u00e1 o ambiente\u00a0corporativo, abriga a sua prosperidade sagrada e de todos os seus colaboradores diretos e indiretos. Por isso, [&hellip;]<\/p>\n","protected":false},"author":1,"featured_media":38382,"comment_status":"open","ping_status":"open","sticky":false,"template":"","format":"standard","meta":{"om_disable_all_campaigns":false,"_monsterinsights_skip_tracking":false,"_monsterinsights_sitenote_active":false,"_monsterinsights_sitenote_note":"","_monsterinsights_sitenote_category":0,"footnotes":""},"categories":[8,224,214],"tags":[734,102,143,349,662],"acf":[],"publishpress_future_action":{"enabled":false,"date":"1969-12-31 21:00:00","action":"","terms":[],"taxonomy":"","browser_timezone_offset":0},"_links":{"self":[{"href":"https:\/\/portalfloresnoar.com\/floresnoar\/wp-json\/wp\/v2\/posts\/38380"}],"collection":[{"href":"https:\/\/portalfloresnoar.com\/floresnoar\/wp-json\/wp\/v2\/posts"}],"about":[{"href":"https:\/\/portalfloresnoar.com\/floresnoar\/wp-json\/wp\/v2\/types\/post"}],"author":[{"embeddable":true,"href":"https:\/\/portalfloresnoar.com\/floresnoar\/wp-json\/wp\/v2\/users\/1"}],"replies":[{"embeddable":true,"href":"https:\/\/portalfloresnoar.com\/floresnoar\/wp-json\/wp\/v2\/comments?post=38380"}],"version-history":[{"count":0,"href":"https:\/\/portalfloresnoar.com\/floresnoar\/wp-json\/wp\/v2\/posts\/38380\/revisions"}],"wp:featuredmedia":[{"embeddable":true,"href":"https:\/\/portalfloresnoar.com\/floresnoar\/wp-json\/wp\/v2\/media\/38382"}],"wp:attachment":[{"href":"https:\/\/portalfloresnoar.com\/floresnoar\/wp-json\/wp\/v2\/media?parent=38380"}],"wp:term":[{"taxonomy":"category","embeddable":true,"href":"https:\/\/portalfloresnoar.com\/floresnoar\/wp-json\/wp\/v2\/categories?post=38380"},{"taxonomy":"post_tag","embeddable":true,"href":"https:\/\/portalfloresnoar.com\/floresnoar\/wp-json\/wp\/v2\/tags?post=38380"}],"curies":[{"name":"wp","href":"https:\/\/api.w.org\/{rel}","templated":true}]}}