

{"id":38358,"date":"2020-08-20T11:50:46","date_gmt":"2020-08-20T14:50:46","guid":{"rendered":"http:\/\/portalfloresnoar.com\/floresnoar\/?p=38358"},"modified":"2020-08-20T11:54:50","modified_gmt":"2020-08-20T14:54:50","slug":"patricia-mello-a-morte-como-norte","status":"publish","type":"post","link":"https:\/\/portalfloresnoar.com\/floresnoar\/patricia-mello-a-morte-como-norte\/","title":{"rendered":"[PATR\u00cdCIA MELLO] A Morte como Norte"},"content":{"rendered":"<figure id=\"attachment_38359\" aria-describedby=\"caption-attachment-38359\" style=\"width: 501px\" class=\"wp-caption aligncenter\"><img decoding=\"async\" loading=\"lazy\" class=\"wp-image-38359\" src=\"http:\/\/portalfloresnoar.com\/floresnoar\/wp-content\/uploads\/2020\/08\/a-morte-como-norte.jpg\" alt=\"\" width=\"501\" height=\"679\" srcset=\"https:\/\/portalfloresnoar.com\/floresnoar\/wp-content\/uploads\/2020\/08\/a-morte-como-norte.jpg 768w, https:\/\/portalfloresnoar.com\/floresnoar\/wp-content\/uploads\/2020\/08\/a-morte-como-norte-222x300.jpg 222w, https:\/\/portalfloresnoar.com\/floresnoar\/wp-content\/uploads\/2020\/08\/a-morte-como-norte-517x700.jpg 517w\" sizes=\"(max-width: 501px) 100vw, 501px\" \/><figcaption id=\"caption-attachment-38359\" class=\"wp-caption-text\">Ilustra\u00e7\u00e3o: Patr\u00edcia Mello<\/figcaption><\/figure>\n<p>|<em> Por Patr\u00edcia Mello*<\/em> |<\/p>\n<p>A morte quando principia o fim, informa que morrer, antes de tudo, implica em j\u00e1 ter vivido. A impress\u00e3o imediata de que se tem da morte \u00e9 que j\u00e1 houve vida. E s\u00f3 morre o que estava vivo! E talvez por isso seja t\u00e3o dif\u00edcil, para alguns, deixar morrer, aceitar que j\u00e1 viveu, e reconhecer a vida, muitas vezes, mal vivida.<\/p>\n<p>O morrer se resume em alguma inst\u00e2ncia em poder abandonar a vida, deixar o fluxo seguir o rumo sem saber o que \u00e9 que estar por vir. \u00c9 um ato que por um instante nos conduz de forma direta para a viv\u00eancia da autonomia.<\/p>\n<p>Ent\u00e3o, quem dera ser suficiente se permitir tornar-se apenas mem\u00f3ria, lembran\u00e7a de um tempo que foi e n\u00e3o existe mais. Quem dera ser suficiente existir a partir de um registro numa imagem fotogr\u00e1fica ou num escrito. Qui\u00e7\u00e1, ser suficiente por existir dentro de algu\u00e9m.<\/p>\n<p>Que seja a morte considerada uma d\u00e1diva, assim como \u00e9 a vida. D\u00e1diva por podermos reconhec\u00ea-la em seu sacrif\u00edcio ao nos manter vivos mais um dia. Pois \u00e9 a morte que, em seu encantamento, pode nos servir como um guia para uma vida de escolhas que, ao se realizarem, tornam a vida bem vivida.<\/p>\n<p><em>*Patr\u00edcia Mello \u00e9 psic\u00f3loga, arteterapeuta e gestora do\u00a0<a href=\"http:\/\/www.gerararteterapiaebemestar.com\/\" target=\"_blank\" rel=\"noopener\">Espa\u00e7o Gerar \u2013 Arteterapia e Bem-Estar<\/a>.\u00a0<\/em><\/p>\n","protected":false},"excerpt":{"rendered":"<p>| Por Patr\u00edcia Mello* | A morte quando principia o fim, informa que morrer, antes de tudo, implica em j\u00e1 ter vivido. A impress\u00e3o imediata de que se tem da morte \u00e9 que j\u00e1 houve vida. E s\u00f3 morre o que estava vivo! E talvez por isso seja t\u00e3o dif\u00edcil, para alguns, deixar morrer, aceitar [&hellip;]<\/p>\n","protected":false},"author":1,"featured_media":38360,"comment_status":"open","ping_status":"open","sticky":false,"template":"","format":"standard","meta":{"om_disable_all_campaigns":false,"_monsterinsights_skip_tracking":false,"_monsterinsights_sitenote_active":false,"_monsterinsights_sitenote_note":"","_monsterinsights_sitenote_category":0,"footnotes":""},"categories":[220,951],"tags":[499,136,954,955,952,454,953],"acf":[],"publishpress_future_action":{"enabled":false,"date":"1969-12-31 21:00:00","action":"","terms":[],"taxonomy":"","browser_timezone_offset":0},"_links":{"self":[{"href":"https:\/\/portalfloresnoar.com\/floresnoar\/wp-json\/wp\/v2\/posts\/38358"}],"collection":[{"href":"https:\/\/portalfloresnoar.com\/floresnoar\/wp-json\/wp\/v2\/posts"}],"about":[{"href":"https:\/\/portalfloresnoar.com\/floresnoar\/wp-json\/wp\/v2\/types\/post"}],"author":[{"embeddable":true,"href":"https:\/\/portalfloresnoar.com\/floresnoar\/wp-json\/wp\/v2\/users\/1"}],"replies":[{"embeddable":true,"href":"https:\/\/portalfloresnoar.com\/floresnoar\/wp-json\/wp\/v2\/comments?post=38358"}],"version-history":[{"count":0,"href":"https:\/\/portalfloresnoar.com\/floresnoar\/wp-json\/wp\/v2\/posts\/38358\/revisions"}],"wp:featuredmedia":[{"embeddable":true,"href":"https:\/\/portalfloresnoar.com\/floresnoar\/wp-json\/wp\/v2\/media\/38360"}],"wp:attachment":[{"href":"https:\/\/portalfloresnoar.com\/floresnoar\/wp-json\/wp\/v2\/media?parent=38358"}],"wp:term":[{"taxonomy":"category","embeddable":true,"href":"https:\/\/portalfloresnoar.com\/floresnoar\/wp-json\/wp\/v2\/categories?post=38358"},{"taxonomy":"post_tag","embeddable":true,"href":"https:\/\/portalfloresnoar.com\/floresnoar\/wp-json\/wp\/v2\/tags?post=38358"}],"curies":[{"name":"wp","href":"https:\/\/api.w.org\/{rel}","templated":true}]}}