

{"id":38351,"date":"2020-08-20T11:28:15","date_gmt":"2020-08-20T14:28:15","guid":{"rendered":"http:\/\/portalfloresnoar.com\/floresnoar\/?p=38351"},"modified":"2020-12-17T10:07:36","modified_gmt":"2020-12-17T13:07:36","slug":"artigo-reconectar-com-a-nossa-essencia-divina-para-manifesta-la-fisicamente-nesta-terra-e-a-nossa-maior-missao","status":"publish","type":"post","link":"https:\/\/portalfloresnoar.com\/floresnoar\/artigo-reconectar-com-a-nossa-essencia-divina-para-manifesta-la-fisicamente-nesta-terra-e-a-nossa-maior-missao\/","title":{"rendered":"[S\u00cdLVIA GARCIA] &#8220;Reconectar com a nossa ess\u00eancia divina para manifest\u00e1-la fisicamente nesta Terra \u00e9 a nossa maior miss\u00e3o&#8221;"},"content":{"rendered":"<p><img decoding=\"async\" loading=\"lazy\" class=\"aligncenter wp-image-38352\" src=\"http:\/\/portalfloresnoar.com\/floresnoar\/wp-content\/uploads\/2020\/08\/Caminhantes-no-Flores-no-Ar.jpg\" alt=\"\" width=\"539\" height=\"300\" srcset=\"https:\/\/portalfloresnoar.com\/floresnoar\/wp-content\/uploads\/2020\/08\/Caminhantes-no-Flores-no-Ar.jpg 720w, https:\/\/portalfloresnoar.com\/floresnoar\/wp-content\/uploads\/2020\/08\/Caminhantes-no-Flores-no-Ar-300x167.jpg 300w, https:\/\/portalfloresnoar.com\/floresnoar\/wp-content\/uploads\/2020\/08\/Caminhantes-no-Flores-no-Ar-700x389.jpg 700w\" sizes=\"(max-width: 539px) 100vw, 539px\" \/><\/p>\n<p>| Por S\u00edlvia Garcia |<\/p>\n<p>Na minha caminhada ao encontro da sa\u00fade f\u00edsica, emocional e espiritual, percebi que todas as abordagens terap\u00eauticas foram importantes para a minha reconstru\u00e7\u00e3o.<\/p>\n<p>Percebi tamb\u00e9m que, muitas vezes, quando eu saia da sala de atendimento, me batia um vazio e uma certa desorienta\u00e7\u00e3o porque, mesmo tendo limpado e entendido o que me afligia, ainda n\u00e3o sabia pra qual dire\u00e7\u00e3o seguir.<\/p>\n<p>Por isso, quando montei o programa &#8220;Caminhantes&#8221;, pensei em oferecer um abra\u00e7o no ser humano integral, fornecendo n\u00e3o s\u00f3 o atendimento pontual de cada t\u00e9cnica, mas tamb\u00e9m a orienta\u00e7\u00e3o para o melhor aproveitamento dessa jornada, potencializando o que o cliente tem de melhor e cuidando com leveza, compaix\u00e3o e compromisso o que pode ser melhorado.<\/p>\n<p>Transformando conscientemente padr\u00f5es limitantes e sabotadores da nossa psiqu\u00ea com o Thetahealing(R), Transmutando energias nocivas e mal qualificadas com o fogo sagrado do Cone Hindu(R), junto com os Gr\u00e1ficos Radiest\u00e9sicos e a Mesa Radi\u00f4nica e Banhando nosso Corpo \u00c1urico e F\u00edsico com a Egr\u00e9gora Sagrada das Plantas Medicinais, a energia do nosso corpo \u00e9 ativada para que ele expresse o sentimento da nossa alma.<\/p>\n<p>\u00c9 sempre poss\u00edvel transformar e re-significar a hist\u00f3ria de qualquer ser humano para o Bem Maior! Reconectar com a nossa ess\u00eancia divina para manifest\u00e1-la fisicamente nesta Terra \u00e9 a nossa maior miss\u00e3o.<\/p>\n<p>E para isso, podemos nos reencontrar aqui mesmo, dentro do nosso lar, com uma condu\u00e7\u00e3o focada e personalizada especialmente pra voc\u00ea. Essa \u00e9 a proposta do Caminhantes, Programa de Desenvolvimento Humano para a Sa\u00fade Integral.<\/p>\n<p>SAIBA MAIS SOBRE O PROGRAMA CAMINHANTES NESTE LINK:<\/p>\n<blockquote class=\"wp-embedded-content\" data-secret=\"L7aYF3dCly\"><p><a href=\"http:\/\/portalfloresnoar.com\/floresnoar\/agenda-silvia-garcia-lanca-caminhantes-programa-de-desenvolvimento-humano-para-a-saude-integral\/\">[AGENDA] &#8216;Caminhantes &#8211; Programa de Desenvolvimento Humano para a Sa\u00fade Integral&#8217;, com S\u00edlvia Garcia<\/a><\/p><\/blockquote>\n<p><iframe class=\"wp-embedded-content\" sandbox=\"allow-scripts\" security=\"restricted\" style=\"position: absolute; clip: rect(1px, 1px, 1px, 1px);\" src=\"http:\/\/portalfloresnoar.com\/floresnoar\/agenda-silvia-garcia-lanca-caminhantes-programa-de-desenvolvimento-humano-para-a-saude-integral\/embed\/#?secret=L7aYF3dCly\" data-secret=\"L7aYF3dCly\" width=\"500\" height=\"282\" title=\"&#8220;[AGENDA] &#8216;Caminhantes &#8211; Programa de Desenvolvimento Humano para a Sa\u00fade Integral&#8217;, com S\u00edlvia Garcia&#8221; &#8212; Flores no Ar\" frameborder=\"0\" marginwidth=\"0\" marginheight=\"0\" scrolling=\"no\"><\/iframe><\/p>\n<p>&nbsp;<\/p>\n","protected":false},"excerpt":{"rendered":"<p>| Por S\u00edlvia Garcia | Na minha caminhada ao encontro da sa\u00fade f\u00edsica, emocional e espiritual, percebi que todas as abordagens terap\u00eauticas foram importantes para a minha reconstru\u00e7\u00e3o. Percebi tamb\u00e9m que, muitas vezes, quando eu saia da sala de atendimento, me batia um vazio e uma certa desorienta\u00e7\u00e3o porque, mesmo tendo limpado e entendido o [&hellip;]<\/p>\n","protected":false},"author":1,"featured_media":38352,"comment_status":"open","ping_status":"open","sticky":false,"template":"","format":"standard","meta":{"om_disable_all_campaigns":false,"_monsterinsights_skip_tracking":false,"_monsterinsights_sitenote_active":false,"_monsterinsights_sitenote_note":"","_monsterinsights_sitenote_category":0,"footnotes":""},"categories":[220,978],"tags":[499,720,136,902,75,286],"acf":[],"publishpress_future_action":{"enabled":false,"date":"1969-12-31 21:00:00","action":"","terms":[],"taxonomy":"","browser_timezone_offset":0},"_links":{"self":[{"href":"https:\/\/portalfloresnoar.com\/floresnoar\/wp-json\/wp\/v2\/posts\/38351"}],"collection":[{"href":"https:\/\/portalfloresnoar.com\/floresnoar\/wp-json\/wp\/v2\/posts"}],"about":[{"href":"https:\/\/portalfloresnoar.com\/floresnoar\/wp-json\/wp\/v2\/types\/post"}],"author":[{"embeddable":true,"href":"https:\/\/portalfloresnoar.com\/floresnoar\/wp-json\/wp\/v2\/users\/1"}],"replies":[{"embeddable":true,"href":"https:\/\/portalfloresnoar.com\/floresnoar\/wp-json\/wp\/v2\/comments?post=38351"}],"version-history":[{"count":0,"href":"https:\/\/portalfloresnoar.com\/floresnoar\/wp-json\/wp\/v2\/posts\/38351\/revisions"}],"wp:featuredmedia":[{"embeddable":true,"href":"https:\/\/portalfloresnoar.com\/floresnoar\/wp-json\/wp\/v2\/media\/38352"}],"wp:attachment":[{"href":"https:\/\/portalfloresnoar.com\/floresnoar\/wp-json\/wp\/v2\/media?parent=38351"}],"wp:term":[{"taxonomy":"category","embeddable":true,"href":"https:\/\/portalfloresnoar.com\/floresnoar\/wp-json\/wp\/v2\/categories?post=38351"},{"taxonomy":"post_tag","embeddable":true,"href":"https:\/\/portalfloresnoar.com\/floresnoar\/wp-json\/wp\/v2\/tags?post=38351"}],"curies":[{"name":"wp","href":"https:\/\/api.w.org\/{rel}","templated":true}]}}