

{"id":38312,"date":"2020-06-15T17:10:11","date_gmt":"2020-06-15T20:10:11","guid":{"rendered":"http:\/\/portalfloresnoar.com\/floresnoar\/?p=38312"},"modified":"2020-10-02T16:27:46","modified_gmt":"2020-10-02T19:27:46","slug":"agenda-silvia-garcia-lanca-caminhantes-programa-de-desenvolvimento-humano-para-a-saude-integral","status":"publish","type":"post","link":"https:\/\/portalfloresnoar.com\/floresnoar\/agenda-silvia-garcia-lanca-caminhantes-programa-de-desenvolvimento-humano-para-a-saude-integral\/","title":{"rendered":"[AGENDA] &#8216;Caminhantes &#8211; Programa de Desenvolvimento Humano para a Sa\u00fade Integral&#8217;, com S\u00edlvia Garcia"},"content":{"rendered":"<p><img decoding=\"async\" loading=\"lazy\" class=\"aligncenter size-full wp-image-38313\" src=\"http:\/\/portalfloresnoar.com\/floresnoar\/wp-content\/uploads\/2020\/08\/caminhantes-silvia-garcia.jpg\" alt=\"\" width=\"696\" height=\"484\" srcset=\"https:\/\/portalfloresnoar.com\/floresnoar\/wp-content\/uploads\/2020\/08\/caminhantes-silvia-garcia.jpg 696w, https:\/\/portalfloresnoar.com\/floresnoar\/wp-content\/uploads\/2020\/08\/caminhantes-silvia-garcia-300x209.jpg 300w\" sizes=\"(max-width: 696px) 100vw, 696px\" \/><\/p>\n<p>A terapeuta Silvia Garcia est\u00e1 reunindo diversas t\u00e9cnicas terap\u00eauticas em &#8216;Caminhantes &#8211; Programa de Desenvolvimento Humano para a Sa\u00fade Integral.&#8217;<\/p>\n<p>&#8220;Caminhantes visa abra\u00e7ar o cliente de maneira integral, atendendo suas necessidades f\u00edsicas, emocionais e espirituais. Para isso, utilizo uma alquimia de t\u00e9cnicas de cura que foram e s\u00e3o fundamentais para o sucesso da minha caminhada. Caminhada que sabemos, cheia de surpresas, perdas e ganhos, e tudo isso faz parte dessa jornada que chamamos de Vida!&#8221;, declara Silvia.<\/p>\n<p><strong>O PROGRAMA \u00c9 COMPOSTO PELAS SEGUINTES TERAPIAS:<\/strong><\/p>\n<p>*<strong>Ritual de Banhos Terap\u00eauticos<\/strong> conforme anamnese de cada cliente para tra\u00e7ar banhos personalizados conforme a necessidade e perfil fisiol\u00f3gico, emocional e espiritual<\/p>\n<p>*Atendimento usando a t\u00e9cnica <strong>Thetahealing\u00ae<\/strong>, cuidando de cren\u00e7as e padr\u00f5es que limitam a prosperidade, relacionamentos saud\u00e1veis, o perd\u00e3o, a harmonia&#8230;<\/p>\n<p>*<strong>Cone Hindu<\/strong> \u00e0 dist\u00e2ncia \u2013 T\u00e9cnica Dra. Emilyn Hasbeni\u00ae. Atrav\u00e9s da baixa press\u00e3o (produzida pela queima do cone) e do movimento do ar (que ajuda na limpeza, energias densas, pensamentos e sentimentos nocivos), dores e inc\u00f4modos f\u00edsicos podem ser transmutados. Tamb\u00e9m s\u00e3o\u00a0utilizados o Reiki e os s\u00edmbolos sagrados da Radiestesia, trazendo a sa\u00fade integral para todos os n\u00edveis (f\u00edsico, emocional, energ\u00e9tico e espiritual).<\/p>\n<p><strong>*Exerc\u00edcios L\u00fadicos Corporais e Bioenerg\u00e9tica<\/strong><\/p>\n<p><strong>*Medita\u00e7\u00f5es<\/strong><\/p>\n<p><strong>TERAPEUTA<\/strong><br \/>\nSilvia Garcia \u00e9 terapeuta Thetahealer, praticante de Barras de Access e Processos Corporais de Access, Leitora de Aura e Registros Ak\u00e1shicos, Rebalancing (formada pela Osho Bahia), Reikiana, e estudiosa encantada por Fitoterapia, Florais, Aromaterapia, Ci\u00eancias Hol\u00edsticas e Viv\u00eancias Xam\u00e2nicas.<\/p>\n<p><em>Obs.: Tamb\u00e9m \u00e9 poss\u00edvel fazer o programa individualmente. Para saber as condi\u00e7\u00f5es, entrar em contato com a terapeuta.\u00a0<\/em><\/p>\n<p><strong>INSCRI\u00c7\u00d5ES E MAIS INFORMA\u00c7\u00d5ES<\/strong><br \/>\n<strong>WhatsApp:<\/strong> (81) 99900.8769<br \/>\n<strong>Instagram:<\/strong> <a href=\"https:\/\/www.instagram.com\/silvia.vieira.garcia\/\" target=\"_blank\" rel=\"noopener\">@silvia.vieria.garcia<\/a><br \/>\n<strong>Facebook:<\/strong> <a href=\"https:\/\/www.facebook.com\/silvia.vieira.garcia\" target=\"_blank\" rel=\"noopener\">silvia.vieira.garcia<\/a><br \/>\n<strong>Youtube:<\/strong> <a href=\"https:\/\/www.youtube.com\/channel\/UCAJoh299BgTUcKtjG1IVMlQ\" target=\"_blank\" rel=\"noopener\">Silvia Garcia Terapeuta<\/a><\/p>\n<p><em><strong>LEIA TAMB\u00c9M:<\/strong><\/em><\/p>\n<blockquote class=\"wp-embedded-content\" data-secret=\"pCJWcpNnHT\"><p><a href=\"http:\/\/portalfloresnoar.com\/floresnoar\/artigo-reconectar-com-a-nossa-essencia-divina-para-manifesta-la-fisicamente-nesta-terra-e-a-nossa-maior-missao\/\">[ARTIGO] &#8220;Reconectar com a nossa ess\u00eancia divina para manifest\u00e1-la fisicamente nesta Terra \u00e9 a nossa maior miss\u00e3o&#8221;<\/a><\/p><\/blockquote>\n<p><iframe class=\"wp-embedded-content\" sandbox=\"allow-scripts\" security=\"restricted\" style=\"position: absolute; clip: rect(1px, 1px, 1px, 1px);\" src=\"http:\/\/portalfloresnoar.com\/floresnoar\/artigo-reconectar-com-a-nossa-essencia-divina-para-manifesta-la-fisicamente-nesta-terra-e-a-nossa-maior-missao\/embed\/#?secret=pCJWcpNnHT\" data-secret=\"pCJWcpNnHT\" width=\"500\" height=\"282\" title=\"&#8220;[ARTIGO] &#8220;Reconectar com a nossa ess\u00eancia divina para manifest\u00e1-la fisicamente nesta Terra \u00e9 a nossa maior miss\u00e3o&#8221;&#8221; &#8212; Flores no Ar\" frameborder=\"0\" marginwidth=\"0\" marginheight=\"0\" scrolling=\"no\"><\/iframe><\/p>\n","protected":false},"excerpt":{"rendered":"<p>A terapeuta Silvia Garcia est\u00e1 reunindo diversas t\u00e9cnicas terap\u00eauticas em &#8216;Caminhantes &#8211; Programa de Desenvolvimento Humano para a Sa\u00fade Integral.&#8217; &#8220;Caminhantes visa abra\u00e7ar o cliente de maneira integral, atendendo suas necessidades f\u00edsicas, emocionais e espirituais. Para isso, utilizo uma alquimia de t\u00e9cnicas de cura que foram e s\u00e3o fundamentais para o sucesso da minha caminhada. [&hellip;]<\/p>\n","protected":false},"author":1,"featured_media":38314,"comment_status":"open","ping_status":"open","sticky":false,"template":"","format":"standard","meta":{"om_disable_all_campaigns":false,"_monsterinsights_skip_tracking":false,"_monsterinsights_sitenote_active":false,"_monsterinsights_sitenote_note":"","_monsterinsights_sitenote_category":0,"footnotes":""},"categories":[8,214],"tags":[720,919,902,295,577,922,43,37,127,286],"acf":[],"publishpress_future_action":{"enabled":false,"date":"1969-12-31 21:00:00","action":"","terms":[],"taxonomy":"","browser_timezone_offset":0},"_links":{"self":[{"href":"https:\/\/portalfloresnoar.com\/floresnoar\/wp-json\/wp\/v2\/posts\/38312"}],"collection":[{"href":"https:\/\/portalfloresnoar.com\/floresnoar\/wp-json\/wp\/v2\/posts"}],"about":[{"href":"https:\/\/portalfloresnoar.com\/floresnoar\/wp-json\/wp\/v2\/types\/post"}],"author":[{"embeddable":true,"href":"https:\/\/portalfloresnoar.com\/floresnoar\/wp-json\/wp\/v2\/users\/1"}],"replies":[{"embeddable":true,"href":"https:\/\/portalfloresnoar.com\/floresnoar\/wp-json\/wp\/v2\/comments?post=38312"}],"version-history":[{"count":0,"href":"https:\/\/portalfloresnoar.com\/floresnoar\/wp-json\/wp\/v2\/posts\/38312\/revisions"}],"wp:featuredmedia":[{"embeddable":true,"href":"https:\/\/portalfloresnoar.com\/floresnoar\/wp-json\/wp\/v2\/media\/38314"}],"wp:attachment":[{"href":"https:\/\/portalfloresnoar.com\/floresnoar\/wp-json\/wp\/v2\/media?parent=38312"}],"wp:term":[{"taxonomy":"category","embeddable":true,"href":"https:\/\/portalfloresnoar.com\/floresnoar\/wp-json\/wp\/v2\/categories?post=38312"},{"taxonomy":"post_tag","embeddable":true,"href":"https:\/\/portalfloresnoar.com\/floresnoar\/wp-json\/wp\/v2\/tags?post=38312"}],"curies":[{"name":"wp","href":"https:\/\/api.w.org\/{rel}","templated":true}]}}