

{"id":38284,"date":"2020-06-01T05:08:16","date_gmt":"2020-06-01T08:08:16","guid":{"rendered":"http:\/\/portalfloresnoar.com\/floresnoar\/?p=38284"},"modified":"2020-10-09T17:26:01","modified_gmt":"2020-10-09T20:26:01","slug":"agenda-retiro-on-line-de-jejum-e-silencio-com-oberom","status":"publish","type":"post","link":"https:\/\/portalfloresnoar.com\/floresnoar\/agenda-retiro-on-line-de-jejum-e-silencio-com-oberom\/","title":{"rendered":"[AGENDA] Retiro On-line de Jejum e Sil\u00eancio, com Oberom"},"content":{"rendered":"<p>&nbsp;<\/p>\n<p><img decoding=\"async\" loading=\"lazy\" class=\"aligncenter wp-image-38303\" src=\"http:\/\/portalfloresnoar.com\/floresnoar\/wp-content\/uploads\/2020\/07\/retiro-online-com-oberom-2.jpg\" alt=\"\" width=\"530\" height=\"823\" srcset=\"https:\/\/portalfloresnoar.com\/floresnoar\/wp-content\/uploads\/2020\/07\/retiro-online-com-oberom-2.jpg 824w, https:\/\/portalfloresnoar.com\/floresnoar\/wp-content\/uploads\/2020\/07\/retiro-online-com-oberom-2-193x300.jpg 193w, https:\/\/portalfloresnoar.com\/floresnoar\/wp-content\/uploads\/2020\/07\/retiro-online-com-oberom-2-768x1193.jpg 768w, https:\/\/portalfloresnoar.com\/floresnoar\/wp-content\/uploads\/2020\/07\/retiro-online-com-oberom-2-451x700.jpg 451w\" sizes=\"(max-width: 530px) 100vw, 530px\" \/><\/p>\n<p>De 9 a 12 de outubro de 2020 ser\u00e1 realizado o Retiro On-line Consci\u00eancia de Si &#8211; Jejum e Sil\u00eancio, com Oberom. O encontro ser\u00e1 realizado atrav\u00e9s da plataforma de videoconfer\u00eancia Zoom.<\/p>\n<p>&#8216;Consci\u00eancia de Si&#8217; \u00e9 um retiro de autoconhecimento, feito em imers\u00e3o, com jejum l\u00edquido, medita\u00e7\u00e3o, sil\u00eancio, pr\u00e1ticas de yoga, palestras e ora\u00e7\u00f5es.<\/p>\n<p>&#8220;Estamos vivendo um momento intenso de transi\u00e7\u00e3o planet\u00e1ria, e sentimos a import\u00e2ncia da nutri\u00e7\u00e3o da presen\u00e7a, do sil\u00eancio, da purifica\u00e7\u00e3o, em cada um(a), e de sentir-se em coletivo nesse agora. Para quem deseja investir no seu crescimento pessoal e autocuidado, essa \u00e9 uma grande oportunidade. Colaboradores da luz, o chamado \u00e9 para o despertar da consci\u00eancia em si, para que a caminhada terrestre, alinhada com o Plano Maior seja suavizada. Como a mudan\u00e7a real acontece a partir de n\u00f3s mesmos, sentimos que todo o trabalho que oferece inspira\u00e7\u00e3o e aprimoramento deve ser visto como prioridade&#8221;, declara Oberom.<\/p>\n<p>Oberom \u00e9 professor de Yoga, formado no Brasil e na PVA School of Yoga na \u00cdndia, \u00e9 facilitamor do Prana Prasakti, e transmite essa sabedoria e experi\u00eancia pelo mundo atrav\u00e9s de Workshops nas Am\u00e9ricas, Europa e \u00c1sia.<br \/>\nTamb\u00e9m \u00e9 autor dos livros &#8220;Viajando na Luz&#8221;, &#8220;No Fluir da Felicidade&#8221; e &#8220;Vegan Yoga&#8221;. Atualmente finaliza &#8220;Muco&#8221;, o seu primeiro document\u00e1rio para cinema.<\/p>\n<p>PREPARANDO A CASA PARA O RETIRO<br \/>\nDurante os dias de imers\u00e3o, estaremos desenvolvendo um olhar interno com pr\u00e1ticas que facilitam uma quebra de nossos condicionamentos, sil\u00eancio e ingest\u00e3o apenas de sopas, sucos, \u00e1gua e ch\u00e1s. Por isso, \u00e9 fundamental uma prepara\u00e7\u00e3o da casa antes do retiro, que propicie um estado meditativo. Ser\u00e3o enviadas detalhes das orienta\u00e7\u00f5es necess\u00e1rias para todos os inscritos.<\/p>\n<p>PREPARANDO-SE PARA O RETIRO<br \/>\nComo estaremos por quatro dias promovendo uma desintoxica\u00e7\u00e3o em nosso corpo f\u00edsico, emocional e mental, sugerimos, na semana que antecede o retiro, fazer uma alimenta\u00e7\u00e3o mais leve e natural, abster-se de carnes e derivados de prote\u00edna animal, caf\u00e9, a\u00e7\u00facar, trigo, temperos picantes, fumo, \u00e1lcool, e qualquer subst\u00e2ncia danosa ao organismo. Se poss\u00edvel, iniciar um jejum intermitente.<\/p>\n<p>DURANTE O RETIRO<br \/>\nComo estaremos em contato direto com uma energia muito sutil, e a nossa intera\u00e7\u00e3o acontecer\u00e1 virtualmente, sugerimos usar o computador ou celular apenas para o retiro, e nos momentos em que estivermos em Sangha. Aconselha-seguir corretamente as orienta\u00e7\u00f5es fornecidas pelo facilitador e pela monitora do Retiro.<\/p>\n<p>Observa\u00e7\u00e3o importante: caso voc\u00ea esteja s\u00f3 em casa, n\u00e3o tenha nenhuma experi\u00eancia anterior de jejum, ou esteja com alguma restri\u00e7\u00e3o de sa\u00fade, \u00e9 aconselh\u00e1vel comunicar a algu\u00e9m da sua confian\u00e7a que estar\u00e1 realizando esse retiro, como tamb\u00e9m pode ser interessante falar com a produ\u00e7\u00e3o do retiro antes de se inscrever.<\/p>\n<p>MATERIAL IMPORTANTE PARA A PR\u00c1TICA<br \/>\n&#8211; Tapete de yoga<br \/>\n&#8211; Roupas leves e confort\u00e1veis<br \/>\n&#8211; Cadeira de medita\u00e7\u00e3o ou outro assento confort\u00e1vel para a escuta<br \/>\n&#8211; Ter sempre perto uma garrafa de \u00e1gua<\/p>\n<p>DATA<br \/>\nDe 09 a 12 de outubro de 2020<br \/>\nIn\u00edcio: sexta, 09\/10, \u00e0s 19h<br \/>\nEncerramento: segunda, 12\/10, \u00e0s 11h<\/p>\n<p>LOCAL<br \/>\nTransmiss\u00e3o atrav\u00e9s da Plataforma Zoom<\/p>\n<p>HOR\u00c1RIO<br \/>\nSexta, 09\/out &#8211; 19h \u00e0s 22h (Roda de abertura, apresenta\u00e7\u00e3o e orienta\u00e7\u00f5es sobre o retiro)<\/p>\n<p>S\u00e1bado, 10\/Out &#8211; 06h \u00e0s 8h (Medita\u00e7\u00e3o e pr\u00e1tica de yoga)\/ 10h \u00e0s 12h (momento com Oberom) \/ 15h \u00e0s 16h (momento com Oberom) \/ 18h \u00e0s 21h (ora\u00e7\u00e3o, partilha e Cantos )<\/p>\n<p>Domingo, 11\/Out &#8211; 06h \u00e0s 8h (Medita\u00e7\u00e3o e pratica de yoga)\/ 10h \u00e0s 12h (momento com Oberom) \/ 15h \u00e0s 16h (momento com Oberom) \/ 18h \u00e0s 21h (ora\u00e7\u00e3o, partilha e dan\u00e7a )<\/p>\n<p>Segunda, 12\/Out &#8211; 06h \u00e0s 8h (Medita\u00e7\u00e3o e pratica de yoga)\/ 9h \u00e0s 11h (encerramento)<\/p>\n<p>FICHA DE INSCRI\u00c7\u00c3O<br \/>\n<strong><a href=\"https:\/\/docs.google.com\/forms\/d\/1kFiSGuecdjwzsGSJMi5A7nd33J2pNz75ujlapt5nyk0\/viewform?fbclid=IwAR2K_l0gkJTLuav11F8hEND-yUmdAyZR7mTpuqxuDQJvjkue3Qh5xov6jAQ&amp;edit_requested=true\" target=\"_blank\" rel=\"noopener\">Clique aqui!\u00a0<\/a><\/strong><\/p>\n<p>VALOR DO INVESTIMENTO<br \/>\nR$ 540,00<\/p>\n<p>FORMA DE PAGAMENTO: Dep\u00f3sito em conta banc\u00e1ria \u00e0 vista<\/p>\n<p>DADOS BANC\u00c1RIOS<br \/>\nBanco Bradesco<br \/>\nAg: 2753<br \/>\nc\/c: 252888-6<br \/>\nCPF: 510946144-91<br \/>\nL\u00edvia Maria Veras Falc\u00e3o<\/p>\n<p>PRAZO DE PAGAMENTO: no m\u00e1ximo at\u00e9 o dia 01\/outubro\/2020 (encerramento das inscri\u00e7\u00f5es no dia 01\/10)<\/p>\n<p>IMPORTANTE<br \/>\nEm caso de desist\u00eancia do participante j\u00e1 inscrito, haver\u00e1 devolu\u00e7\u00e3o de 80% , se o cancelamento se der at\u00e9 30 dias de anteced\u00eancia, e de 50% se for com menos de 30 dias de anteced\u00eancia at\u00e9 uma semana antes do curso. No caso do n\u00e3o comparecimento ou cancelamento em at\u00e9 1 semana do curso, n\u00e3o haver\u00e1 devolu\u00e7\u00e3o. \u00c9 obrigat\u00f3rio o preenchimento do formul\u00e1rio de inscri\u00e7\u00e3o abaixo.<\/p>\n<p>ATEN\u00c7\u00c3O:<br \/>\nPara que sua inscri\u00e7\u00e3o seja efetivada \u00e9 necess\u00e1rio enviar C\u00d3PIA DO COMPROVANTE DE PAGAMENTO para o e-mail: kundaliniyogape@gmail.com<\/p>\n<p><strong>MAIS INFORMA\u00c7\u00d5ES:<\/strong><br \/>\n(21) 99703-0033<br \/>\n(81) 99986-3170<\/p>\n","protected":false},"excerpt":{"rendered":"<p>&nbsp; De 9 a 12 de outubro de 2020 ser\u00e1 realizado o Retiro On-line Consci\u00eancia de Si &#8211; Jejum e Sil\u00eancio, com Oberom. O encontro ser\u00e1 realizado atrav\u00e9s da plataforma de videoconfer\u00eancia Zoom. &#8216;Consci\u00eancia de Si&#8217; \u00e9 um retiro de autoconhecimento, feito em imers\u00e3o, com jejum l\u00edquido, medita\u00e7\u00e3o, sil\u00eancio, pr\u00e1ticas de yoga, palestras e ora\u00e7\u00f5es. [&hellip;]<\/p>\n","protected":false},"author":1,"featured_media":37649,"comment_status":"open","ping_status":"open","sticky":false,"template":"","format":"standard","meta":{"om_disable_all_campaigns":false,"_monsterinsights_skip_tracking":false,"_monsterinsights_sitenote_active":false,"_monsterinsights_sitenote_note":"","_monsterinsights_sitenote_category":0,"footnotes":""},"categories":[8,214],"tags":[577,949,43,736,551,21],"acf":[],"publishpress_future_action":{"enabled":false,"date":"1969-12-31 21:00:00","action":"","terms":[],"taxonomy":"","browser_timezone_offset":0},"_links":{"self":[{"href":"https:\/\/portalfloresnoar.com\/floresnoar\/wp-json\/wp\/v2\/posts\/38284"}],"collection":[{"href":"https:\/\/portalfloresnoar.com\/floresnoar\/wp-json\/wp\/v2\/posts"}],"about":[{"href":"https:\/\/portalfloresnoar.com\/floresnoar\/wp-json\/wp\/v2\/types\/post"}],"author":[{"embeddable":true,"href":"https:\/\/portalfloresnoar.com\/floresnoar\/wp-json\/wp\/v2\/users\/1"}],"replies":[{"embeddable":true,"href":"https:\/\/portalfloresnoar.com\/floresnoar\/wp-json\/wp\/v2\/comments?post=38284"}],"version-history":[{"count":0,"href":"https:\/\/portalfloresnoar.com\/floresnoar\/wp-json\/wp\/v2\/posts\/38284\/revisions"}],"wp:featuredmedia":[{"embeddable":true,"href":"https:\/\/portalfloresnoar.com\/floresnoar\/wp-json\/wp\/v2\/media\/37649"}],"wp:attachment":[{"href":"https:\/\/portalfloresnoar.com\/floresnoar\/wp-json\/wp\/v2\/media?parent=38284"}],"wp:term":[{"taxonomy":"category","embeddable":true,"href":"https:\/\/portalfloresnoar.com\/floresnoar\/wp-json\/wp\/v2\/categories?post=38284"},{"taxonomy":"post_tag","embeddable":true,"href":"https:\/\/portalfloresnoar.com\/floresnoar\/wp-json\/wp\/v2\/tags?post=38284"}],"curies":[{"name":"wp","href":"https:\/\/api.w.org\/{rel}","templated":true}]}}