

{"id":38277,"date":"2020-03-11T18:30:50","date_gmt":"2020-03-11T21:30:50","guid":{"rendered":"http:\/\/portalfloresnoar.com\/floresnoar\/?p=38277"},"modified":"2020-07-26T20:02:44","modified_gmt":"2020-07-26T23:02:44","slug":"agenda-inscricoes-abertas-ate-207-para-i-jornada-de-formacao-em-agricultura-biodinamica-do-brasil","status":"publish","type":"post","link":"https:\/\/portalfloresnoar.com\/floresnoar\/agenda-inscricoes-abertas-ate-207-para-i-jornada-de-formacao-em-agricultura-biodinamica-do-brasil\/","title":{"rendered":"[AGENDA] Inscri\u00e7\u00f5es abertas, at\u00e9 20\/7, para I Jornada de Forma\u00e7\u00e3o em Agricultura Biodin\u00e2mica do Brasil"},"content":{"rendered":"<p><iframe loading=\"lazy\" src=\"https:\/\/www.youtube.com\/embed\/SwDsCryErE0\" width=\"560\" height=\"315\" frameborder=\"0\" allowfullscreen=\"allowfullscreen\"><\/iframe><\/p>\n<p>Est\u00e3o abertas, at\u00e9 o dia 20 de julho de 2020, as inscri\u00e7\u00f5es para a I Jornada de Forma\u00e7\u00e3o em Agricultura Biodin\u00e2mica do Brasil. A forma\u00e7\u00e3o \u00e9 uma proposta EAD (Ensino a Distancia), composta por cinco m\u00f3dulos, cada um com dura\u00e7\u00e3o de um m\u00eas, sendo todas as aulas te\u00f3ricas e pr\u00e1ticas transmitidas ao vivo. Todo o conte\u00fado e materiais das aulas ficam organizados em uma <strong><a href=\"https:\/\/compostopineal.eadbox.com\/\" target=\"_blank\" rel=\"noopener\">\u00fanica plataforma<\/a><\/strong>, de f\u00e1cil acesso aos estudantes.<\/p>\n<p>A forma\u00e7\u00e3o acontece de agosto a dezembro de 2020. Cada m\u00f3dulo ocorrer\u00e1 em um organismo agr\u00edcola biodin\u00e2mico diferente. O pernambucano Luiz Carvalho Gallego, idealizador da proposta e que tamb\u00e9m assina a coordena\u00e7\u00e3o pedag\u00f3gica e de produ\u00e7\u00e3o do curso, ir\u00e1 transmitir as aulas curriculares de cada uma das cinco cidades por onde a jornada passar\u00e1.\u00a0 Ser\u00e3o aulas te\u00f3ricas, ao vivo, e pr\u00e1tica de campo virtuais, tamb\u00e9m ao vivo. A equipe de docentes trabalha diariamente com a<strong> <a href=\"https:\/\/www.youtube.com\/watch?v=mVopaYknpTg&amp;autoplay=1&amp;mute=0\" target=\"_blank\" rel=\"noopener\">agricultura biodin\u00e2mica <\/a><\/strong>nessas propriedades e trazem esse conhecimento e suas pr\u00e1ticas na intimidade do labor sens\u00edvel, sutil. Aulas e viv\u00eancias art\u00edsticas tamb\u00e9m comp\u00f5em a programa\u00e7\u00e3o b\u00e1sica da forma\u00e7\u00e3o.<\/p>\n<p><strong>O que \u00e9 Agricultura Biodin\u00e2mica?<\/strong><br \/>\nA Agricultura Biodin\u00e2mica \u00e9 uma pr\u00e1tica agr\u00edcola de cosmologia espiritual, fundamentada na Antroposofia, pelo seu criador, Rudolf Steiner. A pedido de uma organiza\u00e7\u00e3o de agricultores da \u00e9poca, ele entrega, em 1924, no Congresso de Pentecostes na Pol\u00f4nia, os fundamentos pr\u00e1ticos e espirituais para a prosperidade da agricultura. Esses fundamentos ganhariam, anos depois, o nome de Agricultura Biodin\u00e2mica.<\/p>\n<p>Na agricultura biol\u00f3gica din\u00e2mica, ou biodin\u00e2mica, o ser humano atua junto com a natureza rumo a constru\u00e7\u00e3o de um organismo agr\u00edcola pr\u00f3spero, f\u00edsica e sutilmente. No manejo biodin\u00e2mico utiliza-se os preparados biodin\u00e2micos, subst\u00e2ncias que re\u00fanem for\u00e7as e seres dos reinos vegetal, animal e mineral, que s\u00e3o enterrados de forma espec\u00edfica, obedecendo etapas da natureza e s\u00e3o, depois, dinamizados e aplicados com objetivos espec\u00edficos. Os preparados atuam de forma semelhante a uma homeopatia para o solo, para as plantas e para o planeta, sendo eles o cora\u00e7\u00e3o da biodin\u00e2mica. Como todo cora\u00e7\u00e3o bate com um ritmo, na biodin\u00e2mica, esse ritmo obedece aos ciclos c\u00f3smicos e aos ciclos da natureza. O conhecimento agr\u00edcola biodin\u00e2mico permite um mergulho nos fen\u00f4menos da vida e nos seus arqu\u00e9tipos formadores.<\/p>\n<p><strong>Para quem \u00e9 a jornada?<\/strong><br \/>\nA jornada \u00e9 para quem produz e para quem quer produzir alimentos em qualquer quantidade, seja numa propriedade rural ou num quintal de casa. \u00c9 tamb\u00e9m para quem tem seu jardim ou sua jardineira de quarto. Se voc\u00ea come, voc\u00ea pode fazer essa jornada, ela \u00e9 boa pra voc\u00ea. Aprender sobre a produ\u00e7\u00e3o de alimentos e o que isso envolve nos torna pessoas atentas ao bem-estar de quem produz e ao bem-estar do planeta.<\/p>\n<p><strong>Os m\u00f3dulos e carga hor\u00e1ria<\/strong><br \/>\nCada m\u00f3dulo tem 49 horas\/aula, incluindo parte pr\u00e1tica e grupos de intera\u00e7\u00e3o. A jornada completa tem 245 horas aula, fora o m\u00f3dulo b\u00f4nus, exclusivo para quem fizer os cinco m\u00f3dulos. Conhe\u00e7a todos os m\u00f3dulos, seu conte\u00fado e seus respectivos docentes <strong><a href=\"https:\/\/compostopineal.eadbox.com\/virtual_categories\/modulos-independentes\" target=\"_blank\" rel=\"noopener\">AQUI<\/a><\/strong>!<\/p>\n<p><strong>M\u00f3dulos avulsos<\/strong><br \/>\n\u00c9 poss\u00edvel participar em apenas alguns m\u00f3dulos espec\u00edficos. O estudante pode escolher o m\u00f3dulo que melhor se adapte a sua agenda. Os m\u00f3dulos avulsos incluem especificamente as aulas ao vivo das duas primeiras semanas de cada m\u00f3dulo. Confira <a href=\"https:\/\/compostopineal.eadbox.com\/virtual_categories\/modulos-independentes\" target=\"_blank\" rel=\"noopener\"><strong>NESTE LINK<\/strong><\/a>!<\/p>\n<p><strong>Vagas limitadas<\/strong><br \/>\nPara garantir a qualidade da intera\u00e7\u00e3o e da aten\u00e7\u00e3o entre os docentes e os discentes, foi determinado um teto no n\u00famero de vagas.<\/p>\n<p><strong>INSCRI\u00c7\u00d5ES E MAIS INFORMA\u00c7\u00d5ES<\/strong><br \/>\nLuiz Carvalho Gallego<br \/>\n(81) 9 99279598 (WhatsApp)<br \/>\n<a href=\"https:\/\/linktr.ee\/jornadabiodinamicabrasil\" target=\"_blank\" rel=\"noopener\"><strong>https:\/\/linktr.ee\/jornadabiodinamicabrasil<\/strong><\/a><br \/>\n<strong>Instagram:<\/strong> <a href=\"https:\/\/www.instagram.com\/jornadabiodinamicabrasil\/\" target=\"_blank\" rel=\"noopener\">@jornadabiodinamicabrasil\u00a0<\/a><\/p>\n","protected":false},"excerpt":{"rendered":"<p>Est\u00e3o abertas, at\u00e9 o dia 20 de julho de 2020, as inscri\u00e7\u00f5es para a I Jornada de Forma\u00e7\u00e3o em Agricultura Biodin\u00e2mica do Brasil. A forma\u00e7\u00e3o \u00e9 uma proposta EAD (Ensino a Distancia), composta por cinco m\u00f3dulos, cada um com dura\u00e7\u00e3o de um m\u00eas, sendo todas as aulas te\u00f3ricas e pr\u00e1ticas transmitidas ao vivo. Todo o [&hellip;]<\/p>\n","protected":false},"author":1,"featured_media":38278,"comment_status":"open","ping_status":"open","sticky":false,"template":"","format":"standard","meta":{"om_disable_all_campaigns":false,"_monsterinsights_skip_tracking":false,"_monsterinsights_sitenote_active":false,"_monsterinsights_sitenote_note":"","_monsterinsights_sitenote_category":0,"footnotes":""},"categories":[8,214],"tags":[947,948,23,167,374,934,890],"acf":[],"publishpress_future_action":{"enabled":false,"date":"1969-12-31 21:00:00","action":"","terms":[],"taxonomy":"","browser_timezone_offset":0},"_links":{"self":[{"href":"https:\/\/portalfloresnoar.com\/floresnoar\/wp-json\/wp\/v2\/posts\/38277"}],"collection":[{"href":"https:\/\/portalfloresnoar.com\/floresnoar\/wp-json\/wp\/v2\/posts"}],"about":[{"href":"https:\/\/portalfloresnoar.com\/floresnoar\/wp-json\/wp\/v2\/types\/post"}],"author":[{"embeddable":true,"href":"https:\/\/portalfloresnoar.com\/floresnoar\/wp-json\/wp\/v2\/users\/1"}],"replies":[{"embeddable":true,"href":"https:\/\/portalfloresnoar.com\/floresnoar\/wp-json\/wp\/v2\/comments?post=38277"}],"version-history":[{"count":0,"href":"https:\/\/portalfloresnoar.com\/floresnoar\/wp-json\/wp\/v2\/posts\/38277\/revisions"}],"wp:featuredmedia":[{"embeddable":true,"href":"https:\/\/portalfloresnoar.com\/floresnoar\/wp-json\/wp\/v2\/media\/38278"}],"wp:attachment":[{"href":"https:\/\/portalfloresnoar.com\/floresnoar\/wp-json\/wp\/v2\/media?parent=38277"}],"wp:term":[{"taxonomy":"category","embeddable":true,"href":"https:\/\/portalfloresnoar.com\/floresnoar\/wp-json\/wp\/v2\/categories?post=38277"},{"taxonomy":"post_tag","embeddable":true,"href":"https:\/\/portalfloresnoar.com\/floresnoar\/wp-json\/wp\/v2\/tags?post=38277"}],"curies":[{"name":"wp","href":"https:\/\/api.w.org\/{rel}","templated":true}]}}