

{"id":38200,"date":"2020-08-05T09:58:03","date_gmt":"2020-08-05T12:58:03","guid":{"rendered":"http:\/\/portalfloresnoar.com\/floresnoar\/?p=38200"},"modified":"2020-08-29T11:11:43","modified_gmt":"2020-08-29T14:11:43","slug":"agenda-aulas-on-line-de-canto-natural-com-ana-diniz","status":"publish","type":"post","link":"https:\/\/portalfloresnoar.com\/floresnoar\/agenda-aulas-on-line-de-canto-natural-com-ana-diniz\/","title":{"rendered":"[AGENDA] Aulas On-line de Canto Natural, com Ana Diniz"},"content":{"rendered":"<p><img decoding=\"async\" loading=\"lazy\" class=\"wp-image-38202 alignleft\" src=\"http:\/\/portalfloresnoar.com\/floresnoar\/wp-content\/uploads\/2020\/06\/aulas-de-canto-com-ana-diniz-2.jpg\" alt=\"\" width=\"238\" height=\"357\" srcset=\"https:\/\/portalfloresnoar.com\/floresnoar\/wp-content\/uploads\/2020\/06\/aulas-de-canto-com-ana-diniz-2.jpg 720w, https:\/\/portalfloresnoar.com\/floresnoar\/wp-content\/uploads\/2020\/06\/aulas-de-canto-com-ana-diniz-2-200x300.jpg 200w, https:\/\/portalfloresnoar.com\/floresnoar\/wp-content\/uploads\/2020\/06\/aulas-de-canto-com-ana-diniz-2-467x700.jpg 467w\" sizes=\"(max-width: 238px) 100vw, 238px\" \/>A cantora, compositora, atriz e dan\u00e7arina Ana Diniz est\u00e1 oferecendo Aulas On-line de Canto Natural. Cada aula tem dura\u00e7\u00e3o de uma hora.<\/p>\n<p>Nas aulas, a express\u00e3o do canto natural \u00e9 facilitada a partir de exerc\u00edcios b\u00e1sicos para o aquecimento vocal, a descoberta da voz natural, a compreens\u00e3o de alguns elementos da m\u00fasica e a conex\u00e3o do canto com a alma.<\/p>\n<p>&#8220;O canto me cura, me conecta. Atrav\u00e9s dos exerc\u00edcios amplio meu potencial de receber e distribuir essa energia m\u00e1gica e pr\u00f3pria de cada can\u00e7\u00e3o, acredito que \u00e9 alta tecnologia. Me emociona ver e ouvir algu\u00e9m, que dizia n\u00e3o saber ou n\u00e3o conseguir cantar, soltar a voz e acreditar em si mesma, se fortalecer, se encontrar. Isso que alegra a nossa miss\u00e3o de facilitar a felicidade das pessoas atrav\u00e9s do ensino da arte. Vamos cantar, sozinhos ou com nossa tribo, todos os dias&#8221;, convida Ana Diniz.<\/p>\n<p>A artista possui dois cds autorais e tem experi\u00eancia de 30 anos de palco, entre dan\u00e7a, m\u00fasica, teatro, rodas de coco e maracatus.<\/p>\n<p><strong>Valor da aula on-line, com dura\u00e7\u00e3o de 1 hora:<\/strong> 25,00<\/p>\n<p><strong>Inscri\u00e7\u00f5es e mais informa\u00e7\u00f5es:<\/strong> (73) 99957.3808<\/p>\n","protected":false},"excerpt":{"rendered":"<p>A cantora, compositora, atriz e dan\u00e7arina Ana Diniz est\u00e1 oferecendo Aulas On-line de Canto Natural. Cada aula tem dura\u00e7\u00e3o de uma hora. Nas aulas, a express\u00e3o do canto natural \u00e9 facilitada a partir de exerc\u00edcios b\u00e1sicos para o aquecimento vocal, a descoberta da voz natural, a compreens\u00e3o de alguns elementos da m\u00fasica e a conex\u00e3o [&hellip;]<\/p>\n","protected":false},"author":1,"featured_media":38201,"comment_status":"open","ping_status":"open","sticky":false,"template":"","format":"standard","meta":{"om_disable_all_campaigns":false,"_monsterinsights_skip_tracking":false,"_monsterinsights_sitenote_active":false,"_monsterinsights_sitenote_note":"","_monsterinsights_sitenote_category":0,"footnotes":""},"categories":[8,224,214],"tags":[44,345,942,943,314,244,577,922,303],"acf":[],"publishpress_future_action":{"enabled":false,"date":"1969-12-31 21:00:00","action":"","terms":[],"taxonomy":"","browser_timezone_offset":0},"_links":{"self":[{"href":"https:\/\/portalfloresnoar.com\/floresnoar\/wp-json\/wp\/v2\/posts\/38200"}],"collection":[{"href":"https:\/\/portalfloresnoar.com\/floresnoar\/wp-json\/wp\/v2\/posts"}],"about":[{"href":"https:\/\/portalfloresnoar.com\/floresnoar\/wp-json\/wp\/v2\/types\/post"}],"author":[{"embeddable":true,"href":"https:\/\/portalfloresnoar.com\/floresnoar\/wp-json\/wp\/v2\/users\/1"}],"replies":[{"embeddable":true,"href":"https:\/\/portalfloresnoar.com\/floresnoar\/wp-json\/wp\/v2\/comments?post=38200"}],"version-history":[{"count":0,"href":"https:\/\/portalfloresnoar.com\/floresnoar\/wp-json\/wp\/v2\/posts\/38200\/revisions"}],"wp:featuredmedia":[{"embeddable":true,"href":"https:\/\/portalfloresnoar.com\/floresnoar\/wp-json\/wp\/v2\/media\/38201"}],"wp:attachment":[{"href":"https:\/\/portalfloresnoar.com\/floresnoar\/wp-json\/wp\/v2\/media?parent=38200"}],"wp:term":[{"taxonomy":"category","embeddable":true,"href":"https:\/\/portalfloresnoar.com\/floresnoar\/wp-json\/wp\/v2\/categories?post=38200"},{"taxonomy":"post_tag","embeddable":true,"href":"https:\/\/portalfloresnoar.com\/floresnoar\/wp-json\/wp\/v2\/tags?post=38200"}],"curies":[{"name":"wp","href":"https:\/\/api.w.org\/{rel}","templated":true}]}}