

{"id":38136,"date":"2020-02-14T15:00:24","date_gmt":"2020-02-14T18:00:24","guid":{"rendered":"http:\/\/portalfloresnoar.com\/floresnoar\/?p=38136"},"modified":"2020-05-19T10:33:40","modified_gmt":"2020-05-19T13:33:40","slug":"agenda-jornada-florescer-na-quarentena-tem-inicio-no-dia-165-com-jeanne-duarte","status":"publish","type":"post","link":"https:\/\/portalfloresnoar.com\/floresnoar\/agenda-jornada-florescer-na-quarentena-tem-inicio-no-dia-165-com-jeanne-duarte\/","title":{"rendered":"[AGENDA] Jornada &#8216;Florescer na Quarentena&#8217; tem in\u00edcio no dia 16\/5, com Jeanne Duarte"},"content":{"rendered":"<p><img decoding=\"async\" loading=\"lazy\" class=\"aligncenter wp-image-38137\" src=\"http:\/\/portalfloresnoar.com\/floresnoar\/wp-content\/uploads\/2020\/05\/jornada-quarentena.jpg\" alt=\"\" width=\"601\" height=\"601\" srcset=\"https:\/\/portalfloresnoar.com\/floresnoar\/wp-content\/uploads\/2020\/05\/jornada-quarentena.jpg 720w, https:\/\/portalfloresnoar.com\/floresnoar\/wp-content\/uploads\/2020\/05\/jornada-quarentena-150x150.jpg 150w, https:\/\/portalfloresnoar.com\/floresnoar\/wp-content\/uploads\/2020\/05\/jornada-quarentena-300x300.jpg 300w, https:\/\/portalfloresnoar.com\/floresnoar\/wp-content\/uploads\/2020\/05\/jornada-quarentena-700x700.jpg 700w, https:\/\/portalfloresnoar.com\/floresnoar\/wp-content\/uploads\/2020\/05\/jornada-quarentena-100x100.jpg 100w\" sizes=\"(max-width: 601px) 100vw, 601px\" \/><\/p>\n<p>A terapeuta Jeanne Duare realiza a partir do dia 16 de maio (s\u00e1bado) a Jornada \u201cFlorescer na Quarentena: o que a ansiedade e o medo tem a nos dizer\u201d. Ser\u00e3o tr\u00eas encontros aos s\u00e1bados (dias 16, 23 e 30 de maio de 2020) no hor\u00e1rio das 15h30h \u00e0s 17h, via <a href=\"https:\/\/zoom.us\/pt-pt\/freesignup.html\" target=\"_blank\" rel=\"noopener\">Zoom<\/a> (plataforma digital de videoconfer\u00eancia)<\/p>\n<p>CONTE\u00daDO DA JORNADA:<\/p>\n<p>&#x1f539;No primeiro encontro, o QUEM SOU EU, n\u00f3s vamos transitar por temas como: o que \u00e9 a morte; o que morre; o que \u00e9 a vida; quem vive atrav\u00e9s de mim; o como viver sintonizado e amparado por uma compreens\u00e3o maior, a fim de olhar, curar e sanar dores, como medo e ansiedade em rela\u00e7\u00e3o \u00e0 morte, nessa fase de pandemia, e ressignifica\u00e7\u00e3o agora da vida.<\/p>\n<p>&#x1f539;No segundo encontro, o QUAL \u00c9 O MEU PROP\u00d3SITO, n\u00f3s vamos olhar para: qual \u00e9 o objetivo geral da nossa vida (da vida de todos); existe um prop\u00f3sito individual ? Como descobrir? Como compreender o tempo ( passado, presente , futuro,) numa perspectiva mais elevada; como sair da sensa\u00e7\u00e3o de me sentir perdido (a)!!<\/p>\n<p>&#x1f539;No terceiro encontro, QUAL \u00c9 O CAMINHO, vamos abrir compress\u00e3o para: viver e se sentir com Liberdade, com Criatividade, com conex\u00e3o consigo, com as pessoas, com a natureza e com o universo; para superar a sensa\u00e7\u00e3o de isolamento, nessa quarentena (e na vida)!<\/p>\n<p>&#8220;Todos os encontros ter\u00e3o conte\u00fado e pr\u00e1tica (e ainda farei pr\u00e1ticas de Thetahealing e outras ferramentas para ancorar, no grupo, energias e sensa\u00e7\u00f5es expansivas ); vamos conversar, tirar d\u00favidas e receber novas informa\u00e7\u00f5es&#8221;, informa Jeanne.<\/p>\n<p><strong>Valor de troca:<\/strong> R$ 150,00,\u00a0 (incluindo os tr\u00eas encontros)<\/p>\n<p><em>Obs.: No caso de pessoas que est\u00e3o enfrentando per\u00edodos de forte escassez, entrar em contato com Jeanne, pois haver\u00e1 algumas vagas\u00a0para contribui\u00e7\u00e3o consciente.<\/em><\/p>\n<p><strong>INSCRI\u00c7\u00d5ES E MAIS INFORMA\u00c7\u00d5ES<\/strong><br \/>\n(81) 993344135 (WhatsApp)<\/p>\n<p><em>Veja tamb\u00e9m:\u00a0<\/em><\/p>\n<p><strong><a href=\"http:\/\/portalfloresnoar.com\/floresnoar\/agenda-atendimentos-terapeuticos-online-com-jeanne-duarte\/\" target=\"_blank\" rel=\"noopener\">ATENDIMENTOS TERAP\u00caUTICOS ONLINE COM JEANNE DUARTE<\/a><\/strong><\/p>\n","protected":false},"excerpt":{"rendered":"<p>A terapeuta Jeanne Duare realiza a partir do dia 16 de maio (s\u00e1bado) a Jornada \u201cFlorescer na Quarentena: o que a ansiedade e o medo tem a nos dizer\u201d. Ser\u00e3o tr\u00eas encontros aos s\u00e1bados (dias 16, 23 e 30 de maio de 2020) no hor\u00e1rio das 15h30h \u00e0s 17h, via Zoom (plataforma digital de videoconfer\u00eancia) [&hellip;]<\/p>\n","protected":false},"author":1,"featured_media":38138,"comment_status":"open","ping_status":"open","sticky":false,"template":"","format":"standard","meta":{"om_disable_all_campaigns":false,"_monsterinsights_skip_tracking":false,"_monsterinsights_sitenote_active":false,"_monsterinsights_sitenote_note":"","_monsterinsights_sitenote_category":0,"footnotes":""},"categories":[8,214],"tags":[136,938,850,936,286],"acf":[],"publishpress_future_action":{"enabled":false,"date":"1969-12-31 21:00:00","action":"","terms":[],"taxonomy":"","browser_timezone_offset":0},"_links":{"self":[{"href":"https:\/\/portalfloresnoar.com\/floresnoar\/wp-json\/wp\/v2\/posts\/38136"}],"collection":[{"href":"https:\/\/portalfloresnoar.com\/floresnoar\/wp-json\/wp\/v2\/posts"}],"about":[{"href":"https:\/\/portalfloresnoar.com\/floresnoar\/wp-json\/wp\/v2\/types\/post"}],"author":[{"embeddable":true,"href":"https:\/\/portalfloresnoar.com\/floresnoar\/wp-json\/wp\/v2\/users\/1"}],"replies":[{"embeddable":true,"href":"https:\/\/portalfloresnoar.com\/floresnoar\/wp-json\/wp\/v2\/comments?post=38136"}],"version-history":[{"count":0,"href":"https:\/\/portalfloresnoar.com\/floresnoar\/wp-json\/wp\/v2\/posts\/38136\/revisions"}],"wp:featuredmedia":[{"embeddable":true,"href":"https:\/\/portalfloresnoar.com\/floresnoar\/wp-json\/wp\/v2\/media\/38138"}],"wp:attachment":[{"href":"https:\/\/portalfloresnoar.com\/floresnoar\/wp-json\/wp\/v2\/media?parent=38136"}],"wp:term":[{"taxonomy":"category","embeddable":true,"href":"https:\/\/portalfloresnoar.com\/floresnoar\/wp-json\/wp\/v2\/categories?post=38136"},{"taxonomy":"post_tag","embeddable":true,"href":"https:\/\/portalfloresnoar.com\/floresnoar\/wp-json\/wp\/v2\/tags?post=38136"}],"curies":[{"name":"wp","href":"https:\/\/api.w.org\/{rel}","templated":true}]}}