

{"id":38077,"date":"2020-04-29T12:11:50","date_gmt":"2020-04-29T15:11:50","guid":{"rendered":"http:\/\/portalfloresnoar.com\/floresnoar\/?p=38077"},"modified":"2022-02-22T13:16:38","modified_gmt":"2022-02-22T16:16:38","slug":"canto-de-lu-a-passagem-de-meu-pai","status":"publish","type":"post","link":"https:\/\/portalfloresnoar.com\/floresnoar\/canto-de-lu-a-passagem-de-meu-pai\/","title":{"rendered":"[CANTO DE LU] A Passagem de meu pai"},"content":{"rendered":"<figure id=\"attachment_38078\" aria-describedby=\"caption-attachment-38078\" style=\"width: 414px\" class=\"wp-caption alignnone\"><img decoding=\"async\" loading=\"lazy\" class=\"wp-image-38078 size-full\" src=\"http:\/\/portalfloresnoar.com\/floresnoar\/wp-content\/uploads\/2020\/04\/eu-e-painho.jpeg\" alt=\"\" width=\"414\" height=\"596\" srcset=\"https:\/\/portalfloresnoar.com\/floresnoar\/wp-content\/uploads\/2020\/04\/eu-e-painho.jpeg 414w, https:\/\/portalfloresnoar.com\/floresnoar\/wp-content\/uploads\/2020\/04\/eu-e-painho-208x300.jpeg 208w\" sizes=\"(max-width: 414px) 100vw, 414px\" \/><figcaption id=\"caption-attachment-38078\" class=\"wp-caption-text\">Eu e painho. Bras\u00edlia, 1973.<\/figcaption><\/figure>\n<p>| <em>Por Lu Rabelo*<\/em> |<br \/>\n(17\/4\/2020)<\/p>\n<p>Resisto. Sinto medo de escrever. Sinto medo da saudade.<\/p>\n<p>Mas hoje &#8211; 44 dias depois que ele partiu desta dimens\u00e3o &#8211; meu filho Ravi lembrou dele alegre, cantarolando \u201cRavioli foi pra festa, no dia de S\u00e3o Jos\u00e9, l\u00e1 na festa Ravioli, queria tomar caf\u00e9\u201d, e me senti inspirada a escrever. Painho adorava cantarolar. Era ele feliz! Batendo a bengala no ch\u00e3o, com andar pesado e manso\u2026<\/p>\n<p>Mansid\u00e3o que o faz parecer Santo.<\/p>\n<p>Que Bela hist\u00f3ria o senhor tem, painho. Quanta Valentia, Coragem, Entrega, Confian\u00e7a, F\u00e9, Prote\u00e7\u00e3o, Amor. Como sou grata em t\u00ea-lo como Pai!<\/p>\n<p>Ontem foi o anivers\u00e1rio de mainha. 84 anos. Ela l\u00e1 e eu c\u00e1, neste necess\u00e1rio isolamento. Ai, mainha, tantas mortes j\u00e1 vives.<\/p>\n<p>Quando painho foi l\u00e1 pra esse lugar que eu n\u00e3o sei bem o nome, tive a clareza que ele e mainha s\u00e3o as pessoas que mais me protegem, me amam, nesta Terra. Muito forte sentir isso. O desafio agora \u00e9 como estar na Terra sem painho. E agradecer a todo instante por mainha estar aqui e com sa\u00fade.<\/p>\n<p>Painho preparou a gente e se preparou pra Passagem. Foram quase dois anos de cama. N\u00e3o reclamava. Sobre coisas grandes da vida, painho n\u00e3o reclamava. S\u00f3 quando a gente deixava a porta de casa destrancada, ou mainha esquecia a bolsa aberta no supermercado, coisas assim.<\/p>\n<p>Poeta, professor, rezador, ilustre orador.<\/p>\n<p>Trabalhador. Painho adorava trabalhar. E trabalhou e estudou muito, desde cedo. Ajudou a fundar o Gin\u00e1sio C\u00f4nego Torres, em Serra Talhada, onde, enfim, p\u00f4de iniciar o estudo do gin\u00e1sio, com mais de 20 anos de idade.<\/p>\n<p>Jos\u00e9 Alves de Oliveira. Nasceu num vilarejo chamado Santa Maria (Tupanaci), guardado por Nossa Senhora da Concei\u00e7\u00e3o, em Mirandiba, Sert\u00e3o do Paje\u00fa pernambucano. Filho de Vov\u00f3-papai, ele, Z\u00e9 de Joana. Vov\u00f3-papai era cachimbeira, negra-\u00edndia. Joana Luiza de Jesus. Creio que ela vem do povo Pankar\u00e1, l\u00e1 da Serra do Arapu\u00e1.<\/p>\n<p>Painho adorava contar hist\u00f3rias e as contava bem. E tinha muitas, dele, e tamb\u00e9m do povo engra\u00e7ado e s\u00e1bio do Sert\u00e3o.<\/p>\n<p>Gosto de uma dele em que um homem, l\u00e1 pelos anos 40, comprou uma feira de alimentos a painho (quando ele trabalhava numa venda), mas n\u00e3o p\u00f4de pagar. Mais de 50 anos depois, painho foi procurado pelo filho dele (do homem) que veio saldar a d\u00edvida em nome do pai, pois que o pai, antes de morrer, o recomendou que o fizesse. Coisa linda!<\/p>\n<p>Um dos momentos mais emocionantes desse tempo que painho ficou de cama, foi quando ele, ap\u00f3s contar algumas hist\u00f3rias, disse, chorando: \u201cEu sempre gostei de pobre\u201d.<\/p>\n<p>Ele, que foi ajudado, e tanto ajudou. Fez hist\u00f3ria no Banco do Brasil e Bandepe.<\/p>\n<p>Sinto saudade de cheirar a careca dele.<\/p>\n<p>O findar do sofrimento f\u00edsico, nos alenta, mas ao ver o corpo dele sem vida, quis acord\u00e1-lo.<\/p>\n<p>Ainda t\u00f4 meio perdida.<\/p>\n<p>Me vem \u00e0 lembran\u00e7a um dos \u00faltimos reveillon que passamos juntos, na beira-mar, em Serrambi, no momento da passagem do ano, ele sentado do meu lado, em sil\u00eancio, acariciando minha m\u00e3o.<\/p>\n<p>Ap\u00f3s a missa de s\u00e9timo dia de painho, come\u00e7ou o isolamento social. E o Brasil, assim, com um monstro na presid\u00eancia.<\/p>\n<p>No vel\u00f3rio, parecia que tudo era cena de filme. Eu na beira do caix\u00e3o de painho. Mainha, forte e de dar pena. Fernando, lavado de suor. J\u00fanior, se apoiando na bengala de painho. Cl\u00e1udia, conseguindo chorar. E Jos\u00e9 Vicente, o beb\u00ea da fam\u00edlia, neto de Silvana, querendo ir pro centro do Ritual.<\/p>\n<p>Enquanto isso, Vaquinha, minha cachorrinha xod\u00f3, doente, acometida por um v\u00edrus (cinomose). Quinha tamb\u00e9m morreu. Ela me ajudou tanto nos primeiros dias do luto de painho. Cuidar dela foi t\u00e3o importante. Tanto amor! Sou t\u00e3o grata a tu, minha bonequinha!<\/p>\n<p>Tantas mudan\u00e7as, dentro e fora.<\/p>\n<p>T\u00f4 de luto, t\u00f4 isolada, mas bem grata por termos o Sol, a Chuva, a Terra, o C\u00e9u, as Estrelas, a Lua, os bichos, a fam\u00edlia, e comida.<\/p>\n<p>No mais, \u00e9 Poesia, Dan\u00e7a, Can\u00e7\u00e3o.<\/p>\n<p>Ps: Uns versos que fiz de presente de dia dos pais pra painho, em 2007:<\/p>\n<p>A vida comigo \u00e9 boa<br \/>\nS\u00f3 tenho a agradecer<br \/>\nPois ela me fez nascer<br \/>\nFilha de grande pessoa<br \/>\nUm Sol que em mim ressoa<br \/>\nIrradiando harmonia,<br \/>\nPureza, amor, alegria<br \/>\nIsso tudo ele me traz<br \/>\nSeguran\u00e7a, vida e paz<br \/>\nVerdade, luz, valentia.<\/p>\n<p>Eu acho que \u00e9 um Santo<br \/>\nEnviado pelo C\u00e9u<br \/>\nPra ele tiro o chap\u00e9u<br \/>\nE demonstro meu encanto<br \/>\nDan\u00e7o, brinco, oro, canto<br \/>\nLouvando t\u00e3o lindo Ser<br \/>\nQue em n\u00f3s faz florescer<br \/>\nSabedoria, bondade<br \/>\nLucidez e humildade<br \/>\nNos caminhos do viver<\/p>\n<p>Veio l\u00e1 do meu Sert\u00e3o<br \/>\nNasceu da Deusa Joana<br \/>\nGerou a alegre Silvana<br \/>\n\u00c9 o Pai da gera\u00e7\u00e3o<br \/>\n\u00c9 a nossa prote\u00e7\u00e3o<br \/>\nJunto \u00e0 luz de Carminha<br \/>\nCom ela, ele aninha<br \/>\nFilhos, netos e amigos<br \/>\ns\u00e3o verdadeiros abrigos<br \/>\nnunca me sinto sozinha.<\/p>\n<p>O que tenho a lhe ofertar<br \/>\nS\u00e3o meus versos, minha Poesia,<br \/>\nRavi, Luana, minhas crias<br \/>\nO meu Sol e o meu Luar!<\/p>\n<p><em>* Lu Rabelo\u00a0\u00e9\u00a0<a href=\"https:\/\/www.facebook.com\/cantadeiralu\" target=\"_blank\" rel=\"noopener\">cantadeira<\/a>,\u00a0<a href=\"https:\/\/www.instagram.com\/jardimarteterapeutico\/\" target=\"_blank\" rel=\"noopener\">arteterapeuta<\/a>, jornalista e editora do\u00a0<a href=\"http:\/\/portalfloresnoar.com\/\" target=\"_blank\" rel=\"noopener\">Portal Flores no Ar.<\/a><\/em><\/p>\n","protected":false},"excerpt":{"rendered":"<p>| Por Lu Rabelo* | (17\/4\/2020) Resisto. Sinto medo de escrever. Sinto medo da saudade. Mas hoje &#8211; 44 dias depois que ele partiu desta dimens\u00e3o &#8211; meu filho Ravi lembrou dele alegre, cantarolando \u201cRavioli foi pra festa, no dia de S\u00e3o Jos\u00e9, l\u00e1 na festa Ravioli, queria tomar caf\u00e9\u201d, e me senti inspirada a [&hellip;]<\/p>\n","protected":false},"author":1,"featured_media":38079,"comment_status":"open","ping_status":"open","sticky":false,"template":"","format":"standard","meta":{"om_disable_all_campaigns":false,"_monsterinsights_skip_tracking":false,"_monsterinsights_sitenote_active":false,"_monsterinsights_sitenote_note":"","_monsterinsights_sitenote_category":0,"footnotes":""},"categories":[227,220],"tags":[499,19,138,928],"acf":[],"publishpress_future_action":{"enabled":false,"date":"1969-12-31 21:00:00","action":"","terms":[],"taxonomy":"","browser_timezone_offset":0},"_links":{"self":[{"href":"https:\/\/portalfloresnoar.com\/floresnoar\/wp-json\/wp\/v2\/posts\/38077"}],"collection":[{"href":"https:\/\/portalfloresnoar.com\/floresnoar\/wp-json\/wp\/v2\/posts"}],"about":[{"href":"https:\/\/portalfloresnoar.com\/floresnoar\/wp-json\/wp\/v2\/types\/post"}],"author":[{"embeddable":true,"href":"https:\/\/portalfloresnoar.com\/floresnoar\/wp-json\/wp\/v2\/users\/1"}],"replies":[{"embeddable":true,"href":"https:\/\/portalfloresnoar.com\/floresnoar\/wp-json\/wp\/v2\/comments?post=38077"}],"version-history":[{"count":0,"href":"https:\/\/portalfloresnoar.com\/floresnoar\/wp-json\/wp\/v2\/posts\/38077\/revisions"}],"wp:featuredmedia":[{"embeddable":true,"href":"https:\/\/portalfloresnoar.com\/floresnoar\/wp-json\/wp\/v2\/media\/38079"}],"wp:attachment":[{"href":"https:\/\/portalfloresnoar.com\/floresnoar\/wp-json\/wp\/v2\/media?parent=38077"}],"wp:term":[{"taxonomy":"category","embeddable":true,"href":"https:\/\/portalfloresnoar.com\/floresnoar\/wp-json\/wp\/v2\/categories?post=38077"},{"taxonomy":"post_tag","embeddable":true,"href":"https:\/\/portalfloresnoar.com\/floresnoar\/wp-json\/wp\/v2\/tags?post=38077"}],"curies":[{"name":"wp","href":"https:\/\/api.w.org\/{rel}","templated":true}]}}