

{"id":38050,"date":"2020-04-22T12:58:38","date_gmt":"2020-04-22T15:58:38","guid":{"rendered":"http:\/\/portalfloresnoar.com\/floresnoar\/?p=38050"},"modified":"2023-08-01T11:26:39","modified_gmt":"2023-08-01T14:26:39","slug":"haroldo-barros-o-sol-entra-em-touro","status":"publish","type":"post","link":"https:\/\/portalfloresnoar.com\/floresnoar\/haroldo-barros-o-sol-entra-em-touro\/","title":{"rendered":"[HAROLDO BARROS] O Sol entra em Touro"},"content":{"rendered":"<p>|\u00a0<em><a href=\"https:\/\/haroldobarros.wordpress.com\/\" target=\"_blank\" rel=\"noopener\">Por Haroldo Barros<\/a>\u00a0<\/em>|<\/p>\n<p>No domingo, 19 de Abril de 2020, o astro-rei adentrou o signo de Touro, inaugurando um ciclo em que a<br \/>\nconsci\u00eancia nos convida a perceber a forma das coisas.<\/p>\n<p>Associado ao animal que, nos prim\u00f3rdios da civiliza\u00e7\u00e3o, ajudou o homem a arar a terra, o signo de Touro nos fala das f\u00f4rmas e formas que os seres tomam em sua manifesta\u00e7\u00e3o no plano material, a fim de bem cumprir sua miss\u00e3o. Observe-se que essa forma externa pode variar, permanecendo imut\u00e1vel, por\u00e9m, a subst\u00e2ncia interior.<\/p>\n<p>Do ponto de vista filos\u00f3fico, subst\u00e2ncia (do latim <em>substantia<\/em>) \u00e9 o que h\u00e1 de permanente nas coisas que mudam, o suporte sempre id\u00eantico das sucessivas qualidades resultantes das transforma\u00e7\u00f5es. Uma subst\u00e2ncia pode apresentar-se sob diversas caracter\u00edsticas, que s\u00e3o os elementos individualizadores de um determinado ser.<\/p>\n<p>Podemos resumir dizendo que a subst\u00e2ncia \u00e9 essencial e a caracter\u00edstica \u00e9 acidental.<\/p>\n<p>Existe na Qu\u00edmica um conceito an\u00e1logo, talvez at\u00e9 diretamente relacionado, referente a um fen\u00f4meno denominado alotropia, que se define como sendo a possibilidade de um mesmo elemento se apresentar sob diversos formatos, designados estados alotr\u00f3picos. Os \u00e1tomos do elemento Carbono, por exemplo, podem assumir v\u00e1rias estruturas cristalinas, ao agrupar-se, gerando diferentes manifesta\u00e7\u00f5es f\u00edsico-qu\u00edmicas.<\/p>\n<p>Resultado: dependendo da forma como os \u00e1tomos se agruparam, o Carbono pode se apresentar tanto como carv\u00e3o ou grafite, quanto como diamante!!!<\/p>\n<p>Parece incr\u00edvel que o material mais duro que a ci\u00eancia conhece at\u00e9 hoje (o diamante) e um outro, t\u00e3o male\u00e1vel (o grafite) que, em contato com uma folha de papel, deixa rastros, fragmentos de si mesmo, s\u00e3o compostos, em ess\u00eancia, da mesma subst\u00e2ncia (embora com caracter\u00edsticas individuais marcadamente diferentes)!!!<\/p>\n<p>Utilizando esses conceitos da Filosofia e da Qu\u00edmica como ilustra\u00e7\u00e3o e trazendo-os para a nossa vida pr\u00e1tica, podemos perguntar: que formas caracter\u00edsticas voc\u00ea est\u00e1 escolhendo para a manifesta\u00e7\u00e3o de sua ess\u00eancia neste mundo? Tem sido uma forma adequada, eficiente e agrad\u00e1vel ou fora de foco, ineficiente e ma\u00e7ante? Voc\u00ea tem optado por vestir a f\u00f4rma do bom guerreiro, heroico e combativo, que sabe o que quer e aprende com as li\u00e7\u00f5es da vida ou encarnar o pobre-coitado, sempre v\u00edtima das circunst\u00e2ncias e que anseia que algu\u00e9m ou algo o salve do mundo?<\/p>\n<p>Durante a estada do Sol em Touro, que ir\u00e1 estender-se at\u00e9 o dia 21 de Maio (quando o Sol adentra o signo de G\u00eameos), o Cosmos nos convida a repensar a forma que estamos imprimindo \u00e0 nossa subst\u00e2ncia.<\/p>\n<p>Importante notar que, logo ap\u00f3s entrar em Touro, o Sol far\u00e1 conjun\u00e7\u00e3o com Urano, for\u00e7ando voc\u00ea a uma reflex\u00e3o, aparentemente simplista, por\u00e9m muito eficiente, em termos de mudan\u00e7a de atitude: voc\u00ea tem sido parte do problema ou parte da solu\u00e7\u00e3o, ao longo de sua vida? Essa escolha pode ser o determinante da diferen\u00e7a entre felicidade e infelicidade, sa\u00fade ou doen\u00e7a, prosperidade ou mis\u00e9ria. Especialmente nestes tempos de isolamento social e pandemia, fique atento aos pensamentos e sobretudo atitudes que plasmar\u00e3o a sua realidade p\u00f3s-pandemia.<\/p>\n<p>E sempre com o aval de nosso supremo livre-arb\u00edtrio.<\/p>\n<p>Desejamos a todos os nossos amigos e leitores taurinos uma feliz celebra\u00e7\u00e3o de anivers\u00e1rio!<\/p>\n<p>Como reflex\u00e3o, a paulada filos\u00f3fica de George Bernard Shaw, escritor, critico, teatr\u00f3logo irland\u00eas:<\/p>\n<p>&#8220;A vida \u00e9 uma pedra de amolar. Ela vos desgasta ou vos afia, dependendo do material de que sois feitos.&#8221;<\/p>\n","protected":false},"excerpt":{"rendered":"<p>|\u00a0Por Haroldo Barros\u00a0| No domingo, 19 de Abril de 2020, o astro-rei adentrou o signo de Touro, inaugurando um ciclo em que a consci\u00eancia nos convida a perceber a forma das coisas. Associado ao animal que, nos prim\u00f3rdios da civiliza\u00e7\u00e3o, ajudou o homem a arar a terra, o signo de Touro nos fala das f\u00f4rmas [&hellip;]<\/p>\n","protected":false},"author":1,"featured_media":32897,"comment_status":"open","ping_status":"open","sticky":false,"template":"","format":"standard","meta":{"om_disable_all_campaigns":false,"_monsterinsights_skip_tracking":false,"_monsterinsights_sitenote_active":false,"_monsterinsights_sitenote_note":"","_monsterinsights_sitenote_category":0,"footnotes":""},"categories":[10],"tags":[499,18,1388,786,787],"acf":[],"publishpress_future_action":{"enabled":false,"date":"1969-12-31 21:00:00","action":"","terms":[],"taxonomy":"","browser_timezone_offset":0},"_links":{"self":[{"href":"https:\/\/portalfloresnoar.com\/floresnoar\/wp-json\/wp\/v2\/posts\/38050"}],"collection":[{"href":"https:\/\/portalfloresnoar.com\/floresnoar\/wp-json\/wp\/v2\/posts"}],"about":[{"href":"https:\/\/portalfloresnoar.com\/floresnoar\/wp-json\/wp\/v2\/types\/post"}],"author":[{"embeddable":true,"href":"https:\/\/portalfloresnoar.com\/floresnoar\/wp-json\/wp\/v2\/users\/1"}],"replies":[{"embeddable":true,"href":"https:\/\/portalfloresnoar.com\/floresnoar\/wp-json\/wp\/v2\/comments?post=38050"}],"version-history":[{"count":0,"href":"https:\/\/portalfloresnoar.com\/floresnoar\/wp-json\/wp\/v2\/posts\/38050\/revisions"}],"wp:featuredmedia":[{"embeddable":true,"href":"https:\/\/portalfloresnoar.com\/floresnoar\/wp-json\/wp\/v2\/media\/32897"}],"wp:attachment":[{"href":"https:\/\/portalfloresnoar.com\/floresnoar\/wp-json\/wp\/v2\/media?parent=38050"}],"wp:term":[{"taxonomy":"category","embeddable":true,"href":"https:\/\/portalfloresnoar.com\/floresnoar\/wp-json\/wp\/v2\/categories?post=38050"},{"taxonomy":"post_tag","embeddable":true,"href":"https:\/\/portalfloresnoar.com\/floresnoar\/wp-json\/wp\/v2\/tags?post=38050"}],"curies":[{"name":"wp","href":"https:\/\/api.w.org\/{rel}","templated":true}]}}