

{"id":38038,"date":"2020-04-12T09:58:28","date_gmt":"2020-04-12T12:58:28","guid":{"rendered":"http:\/\/portalfloresnoar.com\/floresnoar\/?p=38038"},"modified":"2023-08-01T11:28:36","modified_gmt":"2023-08-01T14:28:36","slug":"haroldo-barros-os-astros-e-a-pascoa","status":"publish","type":"post","link":"https:\/\/portalfloresnoar.com\/floresnoar\/haroldo-barros-os-astros-e-a-pascoa\/","title":{"rendered":"[HAROLDO BARROS] Os Astros e a P\u00e1scoa"},"content":{"rendered":"<p><img decoding=\"async\" loading=\"lazy\" class=\"aligncenter wp-image-32725\" src=\"http:\/\/portalfloresnoar.com\/floresnoar\/wp-content\/uploads\/2014\/04\/pascoa_foto-free-pxhere.jpg\" alt=\"\" width=\"530\" height=\"293\" srcset=\"https:\/\/portalfloresnoar.com\/floresnoar\/wp-content\/uploads\/2014\/04\/pascoa_foto-free-pxhere.jpg 720w, https:\/\/portalfloresnoar.com\/floresnoar\/wp-content\/uploads\/2014\/04\/pascoa_foto-free-pxhere-300x166.jpg 300w, https:\/\/portalfloresnoar.com\/floresnoar\/wp-content\/uploads\/2014\/04\/pascoa_foto-free-pxhere-700x388.jpg 700w, https:\/\/portalfloresnoar.com\/floresnoar\/wp-content\/uploads\/2014\/04\/pascoa_foto-free-pxhere-672x372.jpg 672w\" sizes=\"(max-width: 530px) 100vw, 530px\" \/><\/p>\n<pre>Por Haroldo Barros\r\nhttp:\/\/haroldobarros.wordpress.com\/<\/pre>\n<p><strong>\u00a0\u201cTiming\u201d Celestial das Festas Crist\u00e3s<\/strong><\/p>\n<p style=\"text-align: left;\" align=\"center\">Pouca gente conhece, inclusive dentro da pr\u00f3pria Cristandade, \u00a0a f\u00f3rmula pela qual se calculam as festas m\u00f3veis, no calend\u00e1rio crist\u00e3o. E a maioria das pessoas se mostra muito surpresa, para n\u00e3o dizer estupefata, ao descobrir que a marca\u00e7\u00e3o desse calend\u00e1rio, ou seja, que o \u201ctiming\u201d das festas crist\u00e3s est\u00e1 absolutamente impregnado de s\u00edmbolos astrol\u00f3gicos.<\/p>\n<p>E o ponto de partida \u00e9 a Pascoa, a\u00a0<i>Festum Festorum<\/i>, ou seja, a maior, a festa das festas da tradi\u00e7\u00e3o crist\u00e3.<\/p>\n<p>O Domingo de P\u00e1scoa \u00e9 o primeiro Domingo ap\u00f3s a primeira Lua Cheia depois da entrada do Sol no signo de \u00c1ries, ou seja, do Equin\u00f3cio de Outono (para o Hemisf\u00e9rio Sul; para o Hemisf\u00e9rio Norte, essa data corresponde ao Equin\u00f3cio de Primavera).<\/p>\n<p>Debulhando: ap\u00f3s o Equin\u00f3cio, que ocorre em torno do dia 20 ou 21 de Mar\u00e7o, espere a primeira Lua Cheia; ap\u00f3s essa Lua Cheia, o primeiro Domingo ser\u00e1 o Domingo de P\u00e1scoa.<\/p>\n<p>Ora, o Equin\u00f3cio ocorreu no dia 20 de Mar\u00e7o. A Lua Cheia aconteceu no dia 7 de Abril, ter\u00e7a-feira passada. Portanto, o pr\u00f3ximo Domingo, \u00e9 o Domingo de P\u00e1scoa.<\/p>\n<p>E quando acontece o Carnaval?<\/p>\n<p>Quarenta dias antes!<\/p>\n<p>E esses quarenta dias s\u00e3o chamados de\u00a0<b>Quaresma<\/b>, \u00e9poca de reflex\u00e3o, medita\u00e7\u00e3o e penit\u00eancia, que preparam para a P\u00e1scoa.<\/p>\n<p style=\"text-align: left;\" align=\"center\"><b>Astros e S\u00edmbolos na P\u00e1scoa<\/b><\/p>\n<p>Observe-se que, do ponto de vista astrol\u00f3gico, o signo de \u00c1ries \u00e9 o primeiro do Zod\u00edaco e representa a ressurrei\u00e7\u00e3o do ano que se encerrou, a partir da aurora de um novo ciclo. Com a entrada do Sol em \u00c1ries se celebra, portanto, a Primavera c\u00f3smica. Note-se que a palavra\u00a0<i>primavera<\/i>\u00a0vem do latim \u201c<i>primus<\/i>\u201d + \u201c<i>veritas<\/i>\u201d, a \u201cprimeira verdade\u201d demonstrada pelo Zod\u00edaco, c\u00edrculo de grandes e universais verdades.<\/p>\n<p>Al\u00e9m disso, a correspond\u00eancia simb\u00f3lica do signo de \u00c1ries com o carneiro \u00e9 uma refer\u00eancia direta ao Cristo, o \u201cCordeiro\u201d, Aquele que tira o pecado do mundo.<\/p>\n<p>J\u00e1 a Lua Cheia que antecede o Domingo de P\u00e1scoa, a primeira do novo ano solar, pode ser analisada, simbolicamente, de tr\u00eas modos: primeiro, a Lua Cheia indica que o modo da intelig\u00eancia propriamente humana alcan\u00e7a o seu m\u00e1ximo, pois\u00a0cumpre integralmente sua fun\u00e7\u00e3o, que \u00e9 refletir o conhecimento espiritual, simbolizado pelo Sol. Numa mesma linha interpretativa, em segundo, a Lua Cheia representa os Ap\u00f3stolos, cuja fun\u00e7\u00e3o, igualmente, era refletir e reverberar a Luz do Cristo, simbolizado pelo Sol; em terceiro lugar, a Lua Cheia representa tamb\u00e9m a plenitude do materno, sua fecundidade e fertilidade, gera\u00e7\u00e3o e nascimento.<\/p>\n<p>Esse \u00e9 o conjunto de significados astrol\u00f3gicos, simb\u00f3licos e religiosos que entremeia os atributos crist\u00e3os da P\u00e1scoa, a festa principal, primeira e central da Igreja Crist\u00e3: de modo an\u00e1logo ao triunfo do Sol em \u00c1ries sobre a noite, a vit\u00f3ria do Cristo, sobre a morte e sobre o tempo, renova e regenera o antigo mundo e, como a Lua Cheia, engendra e inaugura uma nova vida.<\/p>\n<p>A posteriori, v\u00e1rios outros s\u00edmbolos foram se compondo simbolicamente ao redor desse significado central da festa e, dentre eles, um dos mais tradicionais \u00e9 o ovo da P\u00e1scoa. Como restri\u00e7\u00e3o alimentar da Quaresma proibia comer ovos, eles s\u00f3 voltavam a ser consumidos na refei\u00e7\u00e3o do Domingo de P\u00e1scoa.<\/p>\n<p>Nesse dia, pintados de cores vivas e alegres, simbolizavam a possibilidade de ressurrei\u00e7\u00e3o da Humanidade, ofertada a todos desde que Jesus ressurgiu dos mortos.<\/p>\n<p>O simbolismo do Ovo C\u00f3smico \u00e9 amplamente aceito por diversas tradi\u00e7\u00f5es. Na Cosmog\u00eanese segundo a Mitologia Grega, por exemplo, a uni\u00e3o da Noite (Nix) e do Caos, deuses primordiais, engendra um Ovo que, quando se rompe, faz surgir, da metade superior da casca, o c\u00e9u e da metade inferior, a Terra. E do seu \u00e2mago, surge Eros, o deus do Amor, o \u201cdesejo incoerc\u00edvel dos sentidos\u201d, o am\u00e1lgama do Universo.<\/p>\n<p>O ovo \u00e9, portanto, considerado como o recept\u00e1culo dos germes a partir dos quais se desenvolver\u00e1 a manifesta\u00e7\u00e3o, impregnado do Princ\u00edpio Universal, al\u00e9m de aparecer freq\u00fcentemente como um dos s\u00edmbolos mais evidentes da renova\u00e7\u00e3o peri\u00f3dica da natureza.<\/p>\n<p>Por isso, muitos povos antigos o viam como o melhor emblema da vida que germina no come\u00e7o da Primavera. O simbolismo do ovo reafirma, portanto, de modo muito claro e completo, as principais caracter\u00edsticas da P\u00e1scoa, enquanto celebra\u00e7\u00e3o da Vida e da Luz.<\/p>\n<p>Desejamos a todos os nossos amigos, clientes e leitores uma feliz celebra\u00e7\u00e3o de P\u00e1scoa.<\/p>\n<p>E \u00a0que a chama da consci\u00eancia cr\u00edstica possa arder eternamente nos cora\u00e7\u00f5es dos homens.<\/p>\n","protected":false},"excerpt":{"rendered":"<p>Por Haroldo Barros http:\/\/haroldobarros.wordpress.com\/ \u00a0\u201cTiming\u201d Celestial das Festas Crist\u00e3s Pouca gente conhece, inclusive dentro da pr\u00f3pria Cristandade, \u00a0a f\u00f3rmula pela qual se calculam as festas m\u00f3veis, no calend\u00e1rio crist\u00e3o. E a maioria das pessoas se mostra muito surpresa, para n\u00e3o dizer estupefata, ao descobrir que a marca\u00e7\u00e3o desse calend\u00e1rio, ou seja, que o \u201ctiming\u201d das [&hellip;]<\/p>\n","protected":false},"author":1,"featured_media":32725,"comment_status":"open","ping_status":"open","sticky":false,"template":"","format":"standard","meta":{"om_disable_all_campaigns":false,"_monsterinsights_skip_tracking":false,"_monsterinsights_sitenote_active":false,"_monsterinsights_sitenote_note":"","_monsterinsights_sitenote_category":0,"footnotes":""},"categories":[10],"tags":[499,18,1388,677,433],"acf":[],"publishpress_future_action":{"enabled":false,"date":"1969-12-31 21:00:00","action":"","terms":[],"taxonomy":"","browser_timezone_offset":0},"_links":{"self":[{"href":"https:\/\/portalfloresnoar.com\/floresnoar\/wp-json\/wp\/v2\/posts\/38038"}],"collection":[{"href":"https:\/\/portalfloresnoar.com\/floresnoar\/wp-json\/wp\/v2\/posts"}],"about":[{"href":"https:\/\/portalfloresnoar.com\/floresnoar\/wp-json\/wp\/v2\/types\/post"}],"author":[{"embeddable":true,"href":"https:\/\/portalfloresnoar.com\/floresnoar\/wp-json\/wp\/v2\/users\/1"}],"replies":[{"embeddable":true,"href":"https:\/\/portalfloresnoar.com\/floresnoar\/wp-json\/wp\/v2\/comments?post=38038"}],"version-history":[{"count":0,"href":"https:\/\/portalfloresnoar.com\/floresnoar\/wp-json\/wp\/v2\/posts\/38038\/revisions"}],"wp:featuredmedia":[{"embeddable":true,"href":"https:\/\/portalfloresnoar.com\/floresnoar\/wp-json\/wp\/v2\/media\/32725"}],"wp:attachment":[{"href":"https:\/\/portalfloresnoar.com\/floresnoar\/wp-json\/wp\/v2\/media?parent=38038"}],"wp:term":[{"taxonomy":"category","embeddable":true,"href":"https:\/\/portalfloresnoar.com\/floresnoar\/wp-json\/wp\/v2\/categories?post=38038"},{"taxonomy":"post_tag","embeddable":true,"href":"https:\/\/portalfloresnoar.com\/floresnoar\/wp-json\/wp\/v2\/tags?post=38038"}],"curies":[{"name":"wp","href":"https:\/\/api.w.org\/{rel}","templated":true}]}}