

{"id":38033,"date":"2020-01-10T13:33:08","date_gmt":"2020-01-10T16:33:08","guid":{"rendered":"http:\/\/portalfloresnoar.com\/floresnoar\/?p=38033"},"modified":"2020-04-24T09:46:21","modified_gmt":"2020-04-24T12:46:21","slug":"agenda-o-sol-da-solitude-retiro-online-com-marcia-baja-dias-18-e-19-de-abril","status":"publish","type":"post","link":"https:\/\/portalfloresnoar.com\/floresnoar\/agenda-o-sol-da-solitude-retiro-online-com-marcia-baja-dias-18-e-19-de-abril\/","title":{"rendered":"[AGENDA] O Sol da Solitude &#8211; Retiro Online com M\u00e1rcia Baja, dias 18 e 19 de abril"},"content":{"rendered":"<p><img decoding=\"async\" loading=\"lazy\" class=\"aligncenter wp-image-38035\" src=\"http:\/\/portalfloresnoar.com\/floresnoar\/wp-content\/uploads\/2020\/04\/retiro-online-o-sol-da-solitude.jpg\" alt=\"\" width=\"601\" height=\"598\" srcset=\"https:\/\/portalfloresnoar.com\/floresnoar\/wp-content\/uploads\/2020\/04\/retiro-online-o-sol-da-solitude.jpg 720w, https:\/\/portalfloresnoar.com\/floresnoar\/wp-content\/uploads\/2020\/04\/retiro-online-o-sol-da-solitude-150x150.jpg 150w, https:\/\/portalfloresnoar.com\/floresnoar\/wp-content\/uploads\/2020\/04\/retiro-online-o-sol-da-solitude-300x300.jpg 300w, https:\/\/portalfloresnoar.com\/floresnoar\/wp-content\/uploads\/2020\/04\/retiro-online-o-sol-da-solitude-700x697.jpg 700w, https:\/\/portalfloresnoar.com\/floresnoar\/wp-content\/uploads\/2020\/04\/retiro-online-o-sol-da-solitude-100x100.jpg 100w\" sizes=\"(max-width: 601px) 100vw, 601px\" \/><\/p>\n<p>&#8220;Estar contente sem nenhuma raz\u00e3o especial. Sentir-se relaxado no sil\u00eancio e quietude do seu pr\u00f3prio ser. Estar aberto para o que quer que aconte\u00e7a, alegre simplesmente por ver a vida se manifestar. Como seria se relacionar com as pessoas por dentro dessa sensa\u00e7\u00e3o de inteireza e simplicidade? Como seria receber o outro sem exig\u00eancias, a partir de uma presen\u00e7a aberta e dispon\u00edvel? M\u00e1rcia Baja, tutora do <a href=\"http:\/\/www.cebb.org.br\/\" target=\"_blank\" rel=\"noopener\">CEBB <\/a>(Centro de Estudos Budistas Bodisatva), convida os interessados em mergulhar nessas quest\u00f5es e refletir sobre o universo das rela\u00e7\u00f5es, a participarem do Retiro Online &#8216;O Sol da Solitude&#8217;, que ser\u00e1 realizado nos dias 18 e 19 de abril de 2020, via plataforma <a href=\"https:\/\/zoom.us\/pt-pt\/meetings.html\" target=\"_blank\" rel=\"noopener\">Zoom<\/a>.<\/p>\n<p>&#8220;Estar &#8216;sozinho&#8217; pode parecer a completa desgra\u00e7a. Quem j\u00e1 n\u00e3o sentiu isso? Ou ent\u00e3o, estar s\u00f3, pode ser a base para nos conhecermos melhor e a partir disso nos relacionarmos melhor tamb\u00e9m. A boa not\u00edcia \u00e9 que solid\u00e3o e solitude s\u00e3o atitudes internas, n\u00e3o dependem de algo l\u00e1 fora. &#8216;Estar s\u00f3&#8217; n\u00e3o tem nada a ver com ter algu\u00e9m do lado ou n\u00e3o. Voc\u00ea pode se colocar numa margem ou na outra, seja qual for a sua condi\u00e7\u00e3o. Essa escolha est\u00e1 a seu alcance!&#8221;, ressalta Marcia Baja.<br \/>\n.<br \/>\n<strong>Quando:<\/strong> 18 e 19 de abril, das 10h \u00e0s 16h30, com intervalo pra almo\u00e7o.<\/p>\n<p><strong>Onde:<\/strong> Online, via plataforma <a href=\"https:\/\/zoom.us\/pt-pt\/meetings.html\" target=\"_blank\" rel=\"noopener\">Zoom<\/a>. Para acesso, ser\u00e1 enviado ID da reuni\u00e3o e senha, ap\u00f3s efetiva\u00e7\u00e3o da inscri\u00e7\u00e3o.<\/p>\n<p><strong>Contribui\u00e7\u00e3o sugerida:<\/strong> R$ 150,00, por\u00e9m este valor n\u00e3o deve ser impeditivo para a participa\u00e7\u00e3o. Caso precise de alguma condi\u00e7\u00e3o especial, entrar em contato atrav\u00e9s do e-mail:\u00a0<a href=\"mailto:silencioemovimento@gmail.com\">silencioemovimento@gmail.com<\/a><\/p>\n<p><strong>Inscri\u00e7\u00f5es atrav\u00e9s <a href=\"https:\/\/docs.google.com\/forms\/d\/e\/1FAIpQLSdF_yNiJWUHplup841C-jJl-8p5eis2hwbq3dChAbhdNhdHYw\/viewform\" target=\"_blank\" rel=\"noopener\">DESTE LINK<\/a>!<\/strong><\/p>\n<p>&nbsp;<\/p>\n","protected":false},"excerpt":{"rendered":"<p>&#8220;Estar contente sem nenhuma raz\u00e3o especial. Sentir-se relaxado no sil\u00eancio e quietude do seu pr\u00f3prio ser. Estar aberto para o que quer que aconte\u00e7a, alegre simplesmente por ver a vida se manifestar. Como seria se relacionar com as pessoas por dentro dessa sensa\u00e7\u00e3o de inteireza e simplicidade? Como seria receber o outro sem exig\u00eancias, a [&hellip;]<\/p>\n","protected":false},"author":1,"featured_media":38034,"comment_status":"open","ping_status":"open","sticky":false,"template":"","format":"standard","meta":{"om_disable_all_campaigns":false,"_monsterinsights_skip_tracking":false,"_monsterinsights_sitenote_active":false,"_monsterinsights_sitenote_note":"","_monsterinsights_sitenote_category":0,"footnotes":""},"categories":[8],"tags":[30,926,43,396,21],"acf":[],"publishpress_future_action":{"enabled":false,"date":"1969-12-31 21:00:00","action":"","terms":[],"taxonomy":"","browser_timezone_offset":0},"_links":{"self":[{"href":"https:\/\/portalfloresnoar.com\/floresnoar\/wp-json\/wp\/v2\/posts\/38033"}],"collection":[{"href":"https:\/\/portalfloresnoar.com\/floresnoar\/wp-json\/wp\/v2\/posts"}],"about":[{"href":"https:\/\/portalfloresnoar.com\/floresnoar\/wp-json\/wp\/v2\/types\/post"}],"author":[{"embeddable":true,"href":"https:\/\/portalfloresnoar.com\/floresnoar\/wp-json\/wp\/v2\/users\/1"}],"replies":[{"embeddable":true,"href":"https:\/\/portalfloresnoar.com\/floresnoar\/wp-json\/wp\/v2\/comments?post=38033"}],"version-history":[{"count":0,"href":"https:\/\/portalfloresnoar.com\/floresnoar\/wp-json\/wp\/v2\/posts\/38033\/revisions"}],"wp:featuredmedia":[{"embeddable":true,"href":"https:\/\/portalfloresnoar.com\/floresnoar\/wp-json\/wp\/v2\/media\/38034"}],"wp:attachment":[{"href":"https:\/\/portalfloresnoar.com\/floresnoar\/wp-json\/wp\/v2\/media?parent=38033"}],"wp:term":[{"taxonomy":"category","embeddable":true,"href":"https:\/\/portalfloresnoar.com\/floresnoar\/wp-json\/wp\/v2\/categories?post=38033"},{"taxonomy":"post_tag","embeddable":true,"href":"https:\/\/portalfloresnoar.com\/floresnoar\/wp-json\/wp\/v2\/tags?post=38033"}],"curies":[{"name":"wp","href":"https:\/\/api.w.org\/{rel}","templated":true}]}}