

{"id":38031,"date":"2020-03-28T06:26:17","date_gmt":"2020-03-28T09:26:17","guid":{"rendered":"http:\/\/portalfloresnoar.com\/floresnoar\/?p=38031"},"modified":"2021-03-28T11:26:07","modified_gmt":"2021-03-28T14:26:07","slug":"a-pascoa-na-visao-da-antroposofia-2","status":"publish","type":"post","link":"https:\/\/portalfloresnoar.com\/floresnoar\/a-pascoa-na-visao-da-antroposofia-2\/","title":{"rendered":"A P\u00e1scoa na vis\u00e3o da Antroposofia"},"content":{"rendered":"<pre>(texto reproduzido do site: <a href=\"http:\/\/www.lemnisfarmacia.com.br\" target=\"_blank\" rel=\"noopener\">http:\/\/www.lemnisfarmacia.com.br<\/a>)<\/pre>\n<p>A P\u00e1scoa \u00e9 uma festa repleta de imagens fortes e marcantes. No hemisf\u00e9rio sul, ela ocorre no outono, no primeiro domingo ap\u00f3s a primeira lua cheia. A P\u00e1scoa \u00e9 sempre comemorada no domingo, mostrando uma rela\u00e7\u00e3o com o Sol, astro que rege esse dia da semana, mas tamb\u00e9m tem rela\u00e7\u00e3o com a Lua cheia, lembrando que a lua n\u00e3o tem luz pr\u00f3pria, apenas reflete a luz do sol.<\/p>\n<p>Antigamente, por\u00e9m, ela acontecia apenas no hemisf\u00e9rio norte, na \u00e9poca da primavera, quando as pessoas ainda tinham grande rela\u00e7\u00e3o com as for\u00e7as da natureza. Naquela \u00e9poca, sobreviver ao rigor do inverno era um grande desafio, e chegar \u00e0 primavera era motivo de grande celebra\u00e7\u00e3o. Era nesta \u00e9poca do ano que a vida recome\u00e7ava, as cores retornavam, tudo desabrochava. Era a vit\u00f3ria da vida sobre a morte.<\/p>\n<p>A palavra P\u00e1scoa, vem do hebraico, PESSACH, que significa passagem. Quando Mois\u00e9s desafiou o fara\u00f3 e conduziu seu povo rumo \u00e0 Terra Prometida libertando-os da escravid\u00e3o. Neste fato hist\u00f3rico, mais uma vez ocorreu a vit\u00f3ria da vida sobre a morte.<\/p>\n<p>Na tradi\u00e7\u00e3o crist\u00e3, a P\u00e1scoa novamente ocupa uma import\u00e2ncia fundamental. Ap\u00f3s os quarenta dias da quaresma e depois de refletir sobre os acontecimentos vivenciados por Jesus Cristo durante a Semana Santa (domingo de ramos, condena\u00e7\u00e3o da figueira, encontro com advers\u00e1rios no templo, un\u00e7\u00e3o, santa ceia e lava p\u00e9s, morte, descida ao reino dos mortos e ressurrei\u00e7\u00e3o), os crist\u00e3os comemoram, no domingo de P\u00e1scoa, a gl\u00f3ria da ressurrei\u00e7\u00e3o de Cristo.<\/p>\n<p>Com sua paix\u00e3o, morte e ressurrei\u00e7\u00e3o, Cristo deixou-nos o precioso legado de uma nova vida ap\u00f3s a morte, e quando seu corpo e sangue penetraram nas profundezas da terra ela se torna um centro de luz, vivificada pelo Eu do Cristo. Diante desta consci\u00eancia, podemos refletir sobre nossas atitudes perante esta Terra, nosso planeta, t\u00e3o sagrado.<\/p>\n<p>Outra imagem, que claramente mostra a\u00a0ideia\u00a0de vida, morte e ressurrei\u00e7\u00e3o \u00e9 a metamorfose da lagarta em borboleta, representando a morte do corpo, a transforma\u00e7\u00e3o e o renascer. A imagem arquet\u00edpica da borboleta que, quando lagarta, fecha-se num escuro casulo deixando a luz e o calor transformarem sua exist\u00eancia em cor e leveza.<\/p>\n<p>O coelho e os ovos tamb\u00e9m possuem um significado especial nas comemora\u00e7\u00f5es pascais. O ovo representa uma vida interior, ainda em estado germinal, que se desenvolve, rompe uma casca dura e em seguida desabrocha em sua plenitude, assim como Cristo ressuscitado saiu de sua tumba. O coelho, por sua vez, representa um animal puro, digno de carregar e trazer os ovos da P\u00e1scoa. Al\u00e9m disso, \u00e9 um animal muito f\u00e9rtil, que se reproduz com facilidade.<\/p>\n<p>Atualmente, por\u00e9m, a P\u00e1scoa, assim como as outras festas anuais, n\u00e3o \u00e9 encarada sob um ponto de vista espiritual. Na maioria das vezes, n\u00e3o vivenciamos a possibilidade de deixar morrer em n\u00f3s o que n\u00e3o queremos mais, o que j\u00e1 n\u00e3o nos serve, e tamb\u00e9m n\u00e3o permitimos que o novo em n\u00f3s possa florescer. Dever\u00edamos ter claro dentro de n\u00f3s a possibilidade da vida, morte e ressurrei\u00e7\u00e3o de h\u00e1bitos, atitudes e modos de pensar, para tornarmos pessoas melhores, menos endurecidos e insens\u00edveis diante da realidade atual, com seus constantes altos e baixos. Se tivermos consci\u00eancia da necessidade de cada um realizar este exerc\u00edcio interior, poderemos ent\u00e3o resgatar o real sentido da P\u00e1scoa.<\/p>\n<pre>Fontes:\r\nAnna Maria Macrander Karassawa. A P\u00e1scoa no contexto Waldorf. \r\nDispon\u00edvel em http:\/\/www.alecrimdourado.com.br\/texto2.html acessado em 05-04-09.\r\nEdna Andrade. \u00c9poca da P\u00e1scoa \u2013 s\u00edntese. \r\nDispon\u00edvel em http:\/\/www.jardimdasamoras.com.br\/semanasanta.htm acessado em 05-04-09.\r\nHelena Maria de Jesus. O significado da P\u00e1scoa. \r\nDispon\u00edvel em http:\/\/www.alecrimdourado.com.br\/pascoa.html acessado em 05-04-09.\r\nRudolf Steiner. O Evangelho de S\u00e3o Jo\u00e3o. Editora Antropos\u00f3fica, 2007.<\/pre>\n","protected":false},"excerpt":{"rendered":"<p>(texto reproduzido do site: http:\/\/www.lemnisfarmacia.com.br) A P\u00e1scoa \u00e9 uma festa repleta de imagens fortes e marcantes. No hemisf\u00e9rio sul, ela ocorre no outono, no primeiro domingo ap\u00f3s a primeira lua cheia. A P\u00e1scoa \u00e9 sempre comemorada no domingo, mostrando uma rela\u00e7\u00e3o com o Sol, astro que rege esse dia da semana, mas tamb\u00e9m tem rela\u00e7\u00e3o [&hellip;]<\/p>\n","protected":false},"author":1,"featured_media":38030,"comment_status":"open","ping_status":"open","sticky":false,"template":"","format":"standard","meta":{"om_disable_all_campaigns":false,"_monsterinsights_skip_tracking":false,"_monsterinsights_sitenote_active":false,"_monsterinsights_sitenote_note":"","_monsterinsights_sitenote_category":0,"footnotes":""},"categories":[10],"tags":[23,677,433],"acf":[],"publishpress_future_action":{"enabled":false,"date":"1969-12-31 21:00:00","action":"","terms":[],"taxonomy":"","browser_timezone_offset":0},"_links":{"self":[{"href":"https:\/\/portalfloresnoar.com\/floresnoar\/wp-json\/wp\/v2\/posts\/38031"}],"collection":[{"href":"https:\/\/portalfloresnoar.com\/floresnoar\/wp-json\/wp\/v2\/posts"}],"about":[{"href":"https:\/\/portalfloresnoar.com\/floresnoar\/wp-json\/wp\/v2\/types\/post"}],"author":[{"embeddable":true,"href":"https:\/\/portalfloresnoar.com\/floresnoar\/wp-json\/wp\/v2\/users\/1"}],"replies":[{"embeddable":true,"href":"https:\/\/portalfloresnoar.com\/floresnoar\/wp-json\/wp\/v2\/comments?post=38031"}],"version-history":[{"count":0,"href":"https:\/\/portalfloresnoar.com\/floresnoar\/wp-json\/wp\/v2\/posts\/38031\/revisions"}],"wp:featuredmedia":[{"embeddable":true,"href":"https:\/\/portalfloresnoar.com\/floresnoar\/wp-json\/wp\/v2\/media\/38030"}],"wp:attachment":[{"href":"https:\/\/portalfloresnoar.com\/floresnoar\/wp-json\/wp\/v2\/media?parent=38031"}],"wp:term":[{"taxonomy":"category","embeddable":true,"href":"https:\/\/portalfloresnoar.com\/floresnoar\/wp-json\/wp\/v2\/categories?post=38031"},{"taxonomy":"post_tag","embeddable":true,"href":"https:\/\/portalfloresnoar.com\/floresnoar\/wp-json\/wp\/v2\/tags?post=38031"}],"curies":[{"name":"wp","href":"https:\/\/api.w.org\/{rel}","templated":true}]}}