

{"id":38025,"date":"2020-04-07T12:10:22","date_gmt":"2020-04-07T15:10:22","guid":{"rendered":"http:\/\/portalfloresnoar.com\/floresnoar\/?p=38025"},"modified":"2023-08-01T09:49:39","modified_gmt":"2023-08-01T12:49:39","slug":"despertando-sobre-a-forca-e-a-certeza-de-lutar-por-mim","status":"publish","type":"post","link":"https:\/\/portalfloresnoar.com\/floresnoar\/despertando-sobre-a-forca-e-a-certeza-de-lutar-por-mim\/","title":{"rendered":"[DESPERTANDO] Sobre a for\u00e7a e a certeza de lutar por mim"},"content":{"rendered":"<p><img decoding=\"async\" loading=\"lazy\" class=\"aligncenter size-full wp-image-38026\" src=\"http:\/\/portalfloresnoar.com\/floresnoar\/wp-content\/uploads\/2020\/04\/Sobre-a-for\u00e7a-e-a-certeza-de-lutar-por-mim.jpg\" alt=\"\" width=\"530\" height=\"642\" srcset=\"https:\/\/portalfloresnoar.com\/floresnoar\/wp-content\/uploads\/2020\/04\/Sobre-a-for\u00e7a-e-a-certeza-de-lutar-por-mim.jpg 530w, https:\/\/portalfloresnoar.com\/floresnoar\/wp-content\/uploads\/2020\/04\/Sobre-a-for\u00e7a-e-a-certeza-de-lutar-por-mim-248x300.jpg 248w\" sizes=\"(max-width: 530px) 100vw, 530px\" \/><\/p>\n<p>| <em>Por Mirtiline Leit\u00e3o*<\/em> |<\/p>\n<p>Imersa em minha pr\u00f3pria mente, lutando contra os meus drag\u00f5es. \u00c9 s\u00f3 olhar com calma para perceber que tudo o que crio, de bom e de n\u00e3o t\u00e3o bom sou eu. Faz parte de mim. Da carga que foi colocada sobre mim. Da minha casca, n\u00e3o da minha ess\u00eancia. Do peso emocional implantando pelos outros, e por tudo o que eu acreditei ser.<\/p>\n<p>Eu n\u00e3o sou nada, al\u00e9m da minha pr\u00f3pria consci\u00eancia. Essa imagem representa a fortaleza, o poder da luta di\u00e1ria que \u00e9 se conhecer, de rugir quando for necess\u00e1rio, e \u00e9!\u00a0 Mostrar os dentes, afastar o que n\u00e3o sou eu.<\/p>\n<p>Da necessidade constante de me rasgar e me despir, descascar, para encontrar l\u00e1 no fundo uma ess\u00eancia, que eu fiz quest\u00e3o de esquecer, mergulhada na identifica\u00e7\u00e3o com os est\u00edmulos do mundo, que \u00e9 belo e colorido, mas me distrai.<\/p>\n<p>Me distrai daquilo que eu verdadeiramente sou, daquilo que eu tento descobrir sobre mim. Me distrai de aceitar minhas dores e sombras, me distrai de me abra\u00e7ar, de me amar e de me ouvir.<\/p>\n<p>N\u00e3o quero mais me distrair. Quero ouvir meus sil\u00eancios, at\u00e9 que n\u00e3o reste mais nada, a n\u00e3o ser o rugido, minha pr\u00f3pria voz, minha intui\u00e7\u00e3o, o recado das minhas av\u00f3s, pois eu sou o sonho delas, sou o que elas n\u00e3o conseguiram ser.<\/p>\n<p>Quero seguir ouvindo meus sil\u00eancios, para chegar at\u00e9 o infinito de mim mesma, e perceber que o universo todo cabe em mim.<\/p>\n<p>A pantera caminha na escurid\u00e3o, e na escurid\u00e3o trabalha arduamente por sua sobreviv\u00eancia. Que ela possa me guiar atrav\u00e9s da minha pr\u00f3pria escurid\u00e3o, para que eu possa atravessar os p\u00e2ntanos que criei, as florestas escuras em que habitei, e encontrar, no fundo do lago escuro das minhas emo\u00e7\u00f5es, o tesouro que guardei.<\/p>\n<p>Acho que voc\u00ea deveria fazer o mesmo. S\u00f3 te prometo uma coisa: n\u00e3o vai ser calmo, nem alegre, mas \u00e9 a coisa mais importante que voc\u00ea pode fazer por si. Assim como Pers\u00e9fone, que precisou chegar no mais profundo dos infernos interiores, para reacender, dona de si, e de nada mais.<\/p>\n<p>Aben\u00e7oados sejam todos aqueles que buscam dentro de si as verdades dos tesouros do seu cora\u00e7\u00e3o!<\/p>\n<p>[ <em>Texto de autoria de Mirtiline Leit\u00e3o. Todos os direitos est\u00e3o reservados\u00ae<\/em> ]<\/p>\n<p><em>*Mirtiline Leit\u00e3o \u00e9 Psicoterapeuta especialista em Investiga\u00e7\u00e3o do Inconsciente (Regress\u00e3o), Psicoterapeuta da gravidez, parto e p\u00f3s-parto, Ginecologia Natural, Florais da Lua, Barras de Access. \u00c9 Ministrante de cursos, credenciada pela ABPR (Associa\u00e7\u00e3o Brasileira de Psicoterapia Reencarnacionista), palestrante, escritora e colunista. Desde 2009 realiza e participa de trabalhos terap\u00eauticos voltados ao autoconhecimento, resgate da intui\u00e7\u00e3o e empoderamento feminino.<\/em><\/p>\n<p><strong>Local de atendimento:<\/strong> Despertar Terapias Integrativas \u2013 Av. Rosa e Silva, 670, sala 504, Aflitos, Recife\/PE.<br \/>\n<strong>Agendamento:<\/strong> (81) 99657.3067 https:\/\/bit.ly\/2vLfDS6<br \/>\n<strong>Instagram:<\/strong><a href=\"https:\/\/www.instagram.com\/mirtilines\/\" target=\"_blank\" rel=\"noopener\"> https:\/\/www.instagram.com\/mirtilines\/<\/a><br \/>\n<strong>Site:<\/strong> <a href=\"https:\/\/www.mirtilineleitao.com.br\/\" target=\"_blank\" rel=\"noopener\">www.mirtilineleitao.com.br<\/a><\/p>\n","protected":false},"excerpt":{"rendered":"<p>| Por Mirtiline Leit\u00e3o* | Imersa em minha pr\u00f3pria mente, lutando contra os meus drag\u00f5es. \u00c9 s\u00f3 olhar com calma para perceber que tudo o que crio, de bom e de n\u00e3o t\u00e3o bom sou eu. Faz parte de mim. Da carga que foi colocada sobre mim. Da minha casca, n\u00e3o da minha ess\u00eancia. Do [&hellip;]<\/p>\n","protected":false},"author":1,"featured_media":38027,"comment_status":"open","ping_status":"open","sticky":false,"template":"","format":"standard","meta":{"om_disable_all_campaigns":false,"_monsterinsights_skip_tracking":false,"_monsterinsights_sitenote_active":false,"_monsterinsights_sitenote_note":"","_monsterinsights_sitenote_category":0,"footnotes":""},"categories":[10],"tags":[499,136,924,925,1385,813],"acf":[],"publishpress_future_action":{"enabled":false,"date":"1969-12-31 21:00:00","action":"","terms":[],"taxonomy":"","browser_timezone_offset":0},"_links":{"self":[{"href":"https:\/\/portalfloresnoar.com\/floresnoar\/wp-json\/wp\/v2\/posts\/38025"}],"collection":[{"href":"https:\/\/portalfloresnoar.com\/floresnoar\/wp-json\/wp\/v2\/posts"}],"about":[{"href":"https:\/\/portalfloresnoar.com\/floresnoar\/wp-json\/wp\/v2\/types\/post"}],"author":[{"embeddable":true,"href":"https:\/\/portalfloresnoar.com\/floresnoar\/wp-json\/wp\/v2\/users\/1"}],"replies":[{"embeddable":true,"href":"https:\/\/portalfloresnoar.com\/floresnoar\/wp-json\/wp\/v2\/comments?post=38025"}],"version-history":[{"count":0,"href":"https:\/\/portalfloresnoar.com\/floresnoar\/wp-json\/wp\/v2\/posts\/38025\/revisions"}],"wp:featuredmedia":[{"embeddable":true,"href":"https:\/\/portalfloresnoar.com\/floresnoar\/wp-json\/wp\/v2\/media\/38027"}],"wp:attachment":[{"href":"https:\/\/portalfloresnoar.com\/floresnoar\/wp-json\/wp\/v2\/media?parent=38025"}],"wp:term":[{"taxonomy":"category","embeddable":true,"href":"https:\/\/portalfloresnoar.com\/floresnoar\/wp-json\/wp\/v2\/categories?post=38025"},{"taxonomy":"post_tag","embeddable":true,"href":"https:\/\/portalfloresnoar.com\/floresnoar\/wp-json\/wp\/v2\/tags?post=38025"}],"curies":[{"name":"wp","href":"https:\/\/api.w.org\/{rel}","templated":true}]}}