

{"id":38020,"date":"2020-04-07T11:50:55","date_gmt":"2020-04-07T14:50:55","guid":{"rendered":"http:\/\/portalfloresnoar.com\/floresnoar\/?p=38020"},"modified":"2020-04-14T09:57:34","modified_gmt":"2020-04-14T12:57:34","slug":"agenda-grupo-de-terapeutas-oferece-live-unindo-reiki-e-musica","status":"publish","type":"post","link":"https:\/\/portalfloresnoar.com\/floresnoar\/agenda-grupo-de-terapeutas-oferece-live-unindo-reiki-e-musica\/","title":{"rendered":"[AGENDA] Grupo de terapeutas oferece lives, unindo Reiki e M\u00fasica"},"content":{"rendered":"<p><img decoding=\"async\" loading=\"lazy\" src=\"http:\/\/portalfloresnoar.com\/floresnoar\/wp-content\/uploads\/2020\/04\/reiki-e-musica-live.jpg\" alt=\"\" width=\"720\" height=\"400\" class=\"aligncenter size-full wp-image-38041\" srcset=\"https:\/\/portalfloresnoar.com\/floresnoar\/wp-content\/uploads\/2020\/04\/reiki-e-musica-live.jpg 720w, https:\/\/portalfloresnoar.com\/floresnoar\/wp-content\/uploads\/2020\/04\/reiki-e-musica-live-300x167.jpg 300w, https:\/\/portalfloresnoar.com\/floresnoar\/wp-content\/uploads\/2020\/04\/reiki-e-musica-live-700x389.jpg 700w, https:\/\/portalfloresnoar.com\/floresnoar\/wp-content\/uploads\/2020\/04\/reiki-e-musica-live-672x372.jpg 672w\" sizes=\"(max-width: 720px) 100vw, 720px\" \/><\/p>\n<p>Um grupo de terapeutas est\u00e1 se reunindo semanalmente para trabalhar o campo f\u00edsico, emocional, mental e espiritual, atrav\u00e9s do Reiki, guiado por m\u00fasicas. As pessoas t\u00eam acessado o encontro atrav\u00e9s de lives transmitidas todas as segundas-feiras, \u00e0s 21h, no perfil do Instagram da terapeuta Raquel Moura [<strong>@desenvolvesoul<\/strong>].<\/p>\n<p>S\u00e3o mais de dez terapeutas brasileiros, localizados em v\u00e1rias partes do mundo, como Brasil, Canad\u00e1, Uruguai, Portugal e Austr\u00e1lia, todos envolvidos e comprometidos com o envio das energias de amor da mais pura vibra\u00e7\u00e3o, contribuindo para o aumento da pot\u00eancia energ\u00e9tica positiva neste momento. A eles se une, a cada encontro, um m\u00fasico convidado.\u00a0J\u00e1 participaram dos encontros os m\u00fasicos S\u00e9rgio Andrade (Banda de Pau e Corda) e da cantora B\u00e1rbara Barcellos e Danylla Gouveia.<\/p>\n<p>&#8220;\u00c9 um chamado para expandirmos os nossos canais, elevar a consci\u00eancia e trazer mais presen\u00e7a para a parte mais bonita deste momento t\u00e3o desafiador&#8221;, declara Azul Acosta, um dos terapeutas envolvidos na iniciativa.<\/p>\n<p>Os terapeutas pedem para que as pessoas relaxem antes de come\u00e7ar as m\u00fasicas, deitando-se ou sentando-se confortavelmente.<\/p>\n<p>O movimento tem recebido um feedback positivo dos participantes, via direct, incentivando o movimento, que vem crescendo.<\/p>\n<p><strong>REIKI E M\u00daSICA<\/strong><br \/>\n<strong>Quando:<\/strong> toda segunda-feira, \u00e0s 21h (hor\u00e1rio de Bras\u00edlia)<br \/>\n<strong>Onde:<\/strong> No perfil do Instagram: @desenvolvesoul<\/p>\n<p>CONFIRA ABAIXO OS PERFIS DOS TERAPEUTAS ENVOLVIDOS NA INICIATIVA:<br \/>\n@fernandatognon<br \/>\n@urannia<br \/>\n@ceciliarothermel<br \/>\n@lusssoul<br \/>\n@azulvluz<br \/>\n@patricia.garcia<br \/>\n@alineoliveirarp<br \/>\n@imagensdoinconsciente<br \/>\n@eupriarruda<br \/>\n@rafaellaregobarros<br \/>\n@ateliercacauemflor<br \/>\n@biancafgomes<br \/>\n@atmanutri<\/p>\n","protected":false},"excerpt":{"rendered":"<p>Um grupo de terapeutas est\u00e1 se reunindo semanalmente para trabalhar o campo f\u00edsico, emocional, mental e espiritual, atrav\u00e9s do Reiki, guiado por m\u00fasicas. As pessoas t\u00eam acessado o encontro atrav\u00e9s de lives transmitidas todas as segundas-feiras, \u00e0s 21h, no perfil do Instagram da terapeuta Raquel Moura [@desenvolvesoul]. S\u00e3o mais de dez terapeutas brasileiros, localizados em [&hellip;]<\/p>\n","protected":false},"author":1,"featured_media":38041,"comment_status":"open","ping_status":"open","sticky":false,"template":"","format":"standard","meta":{"om_disable_all_campaigns":false,"_monsterinsights_skip_tracking":false,"_monsterinsights_sitenote_active":false,"_monsterinsights_sitenote_note":"","_monsterinsights_sitenote_category":0,"footnotes":""},"categories":[8,9],"tags":[670,383,577,31,37],"acf":[],"publishpress_future_action":{"enabled":false,"date":"1969-12-31 21:00:00","action":"","terms":[],"taxonomy":"","browser_timezone_offset":0},"_links":{"self":[{"href":"https:\/\/portalfloresnoar.com\/floresnoar\/wp-json\/wp\/v2\/posts\/38020"}],"collection":[{"href":"https:\/\/portalfloresnoar.com\/floresnoar\/wp-json\/wp\/v2\/posts"}],"about":[{"href":"https:\/\/portalfloresnoar.com\/floresnoar\/wp-json\/wp\/v2\/types\/post"}],"author":[{"embeddable":true,"href":"https:\/\/portalfloresnoar.com\/floresnoar\/wp-json\/wp\/v2\/users\/1"}],"replies":[{"embeddable":true,"href":"https:\/\/portalfloresnoar.com\/floresnoar\/wp-json\/wp\/v2\/comments?post=38020"}],"version-history":[{"count":0,"href":"https:\/\/portalfloresnoar.com\/floresnoar\/wp-json\/wp\/v2\/posts\/38020\/revisions"}],"wp:featuredmedia":[{"embeddable":true,"href":"https:\/\/portalfloresnoar.com\/floresnoar\/wp-json\/wp\/v2\/media\/38041"}],"wp:attachment":[{"href":"https:\/\/portalfloresnoar.com\/floresnoar\/wp-json\/wp\/v2\/media?parent=38020"}],"wp:term":[{"taxonomy":"category","embeddable":true,"href":"https:\/\/portalfloresnoar.com\/floresnoar\/wp-json\/wp\/v2\/categories?post=38020"},{"taxonomy":"post_tag","embeddable":true,"href":"https:\/\/portalfloresnoar.com\/floresnoar\/wp-json\/wp\/v2\/tags?post=38020"}],"curies":[{"name":"wp","href":"https:\/\/api.w.org\/{rel}","templated":true}]}}