

{"id":37966,"date":"2020-04-30T10:15:27","date_gmt":"2020-04-30T13:15:27","guid":{"rendered":"http:\/\/portalfloresnoar.com\/floresnoar\/?p=37966"},"modified":"2020-05-14T15:52:39","modified_gmt":"2020-05-14T18:52:39","slug":"agenda-pe-espaco-gerar-oferece-atendimento-emergencial-com-floral-gratuito-durante-a-quarentena","status":"publish","type":"post","link":"https:\/\/portalfloresnoar.com\/floresnoar\/agenda-pe-espaco-gerar-oferece-atendimento-emergencial-com-floral-gratuito-durante-a-quarentena\/","title":{"rendered":"[AGENDA PE] Espa\u00e7o Gerar oferece Atendimento Floral Solid\u00e1rio, durante a quarentena"},"content":{"rendered":"<p>&nbsp;<\/p>\n<p><img decoding=\"async\" loading=\"lazy\" class=\"aligncenter wp-image-37971\" src=\"http:\/\/portalfloresnoar.com\/floresnoar\/wp-content\/uploads\/2020\/03\/terapia-floral-quarentena.jpg\" alt=\"\" width=\"601\" height=\"601\" srcset=\"https:\/\/portalfloresnoar.com\/floresnoar\/wp-content\/uploads\/2020\/03\/terapia-floral-quarentena.jpg 1080w, https:\/\/portalfloresnoar.com\/floresnoar\/wp-content\/uploads\/2020\/03\/terapia-floral-quarentena-150x150.jpg 150w, https:\/\/portalfloresnoar.com\/floresnoar\/wp-content\/uploads\/2020\/03\/terapia-floral-quarentena-300x300.jpg 300w, https:\/\/portalfloresnoar.com\/floresnoar\/wp-content\/uploads\/2020\/03\/terapia-floral-quarentena-768x768.jpg 768w, https:\/\/portalfloresnoar.com\/floresnoar\/wp-content\/uploads\/2020\/03\/terapia-floral-quarentena-700x700.jpg 700w, https:\/\/portalfloresnoar.com\/floresnoar\/wp-content\/uploads\/2020\/03\/terapia-floral-quarentena-100x100.jpg 100w\" sizes=\"(max-width: 601px) 100vw, 601px\" \/><\/p>\n<p>O Espa\u00e7o Gerar est\u00e1 oferecendo, durante este per\u00edodo de quarentena do COVID-19, Atendimento Floral Solid\u00e1rio, de forma virtual e gratuita. O atendimento \u00e9 realizado por terapeutas Florais do espa\u00e7o.<\/p>\n<p>A Terapia Floral utiliza compostos energ\u00e9ticos (ess\u00eancias florais), que trabalham as emo\u00e7\u00f5es, auxiliando no equil\u00edbrio e bem-estar.<\/p>\n<p>De acordo com o m\u00e9dico Edward Bach, respons\u00e1vel por desenvolver o primeiro sistema de florais, os Florais de Bach, &#8220;a vida emocional s\u00e3 e uma personalidade equilibrada permitir\u00e3o ao corpo encontrar seu estado de sa\u00fade e bem-estar natural&#8221;.<\/p>\n<p>A Terapia Floral tem o seu uso reconhecido em mais de 50 pa\u00edses, \u00e9 aprovada pela Organiza\u00e7\u00e3o Mundial da Sa\u00fade (OMS) e, desde 1956, considerada como terapia complementar.<\/p>\n<p><strong>Agendamento:<\/strong> (81) 99760-6383 (celular\/ whatsapp)<\/p>\n<p>&nbsp;<\/p>\n","protected":false},"excerpt":{"rendered":"<p>&nbsp; O Espa\u00e7o Gerar est\u00e1 oferecendo, durante este per\u00edodo de quarentena do COVID-19, Atendimento Floral Solid\u00e1rio, de forma virtual e gratuita. O atendimento \u00e9 realizado por terapeutas Florais do espa\u00e7o. A Terapia Floral utiliza compostos energ\u00e9ticos (ess\u00eancias florais), que trabalham as emo\u00e7\u00f5es, auxiliando no equil\u00edbrio e bem-estar. De acordo com o m\u00e9dico Edward Bach, respons\u00e1vel [&hellip;]<\/p>\n","protected":false},"author":1,"featured_media":37968,"comment_status":"open","ping_status":"open","sticky":false,"template":"","format":"standard","meta":{"om_disable_all_campaigns":false,"_monsterinsights_skip_tracking":false,"_monsterinsights_sitenote_active":false,"_monsterinsights_sitenote_note":"","_monsterinsights_sitenote_category":0,"footnotes":""},"categories":[8,224,214],"tags":[325,720,919,70,435],"acf":[],"publishpress_future_action":{"enabled":false,"date":"1969-12-31 21:00:00","action":"","terms":[],"taxonomy":"","browser_timezone_offset":0},"_links":{"self":[{"href":"https:\/\/portalfloresnoar.com\/floresnoar\/wp-json\/wp\/v2\/posts\/37966"}],"collection":[{"href":"https:\/\/portalfloresnoar.com\/floresnoar\/wp-json\/wp\/v2\/posts"}],"about":[{"href":"https:\/\/portalfloresnoar.com\/floresnoar\/wp-json\/wp\/v2\/types\/post"}],"author":[{"embeddable":true,"href":"https:\/\/portalfloresnoar.com\/floresnoar\/wp-json\/wp\/v2\/users\/1"}],"replies":[{"embeddable":true,"href":"https:\/\/portalfloresnoar.com\/floresnoar\/wp-json\/wp\/v2\/comments?post=37966"}],"version-history":[{"count":0,"href":"https:\/\/portalfloresnoar.com\/floresnoar\/wp-json\/wp\/v2\/posts\/37966\/revisions"}],"wp:featuredmedia":[{"embeddable":true,"href":"https:\/\/portalfloresnoar.com\/floresnoar\/wp-json\/wp\/v2\/media\/37968"}],"wp:attachment":[{"href":"https:\/\/portalfloresnoar.com\/floresnoar\/wp-json\/wp\/v2\/media?parent=37966"}],"wp:term":[{"taxonomy":"category","embeddable":true,"href":"https:\/\/portalfloresnoar.com\/floresnoar\/wp-json\/wp\/v2\/categories?post=37966"},{"taxonomy":"post_tag","embeddable":true,"href":"https:\/\/portalfloresnoar.com\/floresnoar\/wp-json\/wp\/v2\/tags?post=37966"}],"curies":[{"name":"wp","href":"https:\/\/api.w.org\/{rel}","templated":true}]}}