

{"id":37932,"date":"2020-03-21T18:26:16","date_gmt":"2020-03-21T21:26:16","guid":{"rendered":"http:\/\/portalfloresnoar.com\/floresnoar\/?p=37932"},"modified":"2020-03-21T18:26:16","modified_gmt":"2020-03-21T21:26:16","slug":"agenda-pe-retiro-consciencia-de-si-com-oberom-de-317-a-68-em-aldeia","status":"publish","type":"post","link":"https:\/\/portalfloresnoar.com\/floresnoar\/agenda-pe-retiro-consciencia-de-si-com-oberom-de-317-a-68-em-aldeia\/","title":{"rendered":"[AGENDA PE] Retiro Consci\u00eancia de Si, com Oberom, de 31\/7 a 6\/8, em Aldeia"},"content":{"rendered":"<p><img decoding=\"async\" loading=\"lazy\" class=\" wp-image-37650 alignleft\" src=\"http:\/\/portalfloresnoar.com\/floresnoar\/wp-content\/uploads\/2020\/01\/retiro-com-oberom-em-pernambuco.jpg\" alt=\"\" width=\"333\" height=\"442\" srcset=\"https:\/\/portalfloresnoar.com\/floresnoar\/wp-content\/uploads\/2020\/01\/retiro-com-oberom-em-pernambuco.jpg 500w, https:\/\/portalfloresnoar.com\/floresnoar\/wp-content\/uploads\/2020\/01\/retiro-com-oberom-em-pernambuco-226x300.jpg 226w\" sizes=\"(max-width: 333px) 100vw, 333px\" \/>De 31 de julho a 6 de agosto de 2020, Oberom realiza no <a href=\"http:\/\/meteoraecospa.com.br\/\" target=\"_blank\" rel=\"noopener\">Espa\u00e7o Meteora<\/a>, em Aldeia, o Retiro Consci\u00eancia de Si. Oberom \u00e9 professor de Yoga, escritor e facilitador do Prana Prasakti, o processo dos 21 dias.<\/p>\n<p>&#8216;Consci\u00eancia de Si&#8217; \u00e9 um retiro de autoconhecimento e observa\u00e7\u00e3o, feito em imers\u00e3o de sete dias em sil\u00eancio, com jejum l\u00edquido, medita\u00e7\u00e3o, pr\u00e1ticas de yoga, palestras e ora\u00e7\u00f5es. Tudo isso em contempla\u00e7\u00e3o direta com a natureza, em um espa\u00e7o que favorece a quietude, a beleza e o estado meditativo, que se encontra no meio de uma reserva de mata atl\u00e2ntica.<\/p>\n<p>Realizado com exclusividade no Portal Parvati, no sul de Minas Gerais, esta \u00e9 a primeira vez que esse retiro viaja para outro Estado, ganhando o brilho e a for\u00e7a que tem com toda a sua dimens\u00e3o espiritual.<\/p>\n<p>&#8220;Durante os sete dias de imers\u00e3o, estaremos desenvolvendo um olhar interno com pr\u00e1ticas que facilitam uma quebra de nossos condicionamentos, sil\u00eancio e ingest\u00e3o de apenas sucos, \u00e1gua e ch\u00e1s. Por isso, a escolha de um local em meio \u00e0 natureza que propicie um estado meditativo&#8221;, explicam os organizadores do retiro.<\/p>\n<p>&#8220;Estamos vivendo um momento de transi\u00e7\u00e3o e j\u00e1 estamos no final desse processo. Sentimos que \u00e9 a hora de despertar e convocar os colaboradores da luz para que essa passagem seja suave, consciente e que caminhe na dire\u00e7\u00e3o do plano divino. Como a mudan\u00e7a real acontece a partir de n\u00f3s mesmos, sentimos que todo o trabalho que oferece inspira\u00e7\u00e3o e aprimoramento deve ser visto como prioridade&#8221;, declara Oberom.<\/p>\n<p>Para quem deseja um dia conhecer o Prana Prasakti, essa \u00e9 uma grande oportunidade para experienciar uma programa\u00e7\u00e3o que oferece de forma amorosa, uma introdu\u00e7\u00e3o ao processo dos 21 dias.<\/p>\n<p>Oberom \u00e9 professor de yoga, credenciado pela Alian\u00e7ade Yoga, formado no Brasil e na PVA School of Yoga na \u00cdndia, \u00e9 facilitador do Prana Prasakti, e transmite essa sabedoria e experi\u00eancia pelo mundo atrav\u00e9s de Workshops nas Am\u00e9ricas, Europa e \u00c1sia. Tamb\u00e9m \u00e9 autor dos livros &#8220;Viajando na Luz&#8221;, &#8220;No Fluir da Felicidade&#8221;e &#8220;Vegan Yoga&#8221;. Atualmente finaliza &#8220;Muco&#8221;, o seu primeiro document\u00e1rio para cinema.<\/p>\n<p><strong>Prepara\u00e7\u00e3o para o Retiro:<\/strong><br \/>\nComo estaremos por sete dias promovendo uma desintoxica\u00e7\u00e3o em nosso corpo f\u00edsico e emocional, sugerimos na semana que antecede o retiro, fazer uma alimenta\u00e7\u00e3o mais leve e natural, abster-se de carnes e derivados de prote\u00edna animal, caf\u00e9, a\u00e7\u00facar, trigo, temperos picantes, fumo, \u00e1lcool, e qualquer subst\u00e2ncia danosa ao organismo. Se poss\u00edvel, iniciar um jejum intermitente.<\/p>\n<p><strong>Durante o Retiro:<\/strong><br \/>\nComo estaremos em contato direto com uma energia muito sutil, evitar o uso de aparelhos eletr\u00f4nicos (Celular, ar-condicionado, televis\u00e3o, c\u00e2meras, etc.), aproveitando o m\u00e1ximo o contato com o natural e a natureza.<br \/>\nSeguir corretamente as orienta\u00e7\u00f5es fornecidas pelo facilitador e pelos monitores do Retiro.<\/p>\n<p><strong>Material Necess\u00e1rio de Uso Pessoal:<\/strong><br \/>\nRoupa de cama e banho, tapete de yoga, roupas leves e confort\u00e1veis, biquini\/sunga, repelentes e roupa de frio para a noite. Levar uma garrafa de uso pessoal para reabastecimento dos l\u00edquidos.<\/p>\n<p>SERVI\u00c7O<br \/>\n<strong>Retiro Consci\u00eancia de Si, com Oberom<\/strong><br \/>\n<strong>Data:<\/strong>\u00a0de 31 de julho a 6 de agosto de 2020<br \/>\n<strong>Hor\u00e1rio:<\/strong>\u00a0 das 16h\u00a0 da sexta (31\/7)\u00a0 \u00e0s 15h da quinta (6\/8)<br \/>\n<strong>Local:<\/strong><a href=\"http:\/\/meteoraecospa.com.br\/\" target=\"_blank\" rel=\"noopener\"> Espa\u00e7o Meteora &#8211;<\/a> Estrada de Aldeia, km 17 (Segue estrada de Aldeia, km17, entrar \u00e0 esquerda na rua que tem a bilheteria do clube \u00c1guas Finas. Seguir sempre em frente. Fica 2,2km da pista principal.)<\/p>\n<p><strong>Investimento:<\/strong><br \/>\n1.450,00&#8230;&#8230;&#8230;..at\u00e9 30\/6, podendo ser dividido em 3X (maio\/junho\/julho)<br \/>\n1.500,00 &#8230;&#8230;&#8230;.a partir de 25\/7 (\u00e0 vista)<\/p>\n<p><em><strong>Observa\u00e7\u00f5es:<\/strong><\/em><br \/>\n<em> N\u00e3o est\u00e1 incluso no valor do retiro transporte at\u00e9 o local. Em caso de desist\u00eancia, n\u00e3o haver\u00e1 devolu\u00e7\u00e3o do valor, podendo repassar a vaga para outra pessoa. \u00c9 obrigat\u00f3rio o preenchimento do formul\u00e1rio de inscri\u00e7\u00e3o (segue o link abaixo).<\/em><\/p>\n<p><strong>Dados banc\u00e1rios para o pagamento:<\/strong><br \/>\nBanco Bradesco<br \/>\nAg: 2753<br \/>\nc\/c: 252888-6<br \/>\nCPF: 510946144-91<br \/>\nL\u00edvia Maria Veras Falc\u00e3o<\/p>\n<p><strong>A inscri\u00e7\u00e3o ser\u00e1 confirmada ap\u00f3s o comprovante do dep\u00f3sito ser enviado para o e-mail:<\/strong> casulope@gmail.com<\/p>\n<p><strong>MAIS INFORMA\u00c7\u00d5ES<\/strong><br \/>\nWladimir Ara\u00fajo &#8211;\u00a0 (81) 9 9293-3845 (WhatsApp)<br \/>\nL\u00edvia Falc\u00e3o &#8211; (81) 9 9086-3170 (WhatsApp)<\/p>\n","protected":false},"excerpt":{"rendered":"<p>De 31 de julho a 6 de agosto de 2020, Oberom realiza no Espa\u00e7o Meteora, em Aldeia, o Retiro Consci\u00eancia de Si. Oberom \u00e9 professor de Yoga, escritor e facilitador do Prana Prasakti, o processo dos 21 dias. &#8216;Consci\u00eancia de Si&#8217; \u00e9 um retiro de autoconhecimento e observa\u00e7\u00e3o, feito em imers\u00e3o de sete dias em [&hellip;]<\/p>\n","protected":false},"author":1,"featured_media":37649,"comment_status":"open","ping_status":"open","sticky":false,"template":"","format":"standard","meta":{"om_disable_all_campaigns":false,"_monsterinsights_skip_tracking":false,"_monsterinsights_sitenote_active":false,"_monsterinsights_sitenote_note":"","_monsterinsights_sitenote_category":0,"footnotes":""},"categories":[8,224,214],"tags":[50,43,247,736,396,162,21],"acf":[],"publishpress_future_action":{"enabled":false,"date":"1969-12-31 21:00:00","action":"","terms":[],"taxonomy":"","browser_timezone_offset":0},"_links":{"self":[{"href":"https:\/\/portalfloresnoar.com\/floresnoar\/wp-json\/wp\/v2\/posts\/37932"}],"collection":[{"href":"https:\/\/portalfloresnoar.com\/floresnoar\/wp-json\/wp\/v2\/posts"}],"about":[{"href":"https:\/\/portalfloresnoar.com\/floresnoar\/wp-json\/wp\/v2\/types\/post"}],"author":[{"embeddable":true,"href":"https:\/\/portalfloresnoar.com\/floresnoar\/wp-json\/wp\/v2\/users\/1"}],"replies":[{"embeddable":true,"href":"https:\/\/portalfloresnoar.com\/floresnoar\/wp-json\/wp\/v2\/comments?post=37932"}],"version-history":[{"count":0,"href":"https:\/\/portalfloresnoar.com\/floresnoar\/wp-json\/wp\/v2\/posts\/37932\/revisions"}],"wp:featuredmedia":[{"embeddable":true,"href":"https:\/\/portalfloresnoar.com\/floresnoar\/wp-json\/wp\/v2\/media\/37649"}],"wp:attachment":[{"href":"https:\/\/portalfloresnoar.com\/floresnoar\/wp-json\/wp\/v2\/media?parent=37932"}],"wp:term":[{"taxonomy":"category","embeddable":true,"href":"https:\/\/portalfloresnoar.com\/floresnoar\/wp-json\/wp\/v2\/categories?post=37932"},{"taxonomy":"post_tag","embeddable":true,"href":"https:\/\/portalfloresnoar.com\/floresnoar\/wp-json\/wp\/v2\/tags?post=37932"}],"curies":[{"name":"wp","href":"https:\/\/api.w.org\/{rel}","templated":true}]}}