

{"id":37927,"date":"2020-03-19T08:04:30","date_gmt":"2020-03-19T11:04:30","guid":{"rendered":"http:\/\/portalfloresnoar.com\/floresnoar\/?p=37927"},"modified":"2020-04-29T12:43:44","modified_gmt":"2020-04-29T15:43:44","slug":"agenda-pe-formacao-no-sistema-floral-de-saint-germain-tem-inicio-no-dia-184-no-recife","status":"publish","type":"post","link":"https:\/\/portalfloresnoar.com\/floresnoar\/agenda-pe-formacao-no-sistema-floral-de-saint-germain-tem-inicio-no-dia-184-no-recife\/","title":{"rendered":"[AGENDA PE] Forma\u00e7\u00e3o no Sistema Floral de Saint Germain tem in\u00edcio no dia 16\/5 no Recife"},"content":{"rendered":"<p><img decoding=\"async\" loading=\"lazy\" class=\"size-full wp-image-23443 alignleft\" src=\"http:\/\/portalfloresnoar.com\/floresnoar\/wp-content\/uploads\/2016\/01\/florais-saint-germain-recife.jpg\" alt=\"\" width=\"194\" height=\"259\" \/><\/p>\n<p>A terapeuta e pesquisadora Rosangela Vecchi Bittar ministra no Recife, a partir de 16 de maio de 2020, uma nova turma da Forma\u00e7\u00e3o no Sistema Floral de Saint Germain.<\/p>\n<p>Os Florais de Saint Germain cont\u00eam energias de alta pot\u00eancia vibrat\u00f3ria, de pura Luz, extra\u00eddas de flores que ajudam no desenvolvimento da consci\u00eancia humana, harmonizam os campos mentais, emocionais e efetuam a conex\u00e3o com o Eu Superior, a consci\u00eancia maior. S\u00e3o florais que induzem ao autoconhecimento, proporcionando a eleva\u00e7\u00e3o da consci\u00eancia.<\/p>\n<p>Rosangela Vecchi Bittar \u00e9 pesquisadora, palestrante, especialista em Terapia Floral pelo UFPE, Aromaterapeuta, Mestre em Reiki, koreo acupuntura, cromoterapeuta. Possui diversos<strong>\u00a0<a href=\"http:\/\/equilibriofloralsaude.com\/Publicacoes.aspx?tema=6538\" target=\"_blank\" rel=\"noopener\">livros publicados<\/a><\/strong>.<\/p>\n<p>CONTE\u00daDO PROGRAM\u00c1TICO DO CURSO<\/p>\n<p>* Hist\u00f3rico, Dr. Bach o que s\u00e3o as ess\u00eancias florais, benef\u00edcios, e os princ\u00edpios da Terapia Floral, Neide Margonari,<\/p>\n<p>* Abordagem terap\u00eautica: o terapeuta, anamnese, manipula\u00e7\u00e3o, formas de uso, legisla\u00e7\u00e3o, \u00e9tica,<\/p>\n<p>* As Ess\u00eancias Florais do Sistema Floral de Saint Germain e atua\u00e7\u00e3o de cada uma das 89 ess\u00eancias florais e a f\u00f3rmula Leucantha e o Emergencial, coment\u00e1rio sobre as outras f\u00f3rmulas do sistema encontradas prontas. O foco do curso \u00e9 o uso pr\u00e1tico das ess\u00eancias florais individuais e a atua\u00e7\u00e3o como terapeuta floral.<\/p>\n<p>* Estudo da Fisiologia Energ\u00e9tica Estudo dos Chacras : emo\u00e7\u00f5es, desequil\u00edbrios, ess\u00eancias florais de Saint Germain.<\/p>\n<p>* Aula te\u00f3rica sobre o corpo humano, desequil\u00edbrios e processos de adoecimento de acordo com os desequil\u00edbrios mentais e emocionais, psicossom\u00e1tica.<\/p>\n<p>* A quest\u00e3o das cren\u00e7as que afetam as individualidades, autoestima, os florais para desenvolvimento da individualidade. Os tipos de medo e as ess\u00eancias para tratamento ansiedade.<\/p>\n<p>* A espiritualidade e as ess\u00eancias florais (prote\u00e7\u00e3o e limpeza).<\/p>\n<p>* As ess\u00eancias florais para tratamento estresse, depress\u00e3o, ins\u00f4nia. Os aspectos emocionais da dor e quais ess\u00eancias florais s\u00e3o importantes na minimiza\u00e7\u00e3o da dor f\u00edsica.<\/p>\n<p>* Transtornos mentais: P\u00e2nico, esquizofrenia, toc, problemas com drogas e recomenda\u00e7\u00e3o terap\u00eautica com florais<\/p>\n<p>* Os florais para atendimento a crian\u00e7as e quest\u00f5es do envelhecimento.<\/p>\n<p>DATAS:<br \/>\n16 E 17 DE MAIO\u00a0DE 2020<br \/>\n20 E 21 DE JUNHO\u00a0DE 2020<br \/>\n18 E 19 DE JULHO\u00a0DE 2020<br \/>\n15 E 16 DE AGOSTO\u00a0DE 2020<br \/>\n19 E 20 DE SETEMBRO\u00a0DE 2020<br \/>\n03 e 04 DE OUTUBRO DE 2020<\/p>\n<p>LOCAL: Hospital Militar de \u00c1rea do Recife &#8211; HMAR (NETI Escola N\u00facleo de Estudos das Pr\u00e1ticas Integrativas) &#8211; Rua do Pr\u00edncipe, 205, Santo Amaro, Recife.<\/p>\n<p>INVESTIMENTO:<br \/>\nInscri\u00e7\u00e3o R$ 100,00 e 6 parcelas de R$ 420,00<br \/>\nPagamento pelo PagSeguro em at\u00e9 18 vezes no link: https:\/\/pag.ae\/7VRH13rm6<br \/>\nObs.: \u00e0 vista 10% de desconto.<\/p>\n<p><strong>INSCRI\u00c7\u00d5ES E MAIS INFORMA\u00c7\u00d5ES:<\/strong><br \/>\n<strong>E-mail:<\/strong> rosangelaflorais@gmail.com<br \/>\n<strong>WhatsApp:<\/strong> (81) 9 8843-0584<br \/>\n<strong>Site:<\/strong> <a href=\"http:\/\/equilibriofloralsaude.com\/\" target=\"_blank\" rel=\"noopener\">www.equilibriofloralsaude.com<\/a><\/p>\n","protected":false},"excerpt":{"rendered":"<p>A terapeuta e pesquisadora Rosangela Vecchi Bittar ministra no Recife, a partir de 16 de maio de 2020, uma nova turma da Forma\u00e7\u00e3o no Sistema Floral de Saint Germain. Os Florais de Saint Germain cont\u00eam energias de alta pot\u00eancia vibrat\u00f3ria, de pura Luz, extra\u00eddas de flores que ajudam no desenvolvimento da consci\u00eancia humana, harmonizam os [&hellip;]<\/p>\n","protected":false},"author":1,"featured_media":35403,"comment_status":"open","ping_status":"open","sticky":false,"template":"","format":"standard","meta":{"om_disable_all_campaigns":false,"_monsterinsights_skip_tracking":false,"_monsterinsights_sitenote_active":false,"_monsterinsights_sitenote_note":"","_monsterinsights_sitenote_category":0,"footnotes":""},"categories":[8,214],"tags":[167,70,918,890,435],"acf":[],"publishpress_future_action":{"enabled":false,"date":"1969-12-31 21:00:00","action":"","terms":[],"taxonomy":"","browser_timezone_offset":0},"_links":{"self":[{"href":"https:\/\/portalfloresnoar.com\/floresnoar\/wp-json\/wp\/v2\/posts\/37927"}],"collection":[{"href":"https:\/\/portalfloresnoar.com\/floresnoar\/wp-json\/wp\/v2\/posts"}],"about":[{"href":"https:\/\/portalfloresnoar.com\/floresnoar\/wp-json\/wp\/v2\/types\/post"}],"author":[{"embeddable":true,"href":"https:\/\/portalfloresnoar.com\/floresnoar\/wp-json\/wp\/v2\/users\/1"}],"replies":[{"embeddable":true,"href":"https:\/\/portalfloresnoar.com\/floresnoar\/wp-json\/wp\/v2\/comments?post=37927"}],"version-history":[{"count":0,"href":"https:\/\/portalfloresnoar.com\/floresnoar\/wp-json\/wp\/v2\/posts\/37927\/revisions"}],"wp:featuredmedia":[{"embeddable":true,"href":"https:\/\/portalfloresnoar.com\/floresnoar\/wp-json\/wp\/v2\/media\/35403"}],"wp:attachment":[{"href":"https:\/\/portalfloresnoar.com\/floresnoar\/wp-json\/wp\/v2\/media?parent=37927"}],"wp:term":[{"taxonomy":"category","embeddable":true,"href":"https:\/\/portalfloresnoar.com\/floresnoar\/wp-json\/wp\/v2\/categories?post=37927"},{"taxonomy":"post_tag","embeddable":true,"href":"https:\/\/portalfloresnoar.com\/floresnoar\/wp-json\/wp\/v2\/tags?post=37927"}],"curies":[{"name":"wp","href":"https:\/\/api.w.org\/{rel}","templated":true}]}}