

{"id":37919,"date":"2020-03-16T14:47:34","date_gmt":"2020-03-16T17:47:34","guid":{"rendered":"http:\/\/portalfloresnoar.com\/floresnoar\/?p=37919"},"modified":"2020-03-16T14:47:34","modified_gmt":"2020-03-16T17:47:34","slug":"artigos-por-que-nao-agradecer-a-tudo-o-que-esta-acontecendo-aqui-na-italia-e-no-mundo","status":"publish","type":"post","link":"https:\/\/portalfloresnoar.com\/floresnoar\/artigos-por-que-nao-agradecer-a-tudo-o-que-esta-acontecendo-aqui-na-italia-e-no-mundo\/","title":{"rendered":"[ARTIGOS] &#8216;Por que n\u00e3o agradecer a tudo o que est\u00e1 acontecendo aqui na It\u00e1lia e no mundo?&#8217;"},"content":{"rendered":"<figure id=\"attachment_37920\" aria-describedby=\"caption-attachment-37920\" style=\"width: 600px\" class=\"wp-caption aligncenter\"><img decoding=\"async\" loading=\"lazy\" class=\"wp-image-37920\" src=\"http:\/\/portalfloresnoar.com\/floresnoar\/wp-content\/uploads\/2020\/03\/ilustracao-moa-lago.jpg\" alt=\"\" width=\"600\" height=\"444\" srcset=\"https:\/\/portalfloresnoar.com\/floresnoar\/wp-content\/uploads\/2020\/03\/ilustracao-moa-lago.jpg 832w, https:\/\/portalfloresnoar.com\/floresnoar\/wp-content\/uploads\/2020\/03\/ilustracao-moa-lago-300x222.jpg 300w, https:\/\/portalfloresnoar.com\/floresnoar\/wp-content\/uploads\/2020\/03\/ilustracao-moa-lago-768x569.jpg 768w, https:\/\/portalfloresnoar.com\/floresnoar\/wp-content\/uploads\/2020\/03\/ilustracao-moa-lago-700x518.jpg 700w\" sizes=\"(max-width: 600px) 100vw, 600px\" \/><figcaption id=\"caption-attachment-37920\" class=\"wp-caption-text\">Ilustra\u00e7\u00e3o: Moa Lago<\/figcaption><\/figure>\n<p>| <em>Por Zaza Macurana<\/em> |<\/p>\n<p>Gratid\u00e3o por que? T\u00e1 tudo mal!!! A It\u00e1lia est\u00e1 em p\u00e2nico com o CORONA V\u00cdRUS! Como assim gratid\u00e3o? Gratid\u00e3o sim! Afinal a gente colhe o que planta n\u00e9? Se plantamos o mal, que mal h\u00e1 em colher o mal? Gratid\u00e3o n\u00e9? Pelo menos a \u00e1rvore frutificou. N\u00e3o \u00e9 a fruta como objetivo o que importa? Ou \u00e9 o percurso at\u00e9 o objetivo? O homem t\u00e1 longe de ver o percurso da vida como o pr\u00f3prio objetivo em si n\u00e9? Pois bem. O objetivo n\u00e3o deve ser colher, mas plantar, regar, cuidar e adorar a planta, como se fazer isso j\u00e1 fosse colher os frutos.<\/p>\n<p>Por que n\u00e3o agradecer a tudo o que t\u00e1 acontecendo aqui na It\u00e1lia e no mundo? Assim finalmente o mundo est\u00e1 olhando pro pr\u00f3prio mundo. Nunca se olhou pro mundo como um todo como agora! As pessoas est\u00e3o tomando consci\u00eancia de que o mundinho individual n\u00e3o serve mais e que \u00e9 hora de olhar pro Globo. Est\u00e3o se dando conta de que a fome e a guerra que existem em outros pa\u00edses \u00e9 responsabilidade de todos, que um v\u00edrus que nasce aqui pode afetar l\u00e1 e que um pl\u00e1stico que consomem l\u00e1 vem parar na boca do peixe que se come aqui. E vice- versa.<\/p>\n<p>A It\u00e1lia sempre disse aos africanos refugiados: &#8220;volta pro teu pa\u00eds!&#8221; Para homens, mulheres gr\u00e1vidas, crian\u00e7as, velhos&#8230; todos refugiados que chegam aqui muitas vezes \u00f3rf\u00e3os. Mulheres parem filhos durante naufr\u00e1gios super lotados. Pessoas morrem sufocadas, amontoadas umas nas outras nos barcos para fugirem da guerra que a pr\u00f3pria Europa faz l\u00e1 na \u00c1frica por causa de ouro. O europeu adora ouro. Mas odeia negro? O fruto da terra do ouro? Pouco faz a It\u00e1lia permitiu que um barco com mais de mil refugiados afundasse no mar dela, proibindo e amea\u00e7ando de pris\u00e3o quem tentasse ajudar esses seres humanos. E as pessoas aqui nas ruas eram simplesmente de acordo! Ent\u00e3o &#8220;aqui se faz, aqui se paga&#8221;, n\u00e3o era esse o ditado?<\/p>\n<p>Agora s\u00e3o os italianos que ningu\u00e9m quer acolher por causa do corona v\u00edrus.<\/p>\n<p>\u00c9 hora de entendermos que o mundo gira, meu povo! A \u00e1gua do rio que des\u00e1gua no mar cheia de nutrientes do percurso, entra no subsolo do planeta e l\u00e1 corre em veias de sangue e vida de volta ao topo das montanhas de onde volta a descer como rio trazendo todos os nutrientes do mar de volta. A terra \u00e9 um ser vivo! Tudo tem volta! E o objetivo dessa \u00e1gua \u00e9 chegar no mar? Tamb\u00e9m. Mas antes \u00e9 outro. \u00c9 nutrir os seres por onde ela passa; \u00e9 o percurso; \u00e9 o agora; o hoje! E \u00e9 hora de agir, de olhar o planeta como um organismo \u00fanico e n\u00e3o separado em continentes!<\/p>\n<p>Sim. A It\u00e1lia est\u00e1 em alerta sim, as pessoas est\u00e3o esvaziando as prateleiras dos supermercados para estocarem comida em casa por causa da quarentena, est\u00e3o esvaziando as farm\u00e1cias em busca de luvas e m\u00e1scaras. Bela sacada econ\u00f4mica n\u00e9? N\u00e3o se \u00e9 mais permitido entrar em um estabelecimento comercial mais do que duas pessoas ao mesmo tempo, as outras ficam fora conversando a pelo menos 3 metros de dist\u00e2ncia.<\/p>\n<p>Os governantes adoram? Claro. As multinacionais adoram? Claro! Pois \u00e9 tudo um jogo s\u00f3rdido daqueles a quem n\u00f3s mesmos delegamos a responsabilidade das nossas pr\u00f3prias vidas. Parab\u00e9ns para n\u00f3s e a nossa covardia em n\u00e3o sermos auto-respons\u00e1veis. Por que existe sim alerta! Existem sim milhares de pessoas contaminadas pelo corona.<\/p>\n<p>Mas o problema concreto \u00e9 1% de todo esse caos estabelecido. Por que os mortos s\u00e3o poucos. E esses poucos s\u00e3o idosos de 80\/90 anos, ou pessoas que j\u00e1 tinham problemas graves de sa\u00fade, ou doen\u00e7as em estado terminal.<\/p>\n<p>S\u00e3o 2, 3, sei l\u00e1, 4 mortos a cada a cada 1000 contaminados. Quem est\u00e1 bem n\u00e3o corre tanto risco como se divulga! O corona \u00e9 um v\u00edrus fraco, pouco resistente, segundo os cientistas, os cientistas de bem n\u00e9? A \u00fanica diferen\u00e7a \u00e9 que o corona se propaga r\u00e1pido, principalmente no frio. E a It\u00e1lia est\u00e1 no auge do inverno. E a It\u00e1lia \u00e9 cheia de idosos pra l\u00e1 de 90 anos. Ent\u00e3o isso s\u00f3 ajuda as m\u00eddias a inflamarem mais o medo. Basta tomarmos algumas medidas, pois o corona n\u00e3o resiste a um monte de coisas.<\/p>\n<p>O resto \u00e9 drama, trag\u00e9dia, histeria, sensacionalismo pra alimentar uma m\u00e1quina perversa que teima em conspirar contra n\u00f3s e a favor da pr\u00f3pria &#8220;vit\u00f3ria&#8221;! Vit\u00f3ria? Oi!!! Um tirano que escraviza seu povo \u00e9 o pr\u00f3prio escravo de si. Ele precisa dos seus servos se n\u00e3o ele n\u00e3o pr\u00f3spera! Ele sim que precisa de ajuda e liberta\u00e7\u00e3o, coitado! Ent\u00e3o reconhecer quem ou o que nos serve \u00e9 fundamental. E n\u00e3o fazemos isso com a natureza ao nosso redor n\u00e3o \u00e9 mesmo? Estamos matando ela e na falta dela olhem a\u00ed: estamos morrendo tamb\u00e9m.<\/p>\n<p>Mas pra qu\u00ea todo este alarde se isso ainda n\u00e3o \u00e9 nem o come\u00e7o de um fim do mundo que tanto se profetiza? \u00c9 s\u00f3 uma gripezinha, um espirro! Mas a situa\u00e7\u00e3o aqui \u00e9 muito mais, mas muito mais mesmo, de desestabilidade emocional da popula\u00e7\u00e3o.<\/p>\n<p>As pessoas est\u00e3o em estado de choque, de p\u00e2nico, uma histeria generalizada, falta de uma trouxa de roupa pra lavar, de uma enxada pra capinar. O medo foi implantado pela pol\u00edtica, pelas redes sociais, pela m\u00eddia. As cidades est\u00e3o desertas, as pol\u00edcias nas ruas perguntando aos raros passantes por que eles n\u00e3o est\u00e3o em casa de quarentena. As pessoas choram horrores em casa com medo de morrer. Claro n\u00e9? Afinal N\u00e3o est\u00e3o vivendo a vida. \u00d3bvio ent\u00e3o! A\u00ed quando a morte vem naquele voozinho rasante dela dizendo no seu auto-falante tipo Xuxa: &#8220;Oi galerinhaaaaa! T\u00f4 aqui s\u00f3 dando aquela passadinha pra ver quem t\u00e1 prontooooo!&#8221; A\u00ed todo baixinho borra as cal\u00e7as n\u00e9? E finalmente se pergunta com profundidade: &#8220;ser\u00e1 minha hora?&#8221; Tua hora? Tua hora, crian\u00e7a, \u00e9 toda hora! J\u00e1 faz tempo voc\u00ea come\u00e7ou a morrer! Foi mainha parir que teu cron\u00f4metro foi acionado! Corra, ser humano! Escape! Depressa! V\u00e1 viver! Corra! Mas tome consci\u00eancia de cada passo da sua corrida por viver. Por que foi por causa desse corre-corre desenfreado, fren\u00e9tico e hist\u00e9rico, que n\u00f3s esquecemos que chegar n\u00e3o \u00e9 o objetivo dessa viagem, a\u00ed desatentos pisamos pedrinhas, florzinhas, formiginhas, mendigos, negros, mulheres, gays, pobres, ou seja: os di-fe-ren-tes! E chegamos onde chegamos!<\/p>\n<p>Ent\u00e3o, dessa vez, quando correr pra viver a segunda chance que a morte est\u00e1 te dando, procura fazer DI-FE-REN-TE! Entendesse? Por que respeito \u00e9 bom e a natureza gosta! E diferen\u00e7a \u00e9 o sobrenome dela! N\u00e3o b\u00f3le com ela que on\u00e7a n\u00e3o tem medo de vara curta! S\u00f3 contempla! S\u00f3 cuida! Respeita! Respira! Vive! Pra quando a morte chegar, voc\u00ea estar pronto sempre, e sempre satisfeito. Ela s\u00f3 leva quem j\u00e1 cumpriu o que deveria. E quem n\u00e3o deve n\u00e3o teme n\u00e9? E ela te leva esteja tu satisfeito ou n\u00e3o, visse? Aproveita que Deus n\u00e3o diz nunca que dia exato a gente morre! Aproveita! Por que Ele faz isso que \u00e9 pra gente aprender a viver satisfeitos 24 horas. Pois a morte vai chegar a qualquer hora. E s\u00f3 existem dois tipos de pessoas que podem ser infectadas pelo corona: as com medo e as sem medo. Se ele tiver de vir vir\u00e1. S\u00f3 que essas pessoas v\u00e3o responder de formas bem diferentes. A primeira vai desesperadamente acelerar a morte, a segunda vai estar calmamente tentando resolver, se n\u00e3o resolver, paci\u00eancia gente! \u00c9 a vida! morrer\u00e1 resiliente, tranquila, far\u00e1 uma Bella passagem. Que assim seja! Como diz um amigo: &#8220;se devemos morrer, que morramos com eleg\u00e2ncia!&#8221;<\/p>\n<p>Viver o agora \u00e9 o \u00fanico objetivo a cumprir. Os outros pode ser que voc\u00ea cumpra ou n\u00e3o. Ou talvez ser\u00e3o tarefa das pr\u00f3ximas gera\u00e7\u00f5es. Mas \u00e9 um talvez, um grande talvez chato que s\u00f3! Por que A \u00fanica certeza que temos mesmo de que tarefa podemos realmente cumprir \u00e9 a tarefa do viver o aqui e o agora e o agora&#8230; S\u00f3 o agora nos pertence! Eu n\u00e3o estou nessa onda de estresse e medo do Corona. Estou bem aqui na It\u00e1lia! T\u00e1 tudo bem! T\u00e1 tudo lindo, maravilhoso, o inverno mais quentinho que j\u00e1 vivi aqui. Com esse calor fora de hora as flores da primavera est\u00e3o se antecipando, dando aquele toque majestoso que nem Van Gogh, pobre homem, sabe dar.<\/p>\n<p>Entrar nessa onda de medo \u00e9 ceder demais a esse jogo corrupto e sujo que uma corpora\u00e7\u00e3o de gente grande e poderosa est\u00e1 fazendo com os homens. Existe um plano perverso por tr\u00e1s de tudo isso sim. Mas n\u00e3o desanimemos, nem fiquemos furiosos. Este plano perverso na verdade est\u00e1 pegando carona mesmo \u00e9 num plano divino muito maior! O de dar um pux\u00e3ozinho de orelha na humanidade! Sim! Para deixarmos de teimosia em n\u00e3o querermos ver o mundo como um todo.<\/p>\n<p>Ent\u00e3o no meio de todo esse caos vejo muita gente falar da d\u00edvida que temos perante a natureza! Olha a\u00ed que lindo? \u00c9 Deus agindo o n\u00e3o \u00e9? Isso \u00e9 lindooooooo! Nunca se falou tanto no mal que tem sido feito com mam\u00e3e Terra como neste exato momento! Todo mundo envergonhado, se dando conta que um mal nasceu na China e veio at\u00e9 aqui. E quantos males fazemos que vai desembocar em outro continente e cultura que desconhecemos, di-fe-ren-tes? \u00c9 hora de se ajoelhar, beijar o ch\u00e3o que pisa, pedindo perd\u00e3o por tudo que n\u00f3s e nossos semelhantes fizemos contra nossa m\u00e3e! \u00c9 p\u00eaia, meu velho! \u00c9 p\u00eaia pro ser humano parar de maltratar quem lhe d\u00e1 leite na teta, se n\u00e3o vai vir coisa muito pior por a\u00ed. Esse corona \u00e9 s\u00f3 um avisozinho de leve! O tempo que as pessoas est\u00e3o dando ao p\u00e2nico deveriam simplesmente aproveitar que est\u00e3o em quarentena com os parentes em casa para vive-los ao m\u00e1ximo antes que a vida acabe.<\/p>\n<p>Tomando chazinhos e sopas juntos de duas em duas horas, cuidando da higiene da casa e do corpo e rindo, rindo muito, se reconectando com a fam\u00edlia e Deus, rezando juntos pra que naquela porta a senhora morte n\u00e3o venha bater, mas que se vier, que ela nos leve felizes, e n\u00e3o pr\u00e9-mutilados pelo nosso medo e histeria antecipados, como verduras pre-cozidas que compramos num supermercado pra facilitar nossa culin\u00e1ria. Vamo dar um trabalhinho pra &#8220;comadre morte&#8221; n\u00e9, poxa? Ela n\u00e3o gosta das coisas f\u00e1ceis.<\/p>\n<p>Ent\u00e3o no meio de tudo isso eu t\u00f4 bem sim. E grato! \u00c9 um dever estar bem! \u00c9 a melhor forma que tenho para agradecer a natureza! Afinal, quem n\u00e3o deve n\u00e3o teme!<\/p>\n","protected":false},"excerpt":{"rendered":"<p>| Por Zaza Macurana | Gratid\u00e3o por que? T\u00e1 tudo mal!!! A It\u00e1lia est\u00e1 em p\u00e2nico com o CORONA V\u00cdRUS! Como assim gratid\u00e3o? Gratid\u00e3o sim! Afinal a gente colhe o que planta n\u00e9? Se plantamos o mal, que mal h\u00e1 em colher o mal? Gratid\u00e3o n\u00e9? Pelo menos a \u00e1rvore frutificou. N\u00e3o \u00e9 a fruta [&hellip;]<\/p>\n","protected":false},"author":1,"featured_media":37920,"comment_status":"open","ping_status":"open","sticky":false,"template":"","format":"standard","meta":{"om_disable_all_campaigns":false,"_monsterinsights_skip_tracking":false,"_monsterinsights_sitenote_active":false,"_monsterinsights_sitenote_note":"","_monsterinsights_sitenote_category":0,"footnotes":""},"categories":[10],"tags":[499,319,916,247,154,27],"acf":[],"publishpress_future_action":{"enabled":false,"date":"1969-12-31 21:00:00","action":"","terms":[],"taxonomy":"","browser_timezone_offset":0},"_links":{"self":[{"href":"https:\/\/portalfloresnoar.com\/floresnoar\/wp-json\/wp\/v2\/posts\/37919"}],"collection":[{"href":"https:\/\/portalfloresnoar.com\/floresnoar\/wp-json\/wp\/v2\/posts"}],"about":[{"href":"https:\/\/portalfloresnoar.com\/floresnoar\/wp-json\/wp\/v2\/types\/post"}],"author":[{"embeddable":true,"href":"https:\/\/portalfloresnoar.com\/floresnoar\/wp-json\/wp\/v2\/users\/1"}],"replies":[{"embeddable":true,"href":"https:\/\/portalfloresnoar.com\/floresnoar\/wp-json\/wp\/v2\/comments?post=37919"}],"version-history":[{"count":0,"href":"https:\/\/portalfloresnoar.com\/floresnoar\/wp-json\/wp\/v2\/posts\/37919\/revisions"}],"wp:featuredmedia":[{"embeddable":true,"href":"https:\/\/portalfloresnoar.com\/floresnoar\/wp-json\/wp\/v2\/media\/37920"}],"wp:attachment":[{"href":"https:\/\/portalfloresnoar.com\/floresnoar\/wp-json\/wp\/v2\/media?parent=37919"}],"wp:term":[{"taxonomy":"category","embeddable":true,"href":"https:\/\/portalfloresnoar.com\/floresnoar\/wp-json\/wp\/v2\/categories?post=37919"},{"taxonomy":"post_tag","embeddable":true,"href":"https:\/\/portalfloresnoar.com\/floresnoar\/wp-json\/wp\/v2\/tags?post=37919"}],"curies":[{"name":"wp","href":"https:\/\/api.w.org\/{rel}","templated":true}]}}